{"id":2513,"date":"2012-11-21T09:51:23","date_gmt":"2012-11-21T12:51:23","guid":{"rendered":"http:\/\/www.ifbaiano.edu.br\/unidades\/santaines\/?p=2513"},"modified":"2012-11-21T17:10:52","modified_gmt":"2012-11-21T20:10:52","slug":"campus-santa-ines-recebe-representante-da-secult-para-oficina","status":"publish","type":"post","link":"https:\/\/www.ifbaiano.edu.br\/unidades\/santaines\/campus-santa-ines-recebe-representante-da-secult-para-oficina\/","title":{"rendered":"Campus Santa In\u00eas recebe representante da SECULT para Oficina"},"content":{"rendered":"<p>Em Dezembro, a Secult\/BA publicar\u00e1 os Editais do Fundo de Cultura da Bahia 2013.\u00a0Ser\u00e3o aproximadamente 30 milh\u00f5es de reais destinados ao Financiamento de projetos culturais, distribu\u00eddos em 19 Editais tem\u00e1ticos, confira:<\/p>\n<p>Economia Criativa, Projetos Estrat\u00e9gicos em Cultura, Forma\u00e7\u00e3o e Qualifica\u00e7\u00e3o em Cultura, Culturas Digitais, Territ\u00f3rios Culturais, Dinamiza\u00e7\u00e3o de Espa\u00e7os Culturais P\u00fablicos ou Privados, Culturas Populares, Culturas Identit\u00e1rias, Publica\u00e7\u00e3o de Livros por Editoras Baianas, Restaura\u00e7\u00e3o e Digitaliza\u00e7\u00e3o de Acervos Arquiv\u00edsticos Privados, Museus, Patrim\u00f4nio Cultural, Arquitetura e Urbanismo, Artes Visuais, Audiovisual, Circo, Dan\u00e7a, Teatro, Literatura, M\u00fasica, Demanda Espont\u00e2nea. As inscri\u00e7\u00f5es de projetos ser\u00e3o no per\u00edodo de 03 de Dezembro de 2012 a 17 de Janeiro de 2013. Podem inscrever Projetos Pessoas F\u00edsicas: artistas, artes\u00e3os, mestres, professores, produtores, pesquisadores, estudiosos, poetas, escritores e demais agentes do campo da cultura; Pessoas Jur\u00eddicas de Direito Privado que tenham por objeto o exerc\u00edcio de atividades na \u00e1rea cultural: associa\u00e7\u00f5es, cooperativas, funda\u00e7\u00f5es privadas, organiza\u00e7\u00f5es da sociedade civil de interesse p\u00fablico (OSCIPs), organiza\u00e7\u00f5es n\u00e3o governamentais (ONGs), organiza\u00e7\u00f5es sociais, sindicatos, empresas; Pessoas Jur\u00eddicas de Direito P\u00fablico (Universidades) no Edital de Forma\u00e7\u00e3o e Qualifica\u00e7\u00e3o em Cultura. Plutarco Drummond, Representante Territorial de Cultura do Vale do Jiquiri\u00e7\u00e1 SECULT, SUDECULT, realizar\u00e1 as oficinas entre os dias 19 de novembro e 7 de dezembro, para aqueles munic\u00edpios e Institui\u00e7\u00f5es do Vale Do Jiquiri\u00e7\u00e1 que solicitarem. O material did\u00e1tico e a media\u00e7\u00e3o da oficina estar\u00e1 a cargo da SECULT-Ba. Aos munic\u00edpios e Institui\u00e7\u00f5es parceiras \u00e9 solicitado a disponibiliza\u00e7\u00e3o de uma sala para uma turma de aproximadamente 25 pessoas com datashow e apoio para a divulga\u00e7\u00e3o e mobiliza\u00e7\u00e3o de participantes. As oficinas, nesta oportunidade, ter\u00e3o dura\u00e7\u00e3o de 8 horas, sempre das 8 \u00e0s 18 horas, com intervalo de 2 horas para o almo\u00e7o. \u00a0 Algumas datas e locais, afim de estabelecer um marco para o planejamento da agenda de oficinas, para as quais s\u00e3o solicitadas confirma\u00e7\u00e3o: \u00a0 Planaltino (Secretaria de Educa\u00e7\u00e3o) \u00a0 19\/11\/2012 \u00a0 Clube Social de Planaltino \u00a0 Santa In\u00eas (IFBaiano) \u00a0 23\/11\/2012 \u00a0 Audit\u00f3rio do IFBaiano \u00a0 Amargosa (Espa\u00e7o Nordeste) \u00a0 26\/11\/2012 \u00a0 Audit\u00f3rio do Espa\u00e7o Nordeste Amargosa \u00a0 Mutu\u00edpe (Casa de Cultura) \u00a0 30\/11\/2012 \u00a0 Casa de Cultura de Mutu\u00edpe \u00a0 Lafaiete Coutinho (Secretaria de Educa\u00e7\u00e3o) \u00a0 07\/12\/2012 \u00a0 Creche Tia Lica \u00a0 \u00a0 Em Amargosa, a sugest\u00e3o \u00e9 realizar a oficina em parceria com a UFRB, no CFP ou Casa do Duca. \u00a0 \u00a0 A SECULT solicita confirma\u00e7\u00e3o e agendamento das oficinas o mais breve poss\u00edvel, em fun\u00e7\u00e3o do pouco tempo que resta para mobiliza\u00e7\u00e3o, divulga\u00e7\u00e3o e confec\u00e7\u00e3o do material did\u00e1tico.<\/p>\n<p>&nbsp;<\/p>\n<p>Informa\u00e7\u00f5es:<\/p>\n<p>Plutarco Drummond<\/p>\n<p>Representante Territorial de Cultura do Vale do Jiquiri\u00e7\u00e1<\/p>\n<p>SECULT . SUDECULT<\/p>\n","protected":false},"excerpt":{"rendered":"<p>Em Dezembro, a Secult\/BA publicar\u00e1 os Editais do Fundo de Cultura da Bahia 2013.\u00a0Ser\u00e3o aproximadamente 30 milh\u00f5es de reais destinados ao Financiamento de projetos culturais, distribu\u00eddos em 19 Editais tem\u00e1ticos, confira: Economia Criativa, Projetos Estrat\u00e9gicos em Cultura, Forma\u00e7\u00e3o e Qualifica\u00e7\u00e3o em Cultura, Culturas Digitais, Territ\u00f3rios Culturais, Dinamiza\u00e7\u00e3o de Espa\u00e7os Culturais P\u00fablicos ou Privados, Culturas Populares, [&hellip;]<\/p>\n","protected":false},"author":29,"featured_media":0,"comment_status":"closed","ping_status":"closed","sticky":false,"template":"","format":"standard","meta":[],"categories":[10],"tags":[],"_links":{"self":[{"href":"https:\/\/www.ifbaiano.edu.br\/unidades\/santaines\/wp-json\/wp\/v2\/posts\/2513"}],"collection":[{"href":"https:\/\/www.ifbaiano.edu.br\/unidades\/santaines\/wp-json\/wp\/v2\/posts"}],"about":[{"href":"https:\/\/www.ifbaiano.edu.br\/unidades\/santaines\/wp-json\/wp\/v2\/types\/post"}],"author":[{"embeddable":true,"href":"https:\/\/www.ifbaiano.edu.br\/unidades\/santaines\/wp-json\/wp\/v2\/users\/29"}],"replies":[{"embeddable":true,"href":"https:\/\/www.ifbaiano.edu.br\/unidades\/santaines\/wp-json\/wp\/v2\/comments?post=2513"}],"version-history":[{"count":9,"href":"https:\/\/www.ifbaiano.edu.br\/unidades\/santaines\/wp-json\/wp\/v2\/posts\/2513\/revisions"}],"predecessor-version":[{"id":2518,"href":"https:\/\/www.ifbaiano.edu.br\/unidades\/santaines\/wp-json\/wp\/v2\/posts\/2513\/revisions\/2518"}],"wp:attachment":[{"href":"https:\/\/www.ifbaiano.edu.br\/unidades\/santaines\/wp-json\/wp\/v2\/media?parent=2513"}],"wp:term":[{"taxonomy":"category","embeddable":true,"href":"https:\/\/www.ifbaiano.edu.br\/unidades\/santaines\/wp-json\/wp\/v2\/categories?post=2513"},{"taxonomy":"post_tag","embeddable":true,"href":"https:\/\/www.ifbaiano.edu.br\/unidades\/santaines\/wp-json\/wp\/v2\/tags?post=2513"}],"curies":[{"name":"wp","href":"https:\/\/api.w.org\/{rel}","templated":true}]}}