{"id":2520,"date":"2012-11-21T14:18:57","date_gmt":"2012-11-21T17:18:57","guid":{"rendered":"http:\/\/www.ifbaiano.edu.br\/unidades\/santaines\/?p=2520"},"modified":"2012-11-21T14:18:57","modified_gmt":"2012-11-21T17:18:57","slug":"estudantes-promovem-evento-para-comemorar-o-dia-da-consciencia-negra","status":"publish","type":"post","link":"https:\/\/www.ifbaiano.edu.br\/unidades\/santaines\/estudantes-promovem-evento-para-comemorar-o-dia-da-consciencia-negra\/","title":{"rendered":"Estudantes promovem evento para comemorar o dia da Consci\u00eancia Negra"},"content":{"rendered":"<p>Para celebrar o Dia da Consci\u00eancia Negra, (<strong>20 de novembro*<\/strong>), estudantes do segundo e terceiro ano organizaram um evento cultural aberto ao p\u00fablico na cantina do c\u00e2mpus.<\/p>\n<div id=\"attachment_2526\" style=\"width: 160px\" class=\"wp-caption alignleft\"><a href=\"http:\/\/www.ifbaiano.edu.br\/unidades\/santaines\/files\/2012\/11\/Jonys-Couto-Um-dos-realizadores-do-evento1.jpg\"><img aria-describedby=\"caption-attachment-2526\" decoding=\"async\" loading=\"lazy\" class=\"size-thumbnail wp-image-2526\" src=\"http:\/\/www.ifbaiano.edu.br\/unidades\/santaines\/files\/2012\/11\/Jonys-Couto-Um-dos-realizadores-do-evento1-150x150.jpg\" alt=\"\" width=\"150\" height=\"150\" \/><\/a><p id=\"caption-attachment-2526\" class=\"wp-caption-text\">Jonys Couto - Um dos realizadores do evento<\/p><\/div>\n<p>Durante o evento, foram exibidos v\u00eddeos com mensagens sobre o racismo e sobre a hist\u00f3ria do afrodescendente no Brasil, al\u00e9m de uma apresenta\u00e7\u00e3o em slides de figuras ilustres que compuseram a hist\u00f3ria do pa\u00eds.<\/p>\n<p>Professores contribu\u00edram com o evento deixando suas reflex\u00f5es sobre o assunto. O professor e Diretor Geral, Nelson Filho, falou da import\u00e2ncia de lembrar que o dia da Consci\u00eancia Negra deve ser todos os dias, e n\u00e3o somente naquela data. O professor Carlos Magno e a professora Arlene Malta<\/p>\n<div id=\"attachment_2538\" style=\"width: 130px\" class=\"wp-caption alignright\"><a href=\"http:\/\/www.ifbaiano.edu.br\/unidades\/santaines\/files\/2012\/11\/Professores-Carlos-Magno-e-Arlene-Malta-colaboram-com-reflexoes1.jpg\"><img aria-describedby=\"caption-attachment-2538\" decoding=\"async\" loading=\"lazy\" class=\"size-thumbnail wp-image-2538 \" src=\"http:\/\/www.ifbaiano.edu.br\/unidades\/santaines\/files\/2012\/11\/Professores-Carlos-Magno-e-Arlene-Malta-colaboram-com-reflexoes1-150x150.jpg\" alt=\"\" width=\"120\" height=\"120\" \/><\/a><p id=\"caption-attachment-2538\" class=\"wp-caption-text\">Professores Carlos Magno e Arlene Malta colaboram com reflex\u00f5es<\/p><\/div>\n<p>exaltaram a import\u00e2ncia da reflex\u00e3o sobre assuntos que envolvam os afrodescendentes, e brevemente explanaram, dentre tantas outras coisas, sobre a import\u00e2ncia e o porque das cotas raciais. A professora Arlene ainda concluiu que a luta deve ser n\u00e3o pelo direito de todos serem iguais, mas de poderem ser diferentes, com direitos iguais. O professor Sebasti\u00e3o Oliveira trouxe para discuss\u00e3o nomes de outras figuras ilustres da cultura brasileira pouco lembrados mas de grande import\u00e2ncia para a nossa forma\u00e7\u00e3o.<\/p>\n<div id=\"attachment_2527\" style=\"width: 130px\" class=\"wp-caption alignleft\"><a href=\"http:\/\/www.ifbaiano.edu.br\/unidades\/santaines\/files\/2012\/11\/Romildo-e-Pacheco-apresentam-se-juntos.jpg\"><img aria-describedby=\"caption-attachment-2527\" decoding=\"async\" loading=\"lazy\" class=\"size-thumbnail wp-image-2527 \" src=\"http:\/\/www.ifbaiano.edu.br\/unidades\/santaines\/files\/2012\/11\/Romildo-e-Pacheco-apresentam-se-juntos-150x150.jpg\" alt=\"\" width=\"120\" height=\"120\" \/><\/a><p id=\"caption-attachment-2527\" class=\"wp-caption-text\">Romildo e Pacheco apresentam-se juntos<\/p><\/div>\n<div id=\"attachment_2535\" style=\"width: 130px\" class=\"wp-caption alignright\"><a href=\"http:\/\/www.ifbaiano.edu.br\/unidades\/santaines\/files\/2012\/11\/Professor-Jose-Maria-canta-e-tambem-faz-sua-analise-sobre-a-data1.jpg\"><img aria-describedby=\"caption-attachment-2535\" decoding=\"async\" loading=\"lazy\" class=\"size-thumbnail wp-image-2535 \" src=\"http:\/\/www.ifbaiano.edu.br\/unidades\/santaines\/files\/2012\/11\/Professor-Jose-Maria-canta-e-tambem-faz-sua-analise-sobre-a-data1-150x150.jpg\" alt=\"\" width=\"120\" height=\"120\" \/><\/a><p id=\"caption-attachment-2535\" class=\"wp-caption-text\">Professor Jos\u00e9 Maria canta e tamb\u00e9m faz sua an\u00e1lise sobre a data<\/p><\/div>\n<p>Ainda outros professores e t\u00e9cnicos contribu\u00edram no evento com reflex\u00f5es e m\u00fasicas, como o professor Jos\u00e9 Maria, Ricardo Pacheco e Romilson de Souza.<\/p>\n<p>&nbsp;<\/p>\n<p>*Esta data foi estabelecida pelo projeto lei n\u00famero 10.639, no dia 9 de janeiro de 2003. Foi escolhida a data de 20 de novembro, pois foi neste dia, no ano de 1695, que morreu Zumbi, l\u00edder do Quilombo dos Palmares.<\/p>\n","protected":false},"excerpt":{"rendered":"<p>Para celebrar o Dia da Consci\u00eancia Negra, (20 de novembro*), estudantes do segundo e terceiro ano organizaram um evento cultural aberto ao p\u00fablico na cantina do c\u00e2mpus. Durante o evento, foram exibidos v\u00eddeos com mensagens sobre o racismo e sobre a hist\u00f3ria do afrodescendente no Brasil, al\u00e9m de uma apresenta\u00e7\u00e3o em slides de figuras ilustres [&hellip;]<\/p>\n","protected":false},"author":29,"featured_media":0,"comment_status":"closed","ping_status":"closed","sticky":false,"template":"","format":"standard","meta":[],"categories":[10],"tags":[],"_links":{"self":[{"href":"https:\/\/www.ifbaiano.edu.br\/unidades\/santaines\/wp-json\/wp\/v2\/posts\/2520"}],"collection":[{"href":"https:\/\/www.ifbaiano.edu.br\/unidades\/santaines\/wp-json\/wp\/v2\/posts"}],"about":[{"href":"https:\/\/www.ifbaiano.edu.br\/unidades\/santaines\/wp-json\/wp\/v2\/types\/post"}],"author":[{"embeddable":true,"href":"https:\/\/www.ifbaiano.edu.br\/unidades\/santaines\/wp-json\/wp\/v2\/users\/29"}],"replies":[{"embeddable":true,"href":"https:\/\/www.ifbaiano.edu.br\/unidades\/santaines\/wp-json\/wp\/v2\/comments?post=2520"}],"version-history":[{"count":14,"href":"https:\/\/www.ifbaiano.edu.br\/unidades\/santaines\/wp-json\/wp\/v2\/posts\/2520\/revisions"}],"predecessor-version":[{"id":2542,"href":"https:\/\/www.ifbaiano.edu.br\/unidades\/santaines\/wp-json\/wp\/v2\/posts\/2520\/revisions\/2542"}],"wp:attachment":[{"href":"https:\/\/www.ifbaiano.edu.br\/unidades\/santaines\/wp-json\/wp\/v2\/media?parent=2520"}],"wp:term":[{"taxonomy":"category","embeddable":true,"href":"https:\/\/www.ifbaiano.edu.br\/unidades\/santaines\/wp-json\/wp\/v2\/categories?post=2520"},{"taxonomy":"post_tag","embeddable":true,"href":"https:\/\/www.ifbaiano.edu.br\/unidades\/santaines\/wp-json\/wp\/v2\/tags?post=2520"}],"curies":[{"name":"wp","href":"https:\/\/api.w.org\/{rel}","templated":true}]}}