{"id":25240,"date":"2025-09-08T16:25:16","date_gmt":"2025-09-08T19:25:16","guid":{"rendered":"https:\/\/www.ifbaiano.edu.br\/unidades\/santaines\/?p=25240"},"modified":"2025-09-08T16:25:16","modified_gmt":"2025-09-08T19:25:16","slug":"if-baiano-e-prefeitura-de-santa-ines-discutem-parceria-para-especializacao-em-eja","status":"publish","type":"post","link":"https:\/\/www.ifbaiano.edu.br\/unidades\/santaines\/if-baiano-e-prefeitura-de-santa-ines-discutem-parceria-para-especializacao-em-eja\/","title":{"rendered":"IF Baiano e Prefeitura de Santa In\u00eas discutem parceria para Especializa\u00e7\u00e3o em EJA"},"content":{"rendered":"\n<p>O Instituto Federal Baiano (IF Baiano) \u2013 Campus Santa In\u00eas e a Prefeitura Municipal de Santa In\u00eas deram um passo importante na \u00faltima sexta-feira, 05 de setembro, ao se reunirem para alinhar os termos de uma futura parceria. O objetivo \u00e9 a oferta de uma turma de Especializa\u00e7\u00e3o em Educa\u00e7\u00e3o de Jovens e Adultos (EJA) Articulada \u00e0 Educa\u00e7\u00e3o Profissional, direcionada exclusivamente aos profissionais da cidade.<\/p>\n\n\n\n<figure class=\"wp-block-image size-large\"><a href=\"https:\/\/www.ifbaiano.edu.br\/unidades\/santaines\/files\/2025\/09\/9458-Sec-Educacao.webp\"><img decoding=\"async\" loading=\"lazy\" width=\"1024\" height=\"478\" src=\"https:\/\/www.ifbaiano.edu.br\/unidades\/santaines\/files\/2025\/09\/9458-Sec-Educacao-1024x478.webp\" alt=\"\" class=\"wp-image-25241\" srcset=\"https:\/\/www.ifbaiano.edu.br\/unidades\/santaines\/files\/2025\/09\/9458-Sec-Educacao-1024x478.webp 1024w, https:\/\/www.ifbaiano.edu.br\/unidades\/santaines\/files\/2025\/09\/9458-Sec-Educacao-300x140.webp 300w, https:\/\/www.ifbaiano.edu.br\/unidades\/santaines\/files\/2025\/09\/9458-Sec-Educacao-768x359.webp 768w, https:\/\/www.ifbaiano.edu.br\/unidades\/santaines\/files\/2025\/09\/9458-Sec-Educacao-1536x717.webp 1536w, https:\/\/www.ifbaiano.edu.br\/unidades\/santaines\/files\/2025\/09\/9458-Sec-Educacao-100x47.webp 100w, https:\/\/www.ifbaiano.edu.br\/unidades\/santaines\/files\/2025\/09\/9458-Sec-Educacao.webp 1600w\" sizes=\"(max-width: 1024px) 100vw, 1024px\" \/><\/a><\/figure>\n\n\n\n<p>O encontro, realizado na sala de reuni\u00f5es do pavilh\u00e3o administrativo do campus, contou com a participa\u00e7\u00e3o de importantes figuras de ambas as institui\u00e7\u00f5es. Pelo IF Baiano, estiveram presentes a Diretora-geral do Campus Santa In\u00eas, Genilda Lima, seu Chefe de Gabinete, Oz\u00e9ias Silva, e a Coordenadora do Curso de P\u00f3s-gradua\u00e7\u00e3o em EJA do campus, Patr\u00edcia Pena. A Secretaria Municipal de Educa\u00e7\u00e3o de Santa In\u00eas foi representada pela Secret\u00e1ria Ana Vit\u00f3ria Cardoso e pelo Diretor de Departamento, Julival Novaes.<\/p>\n\n\n\n<p>A Diretora-geral Genilda Lima classificou o momento como &#8220;bastante produtivo&#8221;, destacando o alinhamento da proposta que busca atender \u00e0 demanda local por forma\u00e7\u00e3o continuada na \u00e1rea de EJA. Ela ressaltou a relev\u00e2ncia de iniciativas como esta:<\/p>\n\n\n\n<p>\u201c\u00c9 uma grande alegria receber representantes do munic\u00edpio em nosso campus. Este encontro refor\u00e7a a import\u00e2ncia da parceria entre o IF Baiano e a Prefeitura Municipal, sendo um exemplo do nosso compromisso com a educa\u00e7\u00e3o de qualidade e inclusiva. Estamos confiantes de que a oferta dessa especializa\u00e7\u00e3o em EJA trar\u00e1 benef\u00edcios significativos para nossa comunidade. Juntos, fortalecemos a educa\u00e7\u00e3o de jovens e adultos e promovemos oportunidades de forma\u00e7\u00e3o que realmente transformam vidas!\u201d<\/p>\n\n\n\n<p>Com a formaliza\u00e7\u00e3o da parceria, o IF Baiano e a Prefeitura Municipal de Santa In\u00eas esperam consolidar mais um marco para a educa\u00e7\u00e3o local, qualificando profissionais e ampliando as oportunidades educacionais para jovens e adultos da regi\u00e3o.<\/p>\n\n\n\n<hr class=\"wp-block-separator has-alpha-channel-opacity\" \/>\n","protected":false},"excerpt":{"rendered":"<p>O Instituto Federal Baiano (IF Baiano) \u2013 Campus Santa In\u00eas e a Prefeitura Municipal de Santa In\u00eas deram um passo importante na \u00faltima sexta-feira, 05 de setembro, ao se reunirem para alinhar os termos de uma futura parceria. O objetivo \u00e9 a oferta de uma turma de Especializa\u00e7\u00e3o em Educa\u00e7\u00e3o de Jovens e Adultos (EJA) [&hellip;]<\/p>\n","protected":false},"author":86,"featured_media":25241,"comment_status":"closed","ping_status":"closed","sticky":false,"template":"","format":"standard","meta":[],"categories":[4,5,57],"tags":[],"_links":{"self":[{"href":"https:\/\/www.ifbaiano.edu.br\/unidades\/santaines\/wp-json\/wp\/v2\/posts\/25240"}],"collection":[{"href":"https:\/\/www.ifbaiano.edu.br\/unidades\/santaines\/wp-json\/wp\/v2\/posts"}],"about":[{"href":"https:\/\/www.ifbaiano.edu.br\/unidades\/santaines\/wp-json\/wp\/v2\/types\/post"}],"author":[{"embeddable":true,"href":"https:\/\/www.ifbaiano.edu.br\/unidades\/santaines\/wp-json\/wp\/v2\/users\/86"}],"replies":[{"embeddable":true,"href":"https:\/\/www.ifbaiano.edu.br\/unidades\/santaines\/wp-json\/wp\/v2\/comments?post=25240"}],"version-history":[{"count":1,"href":"https:\/\/www.ifbaiano.edu.br\/unidades\/santaines\/wp-json\/wp\/v2\/posts\/25240\/revisions"}],"predecessor-version":[{"id":25242,"href":"https:\/\/www.ifbaiano.edu.br\/unidades\/santaines\/wp-json\/wp\/v2\/posts\/25240\/revisions\/25242"}],"wp:featuredmedia":[{"embeddable":true,"href":"https:\/\/www.ifbaiano.edu.br\/unidades\/santaines\/wp-json\/wp\/v2\/media\/25241"}],"wp:attachment":[{"href":"https:\/\/www.ifbaiano.edu.br\/unidades\/santaines\/wp-json\/wp\/v2\/media?parent=25240"}],"wp:term":[{"taxonomy":"category","embeddable":true,"href":"https:\/\/www.ifbaiano.edu.br\/unidades\/santaines\/wp-json\/wp\/v2\/categories?post=25240"},{"taxonomy":"post_tag","embeddable":true,"href":"https:\/\/www.ifbaiano.edu.br\/unidades\/santaines\/wp-json\/wp\/v2\/tags?post=25240"}],"curies":[{"name":"wp","href":"https:\/\/api.w.org\/{rel}","templated":true}]}}