{"id":25246,"date":"2025-09-10T20:32:29","date_gmt":"2025-09-10T23:32:29","guid":{"rendered":"https:\/\/www.ifbaiano.edu.br\/unidades\/santaines\/?p=25246"},"modified":"2025-09-10T20:32:30","modified_gmt":"2025-09-10T23:32:30","slug":"if-baiano-participa-do-iv-encontro-baiano-de-bibliotecas-universitarias-publicas","status":"publish","type":"post","link":"https:\/\/www.ifbaiano.edu.br\/unidades\/santaines\/if-baiano-participa-do-iv-encontro-baiano-de-bibliotecas-universitarias-publicas\/","title":{"rendered":"IF Baiano participa do IV Encontro Baiano de Bibliotecas Universit\u00e1rias P\u00fablicas"},"content":{"rendered":"\n<p>Com o tema \u201cPopulariza\u00e7\u00e3o da Ci\u00eancia: contribui\u00e7\u00f5es da biblioteca como territ\u00f3rio de extens\u00e3o e saberes compartilhados\u201d, o encontro pretende discutir os desafios e perspectivas das bibliotecas universit\u00e1rias frente \u00e0s demandas atuais da sociedade, al\u00e9m de destacar esses espa\u00e7os como centros de acesso ao conhecimento e de di\u00e1logo com a comunidade.<br><br>As inscri\u00e7\u00f5es s\u00e3o destinadas tanto a quem deseja participar da programa\u00e7\u00e3o do encontro quanto a quem pretende submeter trabalhos cient\u00edficos. Os interessados podem se inscrever at\u00e9 o dia 20 de outubro de 2025,&nbsp;<a href=\"https:\/\/suap.ifba.edu.br\/eventos\/inscricao_publica\/454\/\" target=\"_blank\" rel=\"noreferrer noopener\">por meio do SUAP<\/a>.<\/p>\n\n\n\n<p>J\u00e1 a submiss\u00e3o de trabalhos deve ser feita pela plataforma&nbsp;<a href=\"https:\/\/www.even3.com.br\/iv-encontro-baiano-de-bibliotecas-universitarias-publicas-608415\/\" target=\"_blank\" rel=\"noreferrer noopener\">Even3<\/a>, at\u00e9 o dia 21 de setembro de 2025. Para que o trabalho seja avaliado, \u00e9 necess\u00e1rio que ao menos um dos autores esteja inscrito no evento.<\/p>\n\n\n\n<p>Os trabalhos submetidos devem se relacionar aos quatro eixos tem\u00e1ticos do encontro:<\/p>\n\n\n\n<ul>\n<li><strong>Ci\u00eancia Aberta<\/strong>&nbsp;(gest\u00e3o de dados, \u00e9tica, direitos autorais e intelig\u00eancia artificial);<\/li>\n\n\n\n<li><strong>Desinforma\u00e7\u00e3o<\/strong>&nbsp;(alfabetiza\u00e7\u00e3o midi\u00e1tica e combate \u00e0s fake news);<\/li>\n\n\n\n<li><strong>Extens\u00e3o Universit\u00e1ria<\/strong>&nbsp;(a\u00e7\u00f5es comunit\u00e1rias, inclus\u00e3o digital e social);<\/li>\n\n\n\n<li><strong>Intelig\u00eancia Artificial<\/strong>&nbsp;(novas tecnologias aplicadas \u00e0 organiza\u00e7\u00e3o e recupera\u00e7\u00e3o da informa\u00e7\u00e3o).<\/li>\n<\/ul>\n\n\n\n<p>De car\u00e1ter t\u00e9cnico-cient\u00edfico, o EBBUP \u00e9 direcionado a profissionais da informa\u00e7\u00e3o, como bibliotec\u00e1rios, arquivistas, documentalistas, t\u00e9cnicos e auxiliares de bibliotecas, al\u00e9m de estudantes e interessados da \u00e1rea. O evento busca aproximar as bibliotecas das institui\u00e7\u00f5es de ensino superior da Bahia, promovendo a troca de experi\u00eancias, pr\u00e1ticas inovadoras e debates sobre o papel das bibliotecas no desenvolvimento acad\u00eamico e social.<\/p>\n\n\n\n<p>Mais informa\u00e7\u00f5es est\u00e3o dispon\u00edveis em:&nbsp;<a href=\"https:\/\/portal.ifba.edu.br\/noticias\/2025\/encontro-baiano-de-bibliotecas-universitarias-publicas-ebbup-recebe-submissao-de-trabalhos-a-partir-do-dia-1o-de-agosto?utm_source=chatgpt.com\">Portal IFBA<\/a><\/p>\n\n\n\n<p>O Instituto Federal Baiano (IF Baiano) participa da IV edi\u00e7\u00e3o do Encontro Baiano de Bibliotecas Universit\u00e1rias P\u00fablicas (EBBUP), que ser\u00e1 realizada de 22 a 24 de outubro de 2025, no Audit\u00f3rio 2 de Julho, na Reitoria do IFBA, em Salvador. O evento \u00e9 promovido pelo Instituto Federal da Bahia (IFBA) e conta ainda com a parceria da Universidade Federal da Bahia (UFBA), por meio do Sistema Universit\u00e1rio de Bibliotecas (SIBI) e do Programa de P\u00f3s-Gradua\u00e7\u00e3o em Ci\u00eancia da Informa\u00e7\u00e3o (PPGCI), e da Universidade do Estado da Bahia (UNEB).<\/p>\n\n\n\n<p>Com o tema \u201cPopulariza\u00e7\u00e3o da Ci\u00eancia: contribui\u00e7\u00f5es da biblioteca como territ\u00f3rio de extens\u00e3o e saberes compartilhados\u201d, o encontro pretende discutir os desafios e perspectivas das bibliotecas universit\u00e1rias frente \u00e0s demandas atuais da sociedade, al\u00e9m de destacar esses espa\u00e7os como centros de acesso ao conhecimento e de di\u00e1logo com a comunidade.<br><br>As inscri\u00e7\u00f5es s\u00e3o destinadas tanto a quem deseja participar da programa\u00e7\u00e3o do encontro quanto a quem pretende submeter trabalhos cient\u00edficos. Os interessados podem se inscrever at\u00e9 o dia 20 de outubro de 2025,&nbsp;<a href=\"https:\/\/suap.ifba.edu.br\/eventos\/inscricao_publica\/454\/\" target=\"_blank\" rel=\"noreferrer noopener\">por meio do SUAP<\/a>.<\/p>\n\n\n\n<p>J\u00e1 a submiss\u00e3o de trabalhos deve ser feita pela plataforma&nbsp;<a href=\"https:\/\/www.even3.com.br\/iv-encontro-baiano-de-bibliotecas-universitarias-publicas-608415\/\" target=\"_blank\" rel=\"noreferrer noopener\">Even3<\/a>, at\u00e9 o dia 21 de setembro de 2025. Para que o trabalho seja avaliado, \u00e9 necess\u00e1rio que ao menos um dos autores esteja inscrito no evento.<\/p>\n\n\n\n<p>Os trabalhos submetidos devem se relacionar aos quatro eixos tem\u00e1ticos do encontro:<\/p>\n\n\n\n<ul>\n<li><strong>Ci\u00eancia Aberta<\/strong>&nbsp;(gest\u00e3o de dados, \u00e9tica, direitos autorais e intelig\u00eancia artificial);<\/li>\n\n\n\n<li><strong>Desinforma\u00e7\u00e3o<\/strong>&nbsp;(alfabetiza\u00e7\u00e3o midi\u00e1tica e combate \u00e0s fake news);<\/li>\n\n\n\n<li><strong>Extens\u00e3o Universit\u00e1ria<\/strong>&nbsp;(a\u00e7\u00f5es comunit\u00e1rias, inclus\u00e3o digital e social);<\/li>\n\n\n\n<li><strong>Intelig\u00eancia Artificial<\/strong>&nbsp;(novas tecnologias aplicadas \u00e0 organiza\u00e7\u00e3o e recupera\u00e7\u00e3o da informa\u00e7\u00e3o).<\/li>\n<\/ul>\n\n\n\n<p>De car\u00e1ter t\u00e9cnico-cient\u00edfico, o EBBUP \u00e9 direcionado a profissionais da informa\u00e7\u00e3o, como bibliotec\u00e1rios, arquivistas, documentalistas, t\u00e9cnicos e auxiliares de bibliotecas, al\u00e9m de estudantes e interessados da \u00e1rea. O evento busca aproximar as bibliotecas das institui\u00e7\u00f5es de ensino superior da Bahia, promovendo a troca de experi\u00eancias, pr\u00e1ticas inovadoras e debates sobre o papel das bibliotecas no desenvolvimento acad\u00eamico e social.<\/p>\n\n\n\n<p>Mais informa\u00e7\u00f5es est\u00e3o dispon\u00edveis em:\u00a0<a href=\"https:\/\/portal.ifba.edu.br\/noticias\/2025\/encontro-baiano-de-bibliotecas-universitarias-publicas-ebbup-recebe-submissao-de-trabalhos-a-partir-do-dia-1o-de-agosto?utm_source=chatgpt.com\">Portal IFBA<\/a><\/p>\n\n\n\n<hr class=\"wp-block-separator has-alpha-channel-opacity\" \/>\n","protected":false},"excerpt":{"rendered":"<p>Interessados podem fazer inscri\u00e7\u00e3o para o evento at\u00e9 20 de outubro; submiss\u00e3o de trabalhos segue aberta at\u00e9 21 de setembro<\/p>\n","protected":false},"author":86,"featured_media":25247,"comment_status":"closed","ping_status":"closed","sticky":false,"template":"","format":"standard","meta":[],"categories":[4,5,57],"tags":[],"_links":{"self":[{"href":"https:\/\/www.ifbaiano.edu.br\/unidades\/santaines\/wp-json\/wp\/v2\/posts\/25246"}],"collection":[{"href":"https:\/\/www.ifbaiano.edu.br\/unidades\/santaines\/wp-json\/wp\/v2\/posts"}],"about":[{"href":"https:\/\/www.ifbaiano.edu.br\/unidades\/santaines\/wp-json\/wp\/v2\/types\/post"}],"author":[{"embeddable":true,"href":"https:\/\/www.ifbaiano.edu.br\/unidades\/santaines\/wp-json\/wp\/v2\/users\/86"}],"replies":[{"embeddable":true,"href":"https:\/\/www.ifbaiano.edu.br\/unidades\/santaines\/wp-json\/wp\/v2\/comments?post=25246"}],"version-history":[{"count":1,"href":"https:\/\/www.ifbaiano.edu.br\/unidades\/santaines\/wp-json\/wp\/v2\/posts\/25246\/revisions"}],"predecessor-version":[{"id":25248,"href":"https:\/\/www.ifbaiano.edu.br\/unidades\/santaines\/wp-json\/wp\/v2\/posts\/25246\/revisions\/25248"}],"wp:featuredmedia":[{"embeddable":true,"href":"https:\/\/www.ifbaiano.edu.br\/unidades\/santaines\/wp-json\/wp\/v2\/media\/25247"}],"wp:attachment":[{"href":"https:\/\/www.ifbaiano.edu.br\/unidades\/santaines\/wp-json\/wp\/v2\/media?parent=25246"}],"wp:term":[{"taxonomy":"category","embeddable":true,"href":"https:\/\/www.ifbaiano.edu.br\/unidades\/santaines\/wp-json\/wp\/v2\/categories?post=25246"},{"taxonomy":"post_tag","embeddable":true,"href":"https:\/\/www.ifbaiano.edu.br\/unidades\/santaines\/wp-json\/wp\/v2\/tags?post=25246"}],"curies":[{"name":"wp","href":"https:\/\/api.w.org\/{rel}","templated":true}]}}