{"id":25255,"date":"2025-09-17T14:23:00","date_gmt":"2025-09-17T17:23:00","guid":{"rendered":"https:\/\/www.ifbaiano.edu.br\/unidades\/santaines\/?p=25255"},"modified":"2025-09-17T14:24:12","modified_gmt":"2025-09-17T17:24:12","slug":"if-baiano-campus-santa-ines-abre-inscricoes-para-monitores-e-escolas-no-if-de-portas-abertas-2025","status":"publish","type":"post","link":"https:\/\/www.ifbaiano.edu.br\/unidades\/santaines\/if-baiano-campus-santa-ines-abre-inscricoes-para-monitores-e-escolas-no-if-de-portas-abertas-2025\/","title":{"rendered":"IF Baiano \u2013 Campus Santa In\u00eas abre inscri\u00e7\u00f5es para monitores e escolas no \u201cIF de Portas Abertas 2025\u201d"},"content":{"rendered":"\n<p>O Instituto Federal Baiano (IF Baiano) \u2013 Campus Santa In\u00eas anuncia a IV di\u00e7\u00e3o do seu Programa \u201cIF de Portas Abertas\u201d, uma iniciativa consolidada que visa aproximar a institui\u00e7\u00e3o da comunidade e dos estudantes do Territ\u00f3rio de Identidade do Vale do Jiquiri\u00e7\u00e1. Para o ano de 2025, o programa j\u00e1 est\u00e1 com duas frentes de a\u00e7\u00e3o definidas: a sele\u00e7\u00e3o de estudantes monitores e a abertura para agendamento de visitas de escolas.<\/p>\n\n\n\n<p><strong>Estudantes Podem Ser Monitores Volunt\u00e1rios<\/strong><\/p>\n\n\n\n<p>Estudantes dos Cursos T\u00e9cnicos Integrados e de Gradua\u00e7\u00e3o do Campus Santa In\u00eas t\u00eam a oportunidade de participar ativamente do programa, atuando como monitores(as). A fun\u00e7\u00e3o dos monitores(as) ser\u00e1 de suma import\u00e2ncia para o sucesso do evento, auxiliando na orienta\u00e7\u00e3o e condu\u00e7\u00e3o dos visitantes pelas diversas \u00e1reas internas do campus, bem como na apresenta\u00e7\u00e3o dos cursos e projetos da institui\u00e7\u00e3o.<\/p>\n\n\n\n<p>As inscri\u00e7\u00f5es para os(as) interessados(as) em atuar como monitores(as) estar\u00e3o abertas em um <a href=\"https:\/\/docs.google.com\/forms\/d\/e\/1FAIpQLScr2Npbwntv1RmNOAVaAel2gO00jVzLArkUGkGekd9dmz0vWw\/viewform\">formul\u00e1rio online<\/a>, no per\u00edodo de&nbsp;<strong>15 a 19 de setembro de 2024<\/strong>. A participa\u00e7\u00e3o no programa \u00e9 uma excelente chance de desenvolver habilidades de comunica\u00e7\u00e3o, lideran\u00e7a e organiza\u00e7\u00e3o, al\u00e9m de proporcionar uma viv\u00eancia enriquecedora. Cada volunt\u00e1rio(a) selecionado(a) receber\u00e1 um certificado de participa\u00e7\u00e3o com carga hor\u00e1ria correspondente \u00e0s atividades realizadas, que est\u00e3o previstas para acontecer nos dias 01 e 08 de outubro de 2025.<\/p>\n\n\n\n<p><strong>Escolas da Regi\u00e3o Podem Agendar Visitas<\/strong><\/p>\n\n\n\n<p>Paralelamente \u00e0 sele\u00e7\u00e3o de monitores, o IF Baiano \u2013 Campus Santa In\u00eas tamb\u00e9m abriu o processo para agendamento de visitas das escolas da regi\u00e3o interessadas em participar do \u201cIF de Portas Abertas 2025\u201d. A iniciativa \u00e9 uma oportunidade \u00fanica para que estudantes do 9\u00ba ano [Ensino Fundamental II] conhe\u00e7am de perto a estrutura do campus, os laborat\u00f3rios, as salas de aula e os ambientes de conviv\u00eancia.<\/p>\n\n\n\n<p>O principal objetivo do programa \u00e9 apresentar os cursos t\u00e9cnicos ofertados, bem como os projetos inovadores de ensino, pesquisa e extens\u00e3o desenvolvidos pela comunidade acad\u00eamica. As visitas, que ocorrer\u00e3o durante o m\u00eas de outubro de 2025, especialmente nos dias 01 e 08, ser\u00e3o agendadas previamente por meio de um <a href=\"https:\/\/forms.gle\/Jn4CD9pxjkPSaA5Y7\">formul\u00e1rio de inscri\u00e7\u00e3o online<\/a>, que est\u00e1 dispon\u00edvel para as institui\u00e7\u00f5es de ensino da regi\u00e3o.<\/p>\n\n\n\n<p>O \u201cIF de Portas Abertas\u201d reafirma o compromisso do IF Baiano \u2013 Campus Santa In\u00eas com a educa\u00e7\u00e3o p\u00fablica de qualidade e com o desenvolvimento regional, abrindo suas portas para inspirar e informar as futuras gera\u00e7\u00f5es de estudantes do Vale do Jiquiri\u00e7\u00e1.<\/p>\n\n\n\n<hr class=\"wp-block-separator has-alpha-channel-opacity\" \/>\n\n\n\n<p><\/p>\n","protected":false},"excerpt":{"rendered":"<p>O Instituto Federal Baiano (IF Baiano) \u2013 Campus Santa In\u00eas anuncia a IV di\u00e7\u00e3o do seu Programa \u201cIF de Portas Abertas\u201d, uma iniciativa consolidada que visa aproximar a institui\u00e7\u00e3o da comunidade e dos estudantes do Territ\u00f3rio de Identidade do Vale do Jiquiri\u00e7\u00e1. Para o ano de 2025, o programa j\u00e1 est\u00e1 com duas frentes de [&hellip;]<\/p>\n","protected":false},"author":86,"featured_media":25361,"comment_status":"closed","ping_status":"closed","sticky":false,"template":"","format":"standard","meta":[],"categories":[4,5,57],"tags":[],"_links":{"self":[{"href":"https:\/\/www.ifbaiano.edu.br\/unidades\/santaines\/wp-json\/wp\/v2\/posts\/25255"}],"collection":[{"href":"https:\/\/www.ifbaiano.edu.br\/unidades\/santaines\/wp-json\/wp\/v2\/posts"}],"about":[{"href":"https:\/\/www.ifbaiano.edu.br\/unidades\/santaines\/wp-json\/wp\/v2\/types\/post"}],"author":[{"embeddable":true,"href":"https:\/\/www.ifbaiano.edu.br\/unidades\/santaines\/wp-json\/wp\/v2\/users\/86"}],"replies":[{"embeddable":true,"href":"https:\/\/www.ifbaiano.edu.br\/unidades\/santaines\/wp-json\/wp\/v2\/comments?post=25255"}],"version-history":[{"count":1,"href":"https:\/\/www.ifbaiano.edu.br\/unidades\/santaines\/wp-json\/wp\/v2\/posts\/25255\/revisions"}],"predecessor-version":[{"id":25256,"href":"https:\/\/www.ifbaiano.edu.br\/unidades\/santaines\/wp-json\/wp\/v2\/posts\/25255\/revisions\/25256"}],"wp:featuredmedia":[{"embeddable":true,"href":"https:\/\/www.ifbaiano.edu.br\/unidades\/santaines\/wp-json\/wp\/v2\/media\/25361"}],"wp:attachment":[{"href":"https:\/\/www.ifbaiano.edu.br\/unidades\/santaines\/wp-json\/wp\/v2\/media?parent=25255"}],"wp:term":[{"taxonomy":"category","embeddable":true,"href":"https:\/\/www.ifbaiano.edu.br\/unidades\/santaines\/wp-json\/wp\/v2\/categories?post=25255"},{"taxonomy":"post_tag","embeddable":true,"href":"https:\/\/www.ifbaiano.edu.br\/unidades\/santaines\/wp-json\/wp\/v2\/tags?post=25255"}],"curies":[{"name":"wp","href":"https:\/\/api.w.org\/{rel}","templated":true}]}}