{"id":254,"date":"2011-11-23T18:48:53","date_gmt":"2011-11-23T21:48:53","guid":{"rendered":"http:\/\/www.ifbaiano.edu.br\/unidades\/santaines\/?p=254"},"modified":"2014-11-26T13:58:11","modified_gmt":"2014-11-26T16:58:11","slug":"processo-seletivo-2012","status":"publish","type":"post","link":"https:\/\/www.ifbaiano.edu.br\/unidades\/santaines\/processo-seletivo-2012\/","title":{"rendered":"Processo Seletivo 2012 do IF Baiano &#8211; INSCRI\u00c7\u00d5ES ENCERRADAS!!!"},"content":{"rendered":"<p align=\"justify\">As inscri\u00e7\u00f5es para o Processo Seletivo 2012 do IF Baiano est\u00e3o encerradas. Estudantes que fizeram as inscri\u00e7\u00f5es para os cursos t\u00e9cnicos integrados ou subseq\u00fcentes ao Ensino M\u00e9dio devem acesar o site<strong><span style=\"color: #000000\"><a href=\"http:\/\/concursos.ifbaiano.edu.br\/\"> http:\/\/concursos.ifbaiano.edu.br<\/a><\/span><\/strong> para acompanhar.<a href=\"http:\/\/www.ifbaiano.edu.br\/unidades\/santaines\/files\/2011\/11\/processo_seletivo.jpg\"><img decoding=\"async\" loading=\"lazy\" class=\"alignleft size-full wp-image-260\" src=\"http:\/\/www.ifbaiano.edu.br\/unidades\/santaines\/files\/2011\/11\/processo_seletivo.jpg\" alt=\"\" width=\"200\" height=\"143\" \/><\/a> As provas do Processo Seletivo 2012 foram realizadas no dia <strong>18 de dezembr<\/strong>o. O Instituto Federal de Educa\u00e7\u00e3o, Ci\u00eancia e Tecnologia Baiano est\u00e1 espalhado por diversas cidades da Bahia, constituindo assim uma rede de oportunidades. Os cursos oferecidos contemplaram os diversos campos profissionais: agropecu\u00e1ria, servi\u00e7os, ci\u00eancias naturais e do meio ambiente, entre outros.<\/p>\n<p>&nbsp;<br \/>\nAVISO: INSCRI\u00c7\u00d5ES ENCERRADAS!!!<br \/>\n&nbsp;<\/p>\n<p>&nbsp;<\/p>\n<p>&nbsp;<\/p>\n<p>&nbsp;<\/p>\n","protected":false},"excerpt":{"rendered":"<p>Processo Seletivo 2012 do IF Baiano &#8211; INSCRI\u00c7\u00d5ES ENCERRADAS!!!<\/p>\n","protected":false},"author":26,"featured_media":0,"comment_status":"closed","ping_status":"closed","sticky":false,"template":"","format":"standard","meta":[],"categories":[10],"tags":[],"_links":{"self":[{"href":"https:\/\/www.ifbaiano.edu.br\/unidades\/santaines\/wp-json\/wp\/v2\/posts\/254"}],"collection":[{"href":"https:\/\/www.ifbaiano.edu.br\/unidades\/santaines\/wp-json\/wp\/v2\/posts"}],"about":[{"href":"https:\/\/www.ifbaiano.edu.br\/unidades\/santaines\/wp-json\/wp\/v2\/types\/post"}],"author":[{"embeddable":true,"href":"https:\/\/www.ifbaiano.edu.br\/unidades\/santaines\/wp-json\/wp\/v2\/users\/26"}],"replies":[{"embeddable":true,"href":"https:\/\/www.ifbaiano.edu.br\/unidades\/santaines\/wp-json\/wp\/v2\/comments?post=254"}],"version-history":[{"count":18,"href":"https:\/\/www.ifbaiano.edu.br\/unidades\/santaines\/wp-json\/wp\/v2\/posts\/254\/revisions"}],"predecessor-version":[{"id":5035,"href":"https:\/\/www.ifbaiano.edu.br\/unidades\/santaines\/wp-json\/wp\/v2\/posts\/254\/revisions\/5035"}],"wp:attachment":[{"href":"https:\/\/www.ifbaiano.edu.br\/unidades\/santaines\/wp-json\/wp\/v2\/media?parent=254"}],"wp:term":[{"taxonomy":"category","embeddable":true,"href":"https:\/\/www.ifbaiano.edu.br\/unidades\/santaines\/wp-json\/wp\/v2\/categories?post=254"},{"taxonomy":"post_tag","embeddable":true,"href":"https:\/\/www.ifbaiano.edu.br\/unidades\/santaines\/wp-json\/wp\/v2\/tags?post=254"}],"curies":[{"name":"wp","href":"https:\/\/api.w.org\/{rel}","templated":true}]}}