{"id":2549,"date":"2012-12-12T12:14:43","date_gmt":"2012-12-12T15:14:43","guid":{"rendered":"http:\/\/www.ifbaiano.edu.br\/unidades\/santaines\/?p=2549"},"modified":"2012-12-18T15:27:19","modified_gmt":"2012-12-18T18:27:19","slug":"processo-seletivo-para-o-cargo-de-professor-temporario-e-substituto-2012-inscricoes-abertas-2","status":"publish","type":"post","link":"https:\/\/www.ifbaiano.edu.br\/unidades\/santaines\/processo-seletivo-para-o-cargo-de-professor-temporario-e-substituto-2012-inscricoes-abertas-2\/","title":{"rendered":"Processo Seletivo para o Cargo de Professor Tempor\u00e1rio e Substituto 2012"},"content":{"rendered":"<p>Foram abertas as incri\u00e7\u00f5es para o Processo Seletivo Simplificado, referente \u00e0 contrata\u00e7\u00e3o, por tempo determinado, de Professor Tempor\u00e1rio e Substituto para o cargo de Professor do Ensino B\u00e1sico, T\u00e9cnico e Tecnol\u00f3gico, para o Campus Santa In\u00eas deste Instituto no per\u00edodo de 20\/11\/2012 a 25\/11\/2012. O resultado das provas foi divulgado no s\u00edtio do Processo Seletivo, no dia 12\/12\/2012, aguardando prazo recursal. O resultado final foi divulgado no dia 18\/12\/2012.<\/p>\n<p>Para mais informa\u00e7\u00f5es,\u00a0<strong><a href=\"http:\/\/www.ifbaiano.edu.br\/unidades\/santaines\/files\/2012\/11\/EDITAL_1861.pdf\" target=\"_blank\">acesse o Edital N\u00ba 186<\/a><\/strong>, de 14 de Novembro de 2012.<\/p>\n<p>Confira o resultado final <strong><a href=\"http:\/\/www.ifbaiano.edu.br\/unidades\/santaines\/files\/2012\/12\/resultado_final.pdf\" target=\"_blank\">aqui<\/a>\u00a0<\/strong><\/p>\n<p>Para acessar a\u00a0p\u00e1gina\u00a0do Concurso <strong><a href=\"http:\/\/200.128.99.51\/site\/selecao\/2012\/\" target=\"_blank\">clique aqui<\/a><\/strong><\/p>\n<p>&nbsp;<\/p>\n<p>&nbsp;<\/p>\n","protected":false},"excerpt":{"rendered":"<p>Divulgado o Resultado Final<\/p>\n","protected":false},"author":26,"featured_media":0,"comment_status":"closed","ping_status":"closed","sticky":false,"template":"","format":"standard","meta":[],"categories":[10,8],"tags":[],"_links":{"self":[{"href":"https:\/\/www.ifbaiano.edu.br\/unidades\/santaines\/wp-json\/wp\/v2\/posts\/2549"}],"collection":[{"href":"https:\/\/www.ifbaiano.edu.br\/unidades\/santaines\/wp-json\/wp\/v2\/posts"}],"about":[{"href":"https:\/\/www.ifbaiano.edu.br\/unidades\/santaines\/wp-json\/wp\/v2\/types\/post"}],"author":[{"embeddable":true,"href":"https:\/\/www.ifbaiano.edu.br\/unidades\/santaines\/wp-json\/wp\/v2\/users\/26"}],"replies":[{"embeddable":true,"href":"https:\/\/www.ifbaiano.edu.br\/unidades\/santaines\/wp-json\/wp\/v2\/comments?post=2549"}],"version-history":[{"count":16,"href":"https:\/\/www.ifbaiano.edu.br\/unidades\/santaines\/wp-json\/wp\/v2\/posts\/2549\/revisions"}],"predecessor-version":[{"id":2581,"href":"https:\/\/www.ifbaiano.edu.br\/unidades\/santaines\/wp-json\/wp\/v2\/posts\/2549\/revisions\/2581"}],"wp:attachment":[{"href":"https:\/\/www.ifbaiano.edu.br\/unidades\/santaines\/wp-json\/wp\/v2\/media?parent=2549"}],"wp:term":[{"taxonomy":"category","embeddable":true,"href":"https:\/\/www.ifbaiano.edu.br\/unidades\/santaines\/wp-json\/wp\/v2\/categories?post=2549"},{"taxonomy":"post_tag","embeddable":true,"href":"https:\/\/www.ifbaiano.edu.br\/unidades\/santaines\/wp-json\/wp\/v2\/tags?post=2549"}],"curies":[{"name":"wp","href":"https:\/\/api.w.org\/{rel}","templated":true}]}}