{"id":25594,"date":"2025-09-24T15:31:00","date_gmt":"2025-09-24T18:31:00","guid":{"rendered":"https:\/\/www.ifbaiano.edu.br\/unidades\/santaines\/?p=25594"},"modified":"2025-09-24T15:37:09","modified_gmt":"2025-09-24T18:37:09","slug":"if-baiano-campus-santa-ines-lanca-chamada-publica-para-aquisicao-de-alimentos-da-agricultura-familiar","status":"publish","type":"post","link":"https:\/\/www.ifbaiano.edu.br\/unidades\/santaines\/if-baiano-campus-santa-ines-lanca-chamada-publica-para-aquisicao-de-alimentos-da-agricultura-familiar\/","title":{"rendered":"IF Baiano &#8211; Campus Santa In\u00eas Lan\u00e7a Chamada P\u00fablica para Aquisi\u00e7\u00e3o de Alimentos da Agricultura Familiar"},"content":{"rendered":"\n<p>O Instituto Federal de Educa\u00e7\u00e3o, Ci\u00eancia e Tecnologia Baiano (IF Baiano) \u2013 Campus Santa In\u00eas, por meio do seu N\u00facleo de Licita\u00e7\u00f5es, anuncia a abertura da <a href=\"https:\/\/www.ifbaiano.edu.br\/unidades\/santaines\/files\/2025\/09\/Edital-Chamada-Publica-1-2025-PNAE.pdf\">Chamada P\u00fablica n\u00ba 1\/2025<\/a>. O objetivo \u00e9 a aquisi\u00e7\u00e3o de g\u00eaneros aliment\u00edcios diretamente da agricultura familiar e do empreendedor familiar rural para atender ao Programa Nacional de Alimenta\u00e7\u00e3o Escolar (PNAE).<\/p>\n\n\n\n<p>Esta \u00e9 uma excelente oportunidade para os agricultores e empreendedores familiares da regi\u00e3o de Santa In\u00eas e munic\u00edpios pr\u00f3ximos comercializarem seus produtos e contribu\u00edrem com a alimenta\u00e7\u00e3o de qualidade para os estudantes.<\/p>\n\n\n\n<p><strong>Detalhes da Chamada P\u00fablica:<\/strong><\/p>\n\n\n\n<ul>\n<li><strong>Objeto:<\/strong>&nbsp;Aquisi\u00e7\u00e3o de uma vasta gama de g\u00eaneros aliment\u00edcios, como cebola, amendoim, cominho, castanha de caju, pimenta do reino, urucum, tempero pronto, farinhas de mandioca (torrada e tapioca), feij\u00e3o carioca, abacaxi, banana prata e comprida, laranja, lim\u00e3o, mam\u00e3o, manga, melancia, ab\u00f3bora, beterraba, br\u00f3colis, cenoura, chuchu, pepino, piment\u00e3o, quiabo, repolho, tomate, aipim e batata doce. Os produtos devem ser de qualidade e atender \u00e0s especifica\u00e7\u00f5es detalhadas no edital.<\/li>\n\n\n\n<li><strong>Valor Total da Contrata\u00e7\u00e3o:<\/strong>&nbsp;R$ 151.327,57<\/li>\n\n\n\n<li><strong>Per\u00edodo de Divulga\u00e7\u00e3o:<\/strong>&nbsp;De 22\/09\/2025 a 13\/10\/2025<\/li>\n\n\n\n<li><strong>Data da Sess\u00e3o P\u00fablica e Abertura dos Envelopes:<\/strong>&nbsp;Dia 13\/10\/2025, \u00e0s 9h (hor\u00e1rio de Bras\u00edlia)<\/li>\n\n\n\n<li><strong>Local da Sess\u00e3o P\u00fablica:<\/strong>&nbsp;Sede do Instituto Federal Baiano \u2013 Campus Santa In\u00eas. Endere\u00e7o: Km 2,5 \u2013 BR 420 \u2013 Rodovia Santa In\u00eas x Uba\u00edra \u2013 CEP: 45.320-000 \u2013 Santa In\u00eas-BA.<\/li>\n<\/ul>\n\n\n\n<p><strong>Quem Pode Participar?<\/strong><\/p>\n\n\n\n<p>Podem participar fornecedores individuais, grupos informais e grupos formais (cooperativas ou associa\u00e7\u00f5es) de agricultores familiares que possuam a Declara\u00e7\u00e3o de Aptid\u00e3o ao PRONAF (DAP) F\u00edsica ou Jur\u00eddica, ou o Cadastro Nacional da Agricultura Familiar (CAF).<\/p>\n\n\n\n<p><strong>Como Participar:<\/strong><\/p>\n\n\n\n<ul>\n<li>Os interessados devem entregar os documentos de habilita\u00e7\u00e3o e o projeto de venda em envelope \u00fanico, fechado e lacrado, na sala do N\u00facleo de Licita\u00e7\u00f5es do IF Baiano &#8211; Campus Santa In\u00eas, ou enviar por e-mail para&nbsp;<a href=\"https:\/\/www.google.com\/url?sa=E&amp;q=mailto%3Acompras%40si.ifbaiano.edu.br\" target=\"_blank\" rel=\"noreferrer noopener\">compras@si.ifbaiano.edu.br<\/a>. O prazo final \u00e9 at\u00e9 a data e hor\u00e1rio da abertura da sess\u00e3o p\u00fablica (13\/10\/2025, \u00e0s 9h).<\/li>\n<\/ul>\n\n\n\n<p>Para mais informa\u00e7\u00f5es e acesso ao edital completo, os interessados podem clicar <strong><a href=\"https:\/\/www.ifbaiano.edu.br\/unidades\/santaines\/files\/2025\/09\/Edital-Chamada-Publica-1-2025-PNAE.pdf\">AQUI<\/a><\/strong> ou procurar o N\u00facleo de Licita\u00e7\u00f5es no Campus Santa In\u00eas ou acessar o site oficial do IF Baiano.<\/p>\n\n\n\n<hr class=\"wp-block-separator has-alpha-channel-opacity\" \/>\n","protected":false},"excerpt":{"rendered":"<p>O Instituto Federal de Educa\u00e7\u00e3o, Ci\u00eancia e Tecnologia Baiano (IF Baiano) \u2013 Campus Santa In\u00eas, por meio do seu N\u00facleo de Licita\u00e7\u00f5es, anuncia a abertura da Chamada P\u00fablica n\u00ba 1\/2025. O objetivo \u00e9 a aquisi\u00e7\u00e3o de g\u00eaneros aliment\u00edcios diretamente da agricultura familiar e do empreendedor familiar rural para atender ao Programa Nacional de Alimenta\u00e7\u00e3o Escolar [&hellip;]<\/p>\n","protected":false},"author":86,"featured_media":25596,"comment_status":"closed","ping_status":"closed","sticky":false,"template":"","format":"standard","meta":[],"categories":[4,5,57],"tags":[],"_links":{"self":[{"href":"https:\/\/www.ifbaiano.edu.br\/unidades\/santaines\/wp-json\/wp\/v2\/posts\/25594"}],"collection":[{"href":"https:\/\/www.ifbaiano.edu.br\/unidades\/santaines\/wp-json\/wp\/v2\/posts"}],"about":[{"href":"https:\/\/www.ifbaiano.edu.br\/unidades\/santaines\/wp-json\/wp\/v2\/types\/post"}],"author":[{"embeddable":true,"href":"https:\/\/www.ifbaiano.edu.br\/unidades\/santaines\/wp-json\/wp\/v2\/users\/86"}],"replies":[{"embeddable":true,"href":"https:\/\/www.ifbaiano.edu.br\/unidades\/santaines\/wp-json\/wp\/v2\/comments?post=25594"}],"version-history":[{"count":2,"href":"https:\/\/www.ifbaiano.edu.br\/unidades\/santaines\/wp-json\/wp\/v2\/posts\/25594\/revisions"}],"predecessor-version":[{"id":25617,"href":"https:\/\/www.ifbaiano.edu.br\/unidades\/santaines\/wp-json\/wp\/v2\/posts\/25594\/revisions\/25617"}],"wp:featuredmedia":[{"embeddable":true,"href":"https:\/\/www.ifbaiano.edu.br\/unidades\/santaines\/wp-json\/wp\/v2\/media\/25596"}],"wp:attachment":[{"href":"https:\/\/www.ifbaiano.edu.br\/unidades\/santaines\/wp-json\/wp\/v2\/media?parent=25594"}],"wp:term":[{"taxonomy":"category","embeddable":true,"href":"https:\/\/www.ifbaiano.edu.br\/unidades\/santaines\/wp-json\/wp\/v2\/categories?post=25594"},{"taxonomy":"post_tag","embeddable":true,"href":"https:\/\/www.ifbaiano.edu.br\/unidades\/santaines\/wp-json\/wp\/v2\/tags?post=25594"}],"curies":[{"name":"wp","href":"https:\/\/api.w.org\/{rel}","templated":true}]}}