{"id":25597,"date":"2025-09-24T11:57:00","date_gmt":"2025-09-24T14:57:00","guid":{"rendered":"https:\/\/www.ifbaiano.edu.br\/unidades\/santaines\/?p=25597"},"modified":"2025-09-24T11:57:17","modified_gmt":"2025-09-24T14:57:17","slug":"renovacao-de-matriculas-para-cursos-de-graduacao-no-if-baiano-campus-santa-ines","status":"publish","type":"post","link":"https:\/\/www.ifbaiano.edu.br\/unidades\/santaines\/renovacao-de-matriculas-para-cursos-de-graduacao-no-if-baiano-campus-santa-ines\/","title":{"rendered":"Renova\u00e7\u00e3o de Matr\u00edculas para Cursos de Gradua\u00e7\u00e3o no IF Baiano &#8211; Campus Santa In\u00eas"},"content":{"rendered":"\n<p>O Instituto Federal de Educa\u00e7\u00e3o, Ci\u00eancia e Tecnologia Baiano (IF Baiano), Campus Santa In\u00eas, anuncia a abertura do per\u00edodo para renova\u00e7\u00e3o de matr\u00edculas para os cursos de Bacharelado em Zootecnia, Licenciatura em Ci\u00eancias Biol\u00f3gicas e Licenciatura em Geografia. O processo \u00e9 referente ao segundo semestre letivo de 2025 e ser\u00e1 realizado de forma online, atrav\u00e9s do <a href=\"https:\/\/wiki.ifbaiano.edu.br\/bin\/view\/Wikis\/DGTI\/CODES\/Sistemas\/SUAP\/Alunos\/Rematricula\/\">Sistema Acad\u00eamico SUAP<\/a>.<\/p>\n\n\n\n<p><strong>Per\u00edodo de Renova\u00e7\u00e3o:<\/strong><\/p>\n\n\n\n<p>Os estudantes dever\u00e3o realizar a renova\u00e7\u00e3o de matr\u00edcula&nbsp;<strong>de 24 de setembro at\u00e9 as 23h59min do dia 26 de setembro de 2025<\/strong>, conforme <a href=\"https:\/\/www.ifbaiano.edu.br\/unidades\/santaines\/files\/2025\/09\/EDITAL-DE-RETIFICACAO-No-28_2025-Rematricula-Superior.pdf\">Edital de Retifica\u00e7\u00e3o n\u00ba 28\/2025<\/a>. \u00c9 fundamental que os discentes manifestem, no portal do aluno, todas as disciplinas que desejam cursar no pr\u00f3ximo semestre.<\/p>\n\n\n\n<p><strong>Como Renovar<\/strong><\/p>\n\n\n\n<p>A renova\u00e7\u00e3o ser\u00e1 feita exclusivamente pelo&nbsp;<strong>portal do aluno no <a href=\"https:\/\/wiki.ifbaiano.edu.br\/bin\/view\/Wikis\/DGTI\/CODES\/Sistemas\/SUAP\/Alunos\/Rematricula\/\">Sistema Acad\u00eamico SUAP<\/a><\/strong>. As orienta\u00e7\u00f5es detalhadas est\u00e3o dispon\u00edveis no ANEXO I do Edital. Em caso de d\u00favidas sobre o procedimento ou necessidade de redefinir a senha do SUAP, o Campus Santa In\u00eas disponibiliza suporte:<\/p>\n\n\n\n<ul>\n<li><strong>Para d\u00favidas sobre a renova\u00e7\u00e3o:<\/strong>&nbsp;Entrar em contato com a Secretaria de Registros Acad\u00eamicos atrav\u00e9s do e-mail&nbsp;<strong><a target=\"_blank\" href=\"https:\/\/www.google.com\/url?sa=E&amp;q=mailto%3Asecretaria%40si.ifbaiano.edu.br\" rel=\"noreferrer noopener\">secretaria@si.ifbaiano.edu.br<\/a><\/strong>.<\/li>\n\n\n\n<li><strong>Para redefinir a senha do SUAP:<\/strong>&nbsp;Acessar a <a href=\"https:\/\/cau.ifbaiano.edu.br\/cau\/login\">Central de Autentica\u00e7\u00e3o do Usu\u00e1rio &#8211; CAU<\/a>, clicar em &#8220;Esqueceu a senha&#8221;, informar CPF e n\u00famero de matr\u00edcula. Um link para troca de senha ser\u00e1 enviado para o e-mail cadastrado.<\/li>\n<\/ul>\n\n\n\n<p><strong>Orienta\u00e7\u00f5es Importantes:<\/strong><\/p>\n\n\n\n<ul>\n<li>A matr\u00edcula nas disciplinas est\u00e1 condicionada aos crit\u00e9rios dos projetos de curso e \u00e0 Organiza\u00e7\u00e3o Did\u00e1tica do IF Baiano, incluindo o cumprimento de pr\u00e9-requisitos.<\/li>\n\n\n\n<li>\u00c9 responsabilidade do estudante acompanhar as disciplinas em que foi matriculado e cursar apenas as registradas no sistema.<\/li>\n\n\n\n<li>Para a realiza\u00e7\u00e3o de est\u00e1gio curricular, \u00e9 obrigat\u00f3ria a matr\u00edcula no respectivo componente. Mesmo ap\u00f3s a conclus\u00e3o das disciplinas ou com depend\u00eancia, a renova\u00e7\u00e3o de matr\u00edcula para o est\u00e1gio \u00e9 imprescind\u00edvel.<\/li>\n\n\n\n<li>Em caso de falhas na renova\u00e7\u00e3o, a Secretaria de Registros Acad\u00eamicos (SRA) e\/ou o Colegiado do Curso poder\u00e3o convocar o discente para retificar a matr\u00edcula ap\u00f3s o in\u00edcio das aulas.<\/li>\n<\/ul>\n\n\n\n<p><strong>Prazos Adicionais e Procedimentos Espec\u00edficos:<\/strong><\/p>\n\n\n\n<ul>\n<li><strong>Matr\u00edcula Fora de Prazo:<\/strong>&nbsp;Estudantes que perderem o prazo inicial de renova\u00e7\u00e3o ter\u00e3o at\u00e9 10 dias \u00fateis ap\u00f3s o limite para solicitar Matr\u00edcula Fora de Prazo, via requerimento e justificativa no SUAP.<\/li>\n\n\n\n<li><strong>Cancelamento de Matr\u00edcula:<\/strong>&nbsp;Alunos que n\u00e3o renovarem a matr\u00edcula dentro dos prazos estabelecidos ser\u00e3o considerados desistentes e ter\u00e3o sua matr\u00edcula cancelada.<\/li>\n\n\n\n<li><strong>Trancamento de Matr\u00edcula:<\/strong>&nbsp;O trancamento tem validade de um per\u00edodo letivo. Discentes que desejarem retornar no segundo semestre de 2025 devem renovar a matr\u00edcula.\n<ul>\n<li>O per\u00edodo para solicitar trancamento de matr\u00edcula volunt\u00e1rio (total ou parcial) \u00e9 de&nbsp;<strong>06 a 08 de outubro de 2025<\/strong>, via requerimento no SUAP.<\/li>\n\n\n\n<li>Trancamentos por motivos de sa\u00fade ou outros previstos em legisla\u00e7\u00e3o podem ser solicitados a qualquer tempo, enviando requerimento e documenta\u00e7\u00e3o comprobat\u00f3ria para&nbsp;<strong><a target=\"_blank\" href=\"https:\/\/www.google.com\/url?sa=E&amp;q=mailto%3Asecretaria%40si.ifbaiano.edu.br\" rel=\"noreferrer noopener\">secretaria@si.ifbaiano.edu.br<\/a><\/strong>.<\/li>\n<\/ul>\n<\/li>\n\n\n\n<li><strong>Ajuste de Matr\u00edcula:<\/strong>&nbsp;De&nbsp;<strong>01 a 03 de outubro de 2025<\/strong>, ser\u00e1 o per\u00edodo para ajuste de matr\u00edcula, destinado a estudantes que n\u00e3o obtiveram processamento total ou parcial das disciplinas solicitadas. A solicita\u00e7\u00e3o deve ser feita via requerimento no SUAP.<\/li>\n\n\n\n<li><strong>Aproveitamento de Componentes Curriculares\/Atividades Acad\u00eamicas:<\/strong>&nbsp;De&nbsp;<strong>06 a 08 de outubro de 2025<\/strong>, os interessados devem realizar o procedimento presencialmente, via requerimento, observando a Organiza\u00e7\u00e3o Did\u00e1tica dos cursos Superiores do IF Baiano.<\/li>\n\n\n\n<li><strong>Aproveitamento de Carga Hor\u00e1ria (PIBID, PRP, Experi\u00eancia Profissional):<\/strong>&nbsp;Discentes que pretendem solicitar devem se matricular nos respectivos componentes.<\/li>\n<\/ul>\n\n\n\n<p>Para mais informa\u00e7\u00f5es e acesso ao ANEXO I, os estudantes devem consultar o <a href=\"https:\/\/www.ifbaiano.edu.br\/unidades\/santaines\/files\/2025\/09\/EDITAL-RENOVACAO-DE-MATRICULA-CURSOS-SUPERIORES.pdf\">Edital n\u00ba 27\/2025<\/a> e <a href=\"https:\/\/www.ifbaiano.edu.br\/unidades\/santaines\/files\/2025\/09\/EDITAL-DE-RETIFICACAO-No-28_2025-Rematricula-Superior.pdf\">Edital de Retifica\u00e7\u00e3o N\u00ba 28\/2025<\/a> do IF Baiano, Campus Santa In\u00eas.<\/p>\n\n\n\n<hr class=\"wp-block-separator has-alpha-channel-opacity\" \/>\n","protected":false},"excerpt":{"rendered":"<p>O Instituto Federal de Educa\u00e7\u00e3o, Ci\u00eancia e Tecnologia Baiano (IF Baiano), Campus Santa In\u00eas, anuncia a abertura do per\u00edodo para renova\u00e7\u00e3o de matr\u00edculas para os cursos de Bacharelado em Zootecnia, Licenciatura em Ci\u00eancias Biol\u00f3gicas e Licenciatura em Geografia. O processo \u00e9 referente ao segundo semestre letivo de 2025 e ser\u00e1 realizado de forma online, atrav\u00e9s [&hellip;]<\/p>\n","protected":false},"author":86,"featured_media":25636,"comment_status":"closed","ping_status":"closed","sticky":false,"template":"","format":"standard","meta":[],"categories":[4,38,12,5,57],"tags":[],"_links":{"self":[{"href":"https:\/\/www.ifbaiano.edu.br\/unidades\/santaines\/wp-json\/wp\/v2\/posts\/25597"}],"collection":[{"href":"https:\/\/www.ifbaiano.edu.br\/unidades\/santaines\/wp-json\/wp\/v2\/posts"}],"about":[{"href":"https:\/\/www.ifbaiano.edu.br\/unidades\/santaines\/wp-json\/wp\/v2\/types\/post"}],"author":[{"embeddable":true,"href":"https:\/\/www.ifbaiano.edu.br\/unidades\/santaines\/wp-json\/wp\/v2\/users\/86"}],"replies":[{"embeddable":true,"href":"https:\/\/www.ifbaiano.edu.br\/unidades\/santaines\/wp-json\/wp\/v2\/comments?post=25597"}],"version-history":[{"count":4,"href":"https:\/\/www.ifbaiano.edu.br\/unidades\/santaines\/wp-json\/wp\/v2\/posts\/25597\/revisions"}],"predecessor-version":[{"id":25637,"href":"https:\/\/www.ifbaiano.edu.br\/unidades\/santaines\/wp-json\/wp\/v2\/posts\/25597\/revisions\/25637"}],"wp:featuredmedia":[{"embeddable":true,"href":"https:\/\/www.ifbaiano.edu.br\/unidades\/santaines\/wp-json\/wp\/v2\/media\/25636"}],"wp:attachment":[{"href":"https:\/\/www.ifbaiano.edu.br\/unidades\/santaines\/wp-json\/wp\/v2\/media?parent=25597"}],"wp:term":[{"taxonomy":"category","embeddable":true,"href":"https:\/\/www.ifbaiano.edu.br\/unidades\/santaines\/wp-json\/wp\/v2\/categories?post=25597"},{"taxonomy":"post_tag","embeddable":true,"href":"https:\/\/www.ifbaiano.edu.br\/unidades\/santaines\/wp-json\/wp\/v2\/tags?post=25597"}],"curies":[{"name":"wp","href":"https:\/\/api.w.org\/{rel}","templated":true}]}}