{"id":25602,"date":"2025-09-22T11:45:45","date_gmt":"2025-09-22T14:45:45","guid":{"rendered":"https:\/\/www.ifbaiano.edu.br\/unidades\/santaines\/?p=25602"},"modified":"2025-09-25T10:10:14","modified_gmt":"2025-09-25T13:10:14","slug":"if-baiano-celebra-ciencia-arte-e-inovacao-em-quarta-edicao-do-cepex","status":"publish","type":"post","link":"https:\/\/www.ifbaiano.edu.br\/unidades\/santaines\/if-baiano-celebra-ciencia-arte-e-inovacao-em-quarta-edicao-do-cepex\/","title":{"rendered":"IF Baiano Celebra Ci\u00eancia, Arte e Inova\u00e7\u00e3o em quarta edi\u00e7\u00e3o do CEPEX"},"content":{"rendered":"\n<p>O Instituto Federal Baiano (IF Baiano) realizou, entre os dias 16 e 18 de setembro de 2025, a quarta edi\u00e7\u00e3o do Congresso de Ensino, Pesquisa e Extens\u00e3o (CEPEX). Durante tr\u00eas dias, a cidade de <strong>Santo Est\u00eav\u00e3o<\/strong>, que em breve contar\u00e1 com um campus do IF Baiano, transformou-se em palco de ci\u00eancia, arte, cultura e inova\u00e7\u00e3o.<\/p>\n\n\n\n<p>O encerramento aconteceu na noite de quinta-feira (18), no Centro de Eventos Prof\u00aa Tereza Maria Silva Gesteira, reunindo estudantes, servidores e comunidade em uma cerim\u00f4nia marcada pela premia\u00e7\u00e3o dos destaques do congresso e do Festival de Arte e M\u00fasica do IF Baiano (FAMIF).<\/p>\n\n\n\n<h3 class=\"wp-block-heading\">Santa In\u00eas em Destaque: Reconhecimento \u00e0 Excel\u00eancia Acad\u00eamica<\/h3>\n\n\n\n<p>O Campus Santa In\u00eas marcou forte presen\u00e7a no evento, com 72 representantes entre estudantes e servidores. Essa participa\u00e7\u00e3o resultou em diversas premia\u00e7\u00f5es que evidenciam a qualidade do ensino, da pesquisa e da extens\u00e3o desenvolvidos na unidade. Os cursos de Licenciatura em Ci\u00eancias Biol\u00f3gicas, o Bacharelado em Zootecnia e a P\u00f3s-gradua\u00e7\u00e3o em Desenvolvimento Regional e Meio Ambiente foram contemplados em diferentes categorias.<\/p>\n\n\n\n<figure class=\"wp-block-gallery has-nested-images columns-default is-cropped wp-block-gallery-1 is-layout-flex\">\n<figure class=\"wp-block-image size-large\"><a href=\"https:\/\/www.ifbaiano.edu.br\/unidades\/santaines\/files\/2025\/09\/7720-f36069e.webp\"><img decoding=\"async\" loading=\"lazy\" width=\"895\" height=\"1024\" data-id=\"25612\"  src=\"https:\/\/www.ifbaiano.edu.br\/unidades\/santaines\/files\/2025\/09\/7720-f36069e-895x1024.webp\" alt=\"\" class=\"wp-image-25612\" srcset=\"https:\/\/www.ifbaiano.edu.br\/unidades\/santaines\/files\/2025\/09\/7720-f36069e-895x1024.webp 895w, https:\/\/www.ifbaiano.edu.br\/unidades\/santaines\/files\/2025\/09\/7720-f36069e-262x300.webp 262w, https:\/\/www.ifbaiano.edu.br\/unidades\/santaines\/files\/2025\/09\/7720-f36069e-768x879.webp 768w, https:\/\/www.ifbaiano.edu.br\/unidades\/santaines\/files\/2025\/09\/7720-f36069e-100x114.webp 100w, https:\/\/www.ifbaiano.edu.br\/unidades\/santaines\/files\/2025\/09\/7720-f36069e.webp 944w\" sizes=\"(max-width: 895px) 100vw, 895px\" \/><\/a><\/figure>\n\n\n\n<figure class=\"wp-block-image size-large\"><a href=\"https:\/\/www.ifbaiano.edu.br\/unidades\/santaines\/files\/2025\/09\/7642-1c8764b4.webp\"><img decoding=\"async\" loading=\"lazy\" width=\"987\" height=\"1024\" data-id=\"25603\"  src=\"https:\/\/www.ifbaiano.edu.br\/unidades\/santaines\/files\/2025\/09\/7642-1c8764b4-987x1024.webp\" alt=\"\" class=\"wp-image-25603\" srcset=\"https:\/\/www.ifbaiano.edu.br\/unidades\/santaines\/files\/2025\/09\/7642-1c8764b4-987x1024.webp 987w, https:\/\/www.ifbaiano.edu.br\/unidades\/santaines\/files\/2025\/09\/7642-1c8764b4-289x300.webp 289w, https:\/\/www.ifbaiano.edu.br\/unidades\/santaines\/files\/2025\/09\/7642-1c8764b4-768x797.webp 768w, https:\/\/www.ifbaiano.edu.br\/unidades\/santaines\/files\/2025\/09\/7642-1c8764b4-100x104.webp 100w, https:\/\/www.ifbaiano.edu.br\/unidades\/santaines\/files\/2025\/09\/7642-1c8764b4.webp 1041w\" sizes=\"(max-width: 987px) 100vw, 987px\" \/><\/a><\/figure>\n\n\n\n<figure class=\"wp-block-image size-large\"><a href=\"https:\/\/www.ifbaiano.edu.br\/unidades\/santaines\/files\/2025\/09\/2125-Everson.webp\"><img decoding=\"async\" loading=\"lazy\" width=\"747\" height=\"996\" data-id=\"25621\"  src=\"https:\/\/www.ifbaiano.edu.br\/unidades\/santaines\/files\/2025\/09\/2125-Everson.webp\" alt=\"\" class=\"wp-image-25621\" srcset=\"https:\/\/www.ifbaiano.edu.br\/unidades\/santaines\/files\/2025\/09\/2125-Everson.webp 747w, https:\/\/www.ifbaiano.edu.br\/unidades\/santaines\/files\/2025\/09\/2125-Everson-225x300.webp 225w, https:\/\/www.ifbaiano.edu.br\/unidades\/santaines\/files\/2025\/09\/2125-Everson-100x133.webp 100w\" sizes=\"(max-width: 747px) 100vw, 747px\" \/><\/a><\/figure>\n\n\n\n<figure class=\"wp-block-image size-large\"><a href=\"https:\/\/www.ifbaiano.edu.br\/unidades\/santaines\/files\/2025\/09\/7710-e9e05e21.webp\"><img decoding=\"async\" loading=\"lazy\" width=\"1004\" height=\"1024\" data-id=\"25611\"  src=\"https:\/\/www.ifbaiano.edu.br\/unidades\/santaines\/files\/2025\/09\/7710-e9e05e21-1004x1024.webp\" alt=\"\" class=\"wp-image-25611\" srcset=\"https:\/\/www.ifbaiano.edu.br\/unidades\/santaines\/files\/2025\/09\/7710-e9e05e21-1004x1024.webp 1004w, https:\/\/www.ifbaiano.edu.br\/unidades\/santaines\/files\/2025\/09\/7710-e9e05e21-294x300.webp 294w, https:\/\/www.ifbaiano.edu.br\/unidades\/santaines\/files\/2025\/09\/7710-e9e05e21-768x783.webp 768w, https:\/\/www.ifbaiano.edu.br\/unidades\/santaines\/files\/2025\/09\/7710-e9e05e21-100x102.webp 100w, https:\/\/www.ifbaiano.edu.br\/unidades\/santaines\/files\/2025\/09\/7710-e9e05e21.webp 1059w\" sizes=\"(max-width: 1004px) 100vw, 1004px\" \/><\/a><\/figure>\n\n\n\n<figure class=\"wp-block-image size-large\"><a href=\"https:\/\/www.ifbaiano.edu.br\/unidades\/santaines\/files\/2025\/09\/7669-5d1f4c3.webp\"><img decoding=\"async\" loading=\"lazy\" width=\"1024\" height=\"1022\" data-id=\"25606\"  src=\"https:\/\/www.ifbaiano.edu.br\/unidades\/santaines\/files\/2025\/09\/7669-5d1f4c3-1024x1022.webp\" alt=\"\" class=\"wp-image-25606\" srcset=\"https:\/\/www.ifbaiano.edu.br\/unidades\/santaines\/files\/2025\/09\/7669-5d1f4c3-1024x1022.webp 1024w, https:\/\/www.ifbaiano.edu.br\/unidades\/santaines\/files\/2025\/09\/7669-5d1f4c3-300x300.webp 300w, https:\/\/www.ifbaiano.edu.br\/unidades\/santaines\/files\/2025\/09\/7669-5d1f4c3-150x150.webp 150w, https:\/\/www.ifbaiano.edu.br\/unidades\/santaines\/files\/2025\/09\/7669-5d1f4c3-768x767.webp 768w, https:\/\/www.ifbaiano.edu.br\/unidades\/santaines\/files\/2025\/09\/7669-5d1f4c3-100x100.webp 100w, https:\/\/www.ifbaiano.edu.br\/unidades\/santaines\/files\/2025\/09\/7669-5d1f4c3.webp 1082w\" sizes=\"(max-width: 1024px) 100vw, 1024px\" \/><\/a><\/figure>\n<\/figure>\n\n\n\n<p>No <strong>FAMIF 2025<\/strong>, o destaque tamb\u00e9m foi expressivo, sobretudo com a participa\u00e7\u00e3o de estudantes dos cursos t\u00e9cnicos e de servidores, que conquistaram premia\u00e7\u00f5es em artes visuais, dan\u00e7a, m\u00fasica instrumental e performances musicais. Essas conquistas refor\u00e7am a for\u00e7a criativa do Campus Santa In\u00eas e mostram que a arte e a cultura tamb\u00e9m ocupam lugar central na forma\u00e7\u00e3o integral promovida pelo IF Baiano.<\/p>\n\n\n\n<p>A Diretora-geral do Campus, professora <strong>Genilda Lima<\/strong>, ressaltou a relev\u00e2ncia dessa conquista coletiva: \u201cO CEPEX e o FAMIF foram a demonstra\u00e7\u00e3o viva do dinamismo e da qualidade do trabalho realizado em nossos campi. Em Santa In\u00eas, os resultados refletem o empenho dos servidores, que se dedicam diariamente para garantir excel\u00eancia acad\u00eamica, e o protagonismo dos nossos estudantes, que assumem com coragem e criatividade o papel de transformadores da realidade. A participa\u00e7\u00e3o ativa em exposi\u00e7\u00f5es, apresenta\u00e7\u00f5es e produ\u00e7\u00f5es art\u00edsticas \u00e9 motivo de grande orgulho e refor\u00e7a a miss\u00e3o do IF Baiano de formar cidad\u00e3os cr\u00edticos, inovadores e comprometidos com a sociedade.\u201d<\/p>\n\n\n\n<p>O professor <strong>Fred Juli\u00e3o<\/strong>, Coordenador de Pesquisa do Campus Santa In\u00eas, destacou a abrang\u00eancia da programa\u00e7\u00e3o: \u201cA estrutura do CEPEX foi meticulosamente planejada para contemplar todos os segmentos de estudo, as m\u00faltiplas modalidades de ensino, as a\u00e7\u00f5es extensionistas e as mais variadas express\u00f5es art\u00edsticas. N\u00f3s somos Instituto Federal de Educa\u00e7\u00e3o, Ci\u00eancia, Tecnologia <strong>e Arte<\/strong> Baiano! Cada servidor e cada aluno que proporcionaram <em>o mais<\/em> nesta jornada merecem os parab\u00e9ns. Em tempos de dificuldades, o desejo de fazer mostra os caminhos, e o compromisso e a dedica\u00e7\u00e3o fazem acontecer\u201d, afirmou emocionado.<\/p>\n\n\n\n<p>A coordenadora de extens\u00e3o do campus&nbsp; <strong>Fabiane Barreto<\/strong>,&nbsp; tamb\u00e9m ressaltou o papel central dos estudantes: \u201cNossos alunos foram os grandes protagonistas, apresentando ao p\u00fablico o resultado de um trabalho desenvolvido com paix\u00e3o no ensino, na pesquisa e na extens\u00e3o. Esses resultados refor\u00e7am o compromisso do Campus Santa In\u00eas com a forma\u00e7\u00e3o integral, unindo conhecimento, inova\u00e7\u00e3o e cultura, e evidenciam o talento, dedica\u00e7\u00e3o e empenho de nossos estudantes e servidores.\u201d<\/p>\n\n\n\n<h3 class=\"wp-block-heading\"><strong>Premia\u00e7\u00f5es no CEPEX e Protagonismo Estudantil<\/strong>&nbsp;<\/h3>\n\n\n\n<p>As <strong>premia\u00e7\u00f5es no CEPEX<\/strong> n\u00e3o foram apenas reconhecimentos acad\u00eamicos; elas representaram a materializa\u00e7\u00e3o de projetos com impacto social e cient\u00edfico.<\/p>\n\n\n\n<ul>\n<li>O estudante <strong>Everson Silva<\/strong> (Licenciatura em Ci\u00eancias Biol\u00f3gicas) conquistou o 4\u00ba lugar na categoria <em>Trabalho de Extens\u00e3o Oral<\/em> com o projeto <em>Farm\u00e1cia Viva em A\u00e7\u00e3o: produ\u00e7\u00e3o e dissemina\u00e7\u00e3o de conhecimentos sobre plantas medicinais em Santa In\u00eas-BA<\/em>, contemplado pelo PBIEX.<\/li>\n<\/ul>\n\n\n\n<p>\u201cReceber a premia\u00e7\u00e3o no CEPEX foi um momento que jamais vou esquecer! \u00c9 a prova de que dedica\u00e7\u00e3o, paix\u00e3o e esfor\u00e7o transformam sonhos em realidade. Essa conquista me enche de alegria e energia para continuar acreditando no poder da educa\u00e7\u00e3o transformadora\u201d, afirmou Everson.<\/p>\n\n\n\n<ul>\n<li>A estudante <strong>Zeniele Nogueira<\/strong>, da Licenciatura em Ci\u00eancias Biol\u00f3gicas (PIBID), foi premiada em 4\u00ba lugar com o trabalho interdisciplinar, na categoria P\u00f4ster <strong>\u201cA influ\u00eancia da forma\u00e7\u00e3o docente em Geografia no processo de ensino e aprendizagem de discentes do IF Baiano, Campus Santa In\u00eas\u201d<\/strong>, destacando-se pelo m\u00e9rito acad\u00eamico e relev\u00e2ncia pedag\u00f3gica.<\/li>\n<\/ul>\n\n\n\n<ul>\n<li>A estudante <strong>Juliana Almeida<\/strong> (Bacharelado em Zootecnia) alcan\u00e7ou o 4\u00ba lugar em <em>Pesquisa Oral<\/em> com seu primeiro trabalho cient\u00edfico, <em>Mulheres na Cunicultura: Como a cama sobreposta contribui para a Sustentabilidade Ambiental<\/em>, vinculado ao Programa <em>Ci\u00eancia Por Elas (PIBIC)<\/em>.<\/li>\n<\/ul>\n\n\n\n<p>\u201cParticipar do programa foi especial por promover igualdade de g\u00eanero e empoderamento. Ficou evidente o potencial das mulheres na pesquisa. Produzimos mais, gastando menos, reaproveitamos res\u00edduos e transformamos em solu\u00e7\u00f5es sustent\u00e1veis para a cunicultura. Viva a ci\u00eancia! Viva as mulheres que produzem ci\u00eancia!\u201d, celebrou Juliana.<\/p>\n\n\n\n<ul>\n<li>Na P\u00f3s-gradua\u00e7\u00e3o, <strong>Neilton Souza<\/strong>, do curso de Desenvolvimento Regional e Meio Ambiente, conquistou o 3\u00ba lugar entre os melhores trabalhos apresentados, com o estudo <em>Res\u00edduo de banana como alternativa sustent\u00e1vel na cria\u00e7\u00e3o de Tenebrio molitor<\/em>, reconhecido pela inova\u00e7\u00e3o e relev\u00e2ncia ambiental.<\/li>\n<\/ul>\n\n\n\n<p>\u201cSer reconhecido no CEPEX entre os tr\u00eas melhores trabalhos apresentados, concorrendo com pesquisas de mestrandos de grande relev\u00e2ncia, foi uma honra indescrit\u00edvel. Essa premia\u00e7\u00e3o n\u00e3o representa apenas um m\u00e9rito pessoal, mas refor\u00e7a que a ci\u00eancia feita com prop\u00f3sito, sensibilidade e compromisso com a sustentabilidade tem espa\u00e7o e valor no cen\u00e1rio acad\u00eamico\u201d, destacou Neilton.<\/p>\n\n\n\n<h2 class=\"wp-block-heading\"><strong>Premia\u00e7\u00f5es FAMIF 2025: quando a arte brilha<\/strong><\/h2>\n\n\n\n<p>Com o tema <strong>\u201cOuse ser voc\u00ea\u201d<\/strong>, o Festival de Arte e M\u00fasica do IF Baiano (FAMIF) 2025 foi um espet\u00e1culo de coragem e autenticidade. O evento contou com 88 apresenta\u00e7\u00f5es finalistas e cerca de 150 participantes entre estudantes e servidores de todos os campi, celebrando a diversidade art\u00edstica em m\u00fasica, dan\u00e7a, teatro e artes visuais.<\/p>\n\n\n\n<p>O <strong>Campus Santa In\u00eas<\/strong>&nbsp; brilhou, conquistando:<\/p>\n\n\n\n<ul>\n<li><strong>2\u00ba lugar<\/strong> em <em>M\u00fasica Instrumental<\/em> com a apresenta\u00e7\u00e3o <em>Eclipse<\/em>, da discente <strong>Lorena dos Santos Nascimento da Silva<\/strong>;<\/li>\n\n\n\n<li><strong>3\u00ba lugar<\/strong> em <em>M\u00fasica Instrumental<\/em> com a banda <strong>Ritmos Urbanos<\/strong> (Heber Oliveira, Ravi Silva de Lima, Rober Marley Santos e Yuri L\u00e1zaro dos Santos), que fez o p\u00fablico cantar e dan\u00e7ar ao som do reggae de Edson Gomes;<\/li>\n\n\n\n<li><strong>3\u00ba lugar<\/strong> em <em>Dan\u00e7a<\/em> com a apresenta\u00e7\u00e3o <em>Pega a Vis\u00e3o!<\/em>, de <strong>Alisson Vieira Chaves e Maria Lu\u00edsa<\/strong>, aplaudidos pela energia e originalidade.<\/li>\n<\/ul>\n\n\n\n<figure class=\"wp-block-gallery has-nested-images columns-default is-cropped wp-block-gallery-3 is-layout-flex\">\n<figure class=\"wp-block-image size-large\"><a href=\"https:\/\/www.ifbaiano.edu.br\/unidades\/santaines\/files\/2025\/09\/7679-573624a.webp\"><img decoding=\"async\" loading=\"lazy\" width=\"1007\" height=\"1024\" data-id=\"25607\"  src=\"https:\/\/www.ifbaiano.edu.br\/unidades\/santaines\/files\/2025\/09\/7679-573624a-1007x1024.webp\" alt=\"\" class=\"wp-image-25607\" srcset=\"https:\/\/www.ifbaiano.edu.br\/unidades\/santaines\/files\/2025\/09\/7679-573624a-1007x1024.webp 1007w, https:\/\/www.ifbaiano.edu.br\/unidades\/santaines\/files\/2025\/09\/7679-573624a-295x300.webp 295w, https:\/\/www.ifbaiano.edu.br\/unidades\/santaines\/files\/2025\/09\/7679-573624a-768x781.webp 768w, https:\/\/www.ifbaiano.edu.br\/unidades\/santaines\/files\/2025\/09\/7679-573624a-100x102.webp 100w, https:\/\/www.ifbaiano.edu.br\/unidades\/santaines\/files\/2025\/09\/7679-573624a.webp 1062w\" sizes=\"(max-width: 1007px) 100vw, 1007px\" \/><\/a><\/figure>\n\n\n\n<figure class=\"wp-block-image size-large\"><a href=\"https:\/\/www.ifbaiano.edu.br\/unidades\/santaines\/files\/2025\/09\/1902-Premiados.webp\"><img decoding=\"async\" loading=\"lazy\" width=\"1024\" height=\"478\" data-id=\"25619\"  src=\"https:\/\/www.ifbaiano.edu.br\/unidades\/santaines\/files\/2025\/09\/1902-Premiados-1024x478.webp\" alt=\"\" class=\"wp-image-25619\" srcset=\"https:\/\/www.ifbaiano.edu.br\/unidades\/santaines\/files\/2025\/09\/1902-Premiados-1024x478.webp 1024w, https:\/\/www.ifbaiano.edu.br\/unidades\/santaines\/files\/2025\/09\/1902-Premiados-300x140.webp 300w, https:\/\/www.ifbaiano.edu.br\/unidades\/santaines\/files\/2025\/09\/1902-Premiados-768x359.webp 768w, https:\/\/www.ifbaiano.edu.br\/unidades\/santaines\/files\/2025\/09\/1902-Premiados-1536x717.webp 1536w, https:\/\/www.ifbaiano.edu.br\/unidades\/santaines\/files\/2025\/09\/1902-Premiados-100x47.webp 100w, https:\/\/www.ifbaiano.edu.br\/unidades\/santaines\/files\/2025\/09\/1902-Premiados.webp 1600w\" sizes=\"(max-width: 1024px) 100vw, 1024px\" \/><\/a><\/figure>\n\n\n\n<figure class=\"wp-block-image size-large\"><a href=\"https:\/\/www.ifbaiano.edu.br\/unidades\/santaines\/files\/2025\/09\/7647-3a47b3ac.webp\"><img decoding=\"async\" loading=\"lazy\" width=\"1024\" height=\"1005\" data-id=\"25604\"  src=\"https:\/\/www.ifbaiano.edu.br\/unidades\/santaines\/files\/2025\/09\/7647-3a47b3ac-1024x1005.webp\" alt=\"\" class=\"wp-image-25604\" srcset=\"https:\/\/www.ifbaiano.edu.br\/unidades\/santaines\/files\/2025\/09\/7647-3a47b3ac-1024x1005.webp 1024w, https:\/\/www.ifbaiano.edu.br\/unidades\/santaines\/files\/2025\/09\/7647-3a47b3ac-300x295.webp 300w, https:\/\/www.ifbaiano.edu.br\/unidades\/santaines\/files\/2025\/09\/7647-3a47b3ac-768x754.webp 768w, https:\/\/www.ifbaiano.edu.br\/unidades\/santaines\/files\/2025\/09\/7647-3a47b3ac-100x98.webp 100w, https:\/\/www.ifbaiano.edu.br\/unidades\/santaines\/files\/2025\/09\/7647-3a47b3ac.webp 1100w\" sizes=\"(max-width: 1024px) 100vw, 1024px\" \/><\/a><\/figure>\n\n\n\n<figure class=\"wp-block-image size-large\"><a href=\"https:\/\/www.ifbaiano.edu.br\/unidades\/santaines\/files\/2025\/09\/7695-d14a835.webp\"><img decoding=\"async\" loading=\"lazy\" width=\"1024\" height=\"887\" data-id=\"25609\"  src=\"https:\/\/www.ifbaiano.edu.br\/unidades\/santaines\/files\/2025\/09\/7695-d14a835-1024x887.webp\" alt=\"\" class=\"wp-image-25609\" srcset=\"https:\/\/www.ifbaiano.edu.br\/unidades\/santaines\/files\/2025\/09\/7695-d14a835-1024x887.webp 1024w, https:\/\/www.ifbaiano.edu.br\/unidades\/santaines\/files\/2025\/09\/7695-d14a835-300x260.webp 300w, https:\/\/www.ifbaiano.edu.br\/unidades\/santaines\/files\/2025\/09\/7695-d14a835-768x665.webp 768w, https:\/\/www.ifbaiano.edu.br\/unidades\/santaines\/files\/2025\/09\/7695-d14a835-100x87.webp 100w, https:\/\/www.ifbaiano.edu.br\/unidades\/santaines\/files\/2025\/09\/7695-d14a835.webp 1247w\" sizes=\"(max-width: 1024px) 100vw, 1024px\" \/><\/a><\/figure>\n\n\n\n<figure class=\"wp-block-image size-large\"><a href=\"https:\/\/www.ifbaiano.edu.br\/unidades\/santaines\/files\/2025\/09\/7701-d69a2854.webp\"><img decoding=\"async\" loading=\"lazy\" width=\"976\" height=\"1024\" data-id=\"25610\"  src=\"https:\/\/www.ifbaiano.edu.br\/unidades\/santaines\/files\/2025\/09\/7701-d69a2854-976x1024.webp\" alt=\"\" class=\"wp-image-25610\" srcset=\"https:\/\/www.ifbaiano.edu.br\/unidades\/santaines\/files\/2025\/09\/7701-d69a2854-976x1024.webp 976w, https:\/\/www.ifbaiano.edu.br\/unidades\/santaines\/files\/2025\/09\/7701-d69a2854-286x300.webp 286w, https:\/\/www.ifbaiano.edu.br\/unidades\/santaines\/files\/2025\/09\/7701-d69a2854-768x806.webp 768w, https:\/\/www.ifbaiano.edu.br\/unidades\/santaines\/files\/2025\/09\/7701-d69a2854-100x105.webp 100w, https:\/\/www.ifbaiano.edu.br\/unidades\/santaines\/files\/2025\/09\/7701-d69a2854.webp 1029w\" sizes=\"(max-width: 976px) 100vw, 976px\" \/><\/a><\/figure>\n\n\n\n<figure class=\"wp-block-image size-large\"><a href=\"https:\/\/www.ifbaiano.edu.br\/unidades\/santaines\/files\/2025\/09\/7688-ba342cd.webp\"><img decoding=\"async\" loading=\"lazy\" width=\"1024\" height=\"1012\" data-id=\"25608\"  src=\"https:\/\/www.ifbaiano.edu.br\/unidades\/santaines\/files\/2025\/09\/7688-ba342cd-1024x1012.webp\" alt=\"\" class=\"wp-image-25608\" srcset=\"https:\/\/www.ifbaiano.edu.br\/unidades\/santaines\/files\/2025\/09\/7688-ba342cd-1024x1012.webp 1024w, https:\/\/www.ifbaiano.edu.br\/unidades\/santaines\/files\/2025\/09\/7688-ba342cd-300x296.webp 300w, https:\/\/www.ifbaiano.edu.br\/unidades\/santaines\/files\/2025\/09\/7688-ba342cd-768x759.webp 768w, https:\/\/www.ifbaiano.edu.br\/unidades\/santaines\/files\/2025\/09\/7688-ba342cd-100x99.webp 100w, https:\/\/www.ifbaiano.edu.br\/unidades\/santaines\/files\/2025\/09\/7688-ba342cd.webp 1093w\" sizes=\"(max-width: 1024px) 100vw, 1024px\" \/><\/a><\/figure>\n\n\n\n<figure class=\"wp-block-image size-large\"><a href=\"https:\/\/www.ifbaiano.edu.br\/unidades\/santaines\/files\/2025\/09\/1902-Banda.webp\"><img decoding=\"async\" loading=\"lazy\" width=\"1024\" height=\"478\" data-id=\"25620\"  src=\"https:\/\/www.ifbaiano.edu.br\/unidades\/santaines\/files\/2025\/09\/1902-Banda-1024x478.webp\" alt=\"\" class=\"wp-image-25620\" srcset=\"https:\/\/www.ifbaiano.edu.br\/unidades\/santaines\/files\/2025\/09\/1902-Banda-1024x478.webp 1024w, https:\/\/www.ifbaiano.edu.br\/unidades\/santaines\/files\/2025\/09\/1902-Banda-300x140.webp 300w, https:\/\/www.ifbaiano.edu.br\/unidades\/santaines\/files\/2025\/09\/1902-Banda-768x359.webp 768w, https:\/\/www.ifbaiano.edu.br\/unidades\/santaines\/files\/2025\/09\/1902-Banda-1536x717.webp 1536w, https:\/\/www.ifbaiano.edu.br\/unidades\/santaines\/files\/2025\/09\/1902-Banda-100x47.webp 100w, https:\/\/www.ifbaiano.edu.br\/unidades\/santaines\/files\/2025\/09\/1902-Banda.webp 1600w\" sizes=\"(max-width: 1024px) 100vw, 1024px\" \/><\/a><\/figure>\n<\/figure>\n\n\n\n<p>Al\u00e9m disso, o campus foi representado nas artes visuais por <strong>Larissa Costa<\/strong> (T\u00e9cnico em Inform\u00e1tica) e pela servidora <strong>Eliane Ferreira Barbosa<\/strong>, e tamb\u00e9m pela performance musical <em>Enigm\u00e1tico<\/em>, de <strong>Esther Souza de Lima<\/strong> (T\u00e9cnico em Alimentos).<\/p>\n\n\n\n<p>Para o estudante<strong> \u00c1lisson Vieira<\/strong>, \u201cParticipar do FAMIF 2025, que foi realizado em mesmo per\u00edodo ao CEPEX, me proporcionou vivenciar apresenta\u00e7\u00f5es art\u00edsticas e cient\u00edficas de excel\u00eancia! Dan\u00e7ar no FAMIF sempre me faz enxergar a complexidade e diversidade cultural dos diferentes campi do IF Baiano, tendo em vista que ano passado participei em equipe e trouxemos o trof\u00e9u para o Campus Santa In\u00eas! Esse ano, com muito esfor\u00e7o e apresentando em dupla, conseguimos ficar no p\u00f3dio novamente, obtendo medalhas de terceiro lugar na apresenta\u00e7\u00e3o com foco no tema <em>\u2018OUSE SER VOC\u00ca\u2019<\/em>.<\/p>\n\n\n\n<p>N\u00e3o s\u00f3 o FAMIF, mas tamb\u00e9m o CEPEX, me trouxeram diversos benef\u00edcios, como conhecer novas identidades e lugares, reconhecer a pot\u00eancia tecnol\u00f3gica e cient\u00edfica na educa\u00e7\u00e3o de qualidade do IF Baiano, al\u00e9m de estar perto das estrelas do Campus Santa In\u00eas, que brilharam em ambos eventos! Vem FAMIF\/CEPEX 2026!\u201d, celebrou o estudante participante.<\/p>\n\n\n\n<p>Para mais informa\u00e7\u00f5es sobre os eventos acesse as p\u00e1ginas oficiais <a href=\"https:\/\/eventos.ifbaiano.edu.br\/portal\/congresso\/\">CEPEX<\/a> e <a href=\"https:\/\/ifbaiano.edu.br\/portal\/extensao\/famif-2025\/\">FAMIF<\/a>.&nbsp;N\u00e3o perca a chance de inspirar-se e de construir um futuro promissor com o IF Baiano!<\/p>\n\n\n\n<h2 class=\"wp-block-heading\"><strong>Venha fazer parte da pr\u00f3xima gera\u00e7\u00e3o de talentos do IF Baiano!<\/strong><\/h2>\n\n\n\n<p>O IV CEPEX e o FAMIF 2025 mostraram o potencial transformador do IF Baiano, onde pesquisa inovadora, extens\u00e3o engajada e express\u00e3o art\u00edstica caminham juntas na forma\u00e7\u00e3o de profissionais competentes e cidad\u00e3os conscientes.<\/p>\n\n\n\n<p>Agora \u00e9 a sua vez de brilhar! O <strong>processo seletivo 2026<\/strong> para os cursos integrados est\u00e1 <strong>aberto<\/strong>, oferecendo oportunidades de ensino de qualidade, participa\u00e7\u00e3o em projetos de pesquisa, extens\u00e3o e atividades culturais.<\/p>\n\n\n\n<p>N\u00e3o perca a chance de desenvolver suas habilidades, explorar talentos e construir um futuro promissor no <strong>IF Baiano \u2013 Campus Santa In\u00eas<\/strong>.<\/p>\n\n\n\n<p><strong>Inscreva-se agora e garanta sua vaga!<\/strong><\/p>\n\n\n\n<p>Para mais informa\u00e7\u00f5es sobre cursos, vagas e inscri\u00e7\u00f5es, acesse a <a href=\"https:\/\/ingresso.ifbaiano.edu.br\/\">p\u00e1gina oficial do <strong>IF Baiano<\/strong><\/a> ou clique diretamente na <a href=\"https:\/\/ingresso.ifbaiano.edu.br\/concursos\/integrado-santa-ines-2026\/\">p\u00e1gina do Campus Santa In\u00eas<\/a>.<\/p>\n\n\n\n<hr class=\"wp-block-separator has-alpha-channel-opacity\" \/>\n","protected":false},"excerpt":{"rendered":"<p>O Instituto Federal Baiano (IF Baiano) realizou, entre os dias 16 e 18 de setembro de 2025, a quarta edi\u00e7\u00e3o do Congresso de Ensino, Pesquisa e Extens\u00e3o (CEPEX). Durante tr\u00eas dias, a cidade de Santo Est\u00eav\u00e3o, que em breve contar\u00e1 com um campus do IF Baiano, transformou-se em palco de ci\u00eancia, arte, cultura e inova\u00e7\u00e3o. [&hellip;]<\/p>\n","protected":false},"author":86,"featured_media":25613,"comment_status":"closed","ping_status":"closed","sticky":false,"template":"","format":"standard","meta":[],"categories":[4,5,57],"tags":[],"_links":{"self":[{"href":"https:\/\/www.ifbaiano.edu.br\/unidades\/santaines\/wp-json\/wp\/v2\/posts\/25602"}],"collection":[{"href":"https:\/\/www.ifbaiano.edu.br\/unidades\/santaines\/wp-json\/wp\/v2\/posts"}],"about":[{"href":"https:\/\/www.ifbaiano.edu.br\/unidades\/santaines\/wp-json\/wp\/v2\/types\/post"}],"author":[{"embeddable":true,"href":"https:\/\/www.ifbaiano.edu.br\/unidades\/santaines\/wp-json\/wp\/v2\/users\/86"}],"replies":[{"embeddable":true,"href":"https:\/\/www.ifbaiano.edu.br\/unidades\/santaines\/wp-json\/wp\/v2\/comments?post=25602"}],"version-history":[{"count":9,"href":"https:\/\/www.ifbaiano.edu.br\/unidades\/santaines\/wp-json\/wp\/v2\/posts\/25602\/revisions"}],"predecessor-version":[{"id":25658,"href":"https:\/\/www.ifbaiano.edu.br\/unidades\/santaines\/wp-json\/wp\/v2\/posts\/25602\/revisions\/25658"}],"wp:featuredmedia":[{"embeddable":true,"href":"https:\/\/www.ifbaiano.edu.br\/unidades\/santaines\/wp-json\/wp\/v2\/media\/25613"}],"wp:attachment":[{"href":"https:\/\/www.ifbaiano.edu.br\/unidades\/santaines\/wp-json\/wp\/v2\/media?parent=25602"}],"wp:term":[{"taxonomy":"category","embeddable":true,"href":"https:\/\/www.ifbaiano.edu.br\/unidades\/santaines\/wp-json\/wp\/v2\/categories?post=25602"},{"taxonomy":"post_tag","embeddable":true,"href":"https:\/\/www.ifbaiano.edu.br\/unidades\/santaines\/wp-json\/wp\/v2\/tags?post=25602"}],"curies":[{"name":"wp","href":"https:\/\/api.w.org\/{rel}","templated":true}]}}