{"id":25642,"date":"2025-09-23T22:02:08","date_gmt":"2025-09-24T01:02:08","guid":{"rendered":"https:\/\/www.ifbaiano.edu.br\/unidades\/santaines\/?p=25642"},"modified":"2025-09-24T11:22:22","modified_gmt":"2025-09-24T14:22:22","slug":"campus-santa-ines-convoca-comunidade-para-autoavaliacao-institucional-2025","status":"publish","type":"post","link":"https:\/\/www.ifbaiano.edu.br\/unidades\/santaines\/campus-santa-ines-convoca-comunidade-para-autoavaliacao-institucional-2025\/","title":{"rendered":"Campus Santa In\u00eas convoca comunidade para autoavalia\u00e7\u00e3o institucional 2025"},"content":{"rendered":"\n<p>A Comiss\u00e3o Pr\u00f3pria de Avalia\u00e7\u00e3o (CPA) do Campus Santa In\u00eas do Instituto Federal Baiano (IF Baiano) convida toda a comunidade acad\u00eamica e civil a pa2226rticipar ativamente do processo de autoavalia\u00e7\u00e3o institucional referente ao ano de 2025. A etapa, crucial para o aprimoramento cont\u00ednuo da institui\u00e7\u00e3o, ocorrer\u00e1 no per\u00edodo de&nbsp;<strong>10 de setembro a 15 de outubro de 2025<\/strong>.<\/p>\n\n\n\n<p>Estudantes de gradua\u00e7\u00e3o, professores, t\u00e9cnicos administrativos e a sociedade civil de Santa In\u00eas e munic\u00edpios vizinhos s\u00e3o convidados a contribuir com suas percep\u00e7\u00f5es. Nesta fase, ser\u00e3o minuciosamente avaliados os eixos &#8220;Pol\u00edticas Acad\u00eamicas&#8221; e &#8220;Pol\u00edticas de Gest\u00e3o&#8221;, pilares fundamentais para o crescimento e a qualidade do ensino oferecido.<\/p>\n\n\n\n<p>A participa\u00e7\u00e3o ser\u00e1 viabilizada por meio de question\u00e1rios online, segmentados por p\u00fablico, garantindo que as opini\u00f5es de cada grupo sejam devidamente coletadas. Os links para acesso aos formul\u00e1rios s\u00e3o:<\/p>\n\n\n\n<ul>\n<li><strong><a href=\"https:\/\/opinanovo.ifbaiano.edu.br\/index.php\/833459?lang=pt-BR\">Segmento discente<\/a><\/strong><\/li>\n\n\n\n<li><strong><a href=\"http:\/\/opinanovo.ifbaiano.edu.br\/index.php\/965725?lang=pt-BR\">Segmento docente<\/a><\/strong><\/li>\n\n\n\n<li><strong><a href=\"http:\/\/opinanovo.ifbaiano.edu.br\/index.php\/232339?lang=pt-BR\">Segmento T\u00e9cnico Administrativo<\/a><\/strong><\/li>\n\n\n\n<li><strong><a href=\"http:\/\/opinanovo.ifbaiano.edu.br\/index.php\/291195?lang=pt-BR\">Segmento Sociedade Civil<\/a><\/strong><\/li>\n<\/ul>\n\n\n\n<p>A CPA refor\u00e7a a import\u00e2ncia da colabora\u00e7\u00e3o de todos para o sucesso deste processo. As informa\u00e7\u00f5es coletadas s\u00e3o essenciais para identificar pontos fortes, \u00e1reas de melhoria e subsidiar a elabora\u00e7\u00e3o de planos de a\u00e7\u00e3o que visam o desenvolvimento e o fortalecimento das a\u00e7\u00f5es institucionais tanto do Campus Santa In\u00eas quanto do Instituto Federal Baiano.<\/p>\n\n\n\n<p>Para maior transpar\u00eancia e acompanhamento das a\u00e7\u00f5es, a CPA tamb\u00e9m disponibiliza o <a href=\"https:\/\/ifbaiano.edu.br\/portal\/wp-content\/uploads\/2025\/06\/RELATORIO-PARCIAL-DE-AUTOAVALIACAO-INSTITUCIONAL-2024_CPA-CENTRAL-IF-BAIANO.pdf\">relat\u00f3rio parcial da avalia\u00e7\u00e3o realizada em 2024<\/a>.<\/p>\n\n\n\n<p>A participa\u00e7\u00e3o da comunidade \u00e9 um diferencial para construir um IF Baiano cada vez mais qualificado e alinhado \u00e0s necessidades de seus p\u00fablicos.<\/p>\n\n\n\n<p>Entenda como funcionam os processos de avalia\u00e7\u00e3o institucional e acesse os relat\u00f3rios de avalia\u00e7\u00f5es anteriores na&nbsp;<a rel=\"noreferrer noopener\" href=\"https:\/\/ifbaiano.edu.br\/portal\/comissoes\/comissao-propria-de-avaliacao\/\" target=\"_blank\">p\u00e1gina da Comiss\u00e3o Pr\u00f3pria de Avalia\u00e7\u00e3o (CPA)<\/a>.<\/p>\n\n\n\n<hr class=\"wp-block-separator has-alpha-channel-opacity\" \/>\n","protected":false},"excerpt":{"rendered":"<p>A Comiss\u00e3o Pr\u00f3pria de Avalia\u00e7\u00e3o (CPA) do Campus Santa In\u00eas do Instituto Federal Baiano (IF Baiano) convida toda a comunidade acad\u00eamica e civil a pa2226rticipar ativamente do processo de autoavalia\u00e7\u00e3o institucional referente ao ano de 2025. A etapa, crucial para o aprimoramento cont\u00ednuo da institui\u00e7\u00e3o, ocorrer\u00e1 no per\u00edodo de&nbsp;10 de setembro a 15 de outubro [&hellip;]<\/p>\n","protected":false},"author":86,"featured_media":25647,"comment_status":"closed","ping_status":"closed","sticky":false,"template":"","format":"standard","meta":[],"categories":[4,57],"tags":[],"_links":{"self":[{"href":"https:\/\/www.ifbaiano.edu.br\/unidades\/santaines\/wp-json\/wp\/v2\/posts\/25642"}],"collection":[{"href":"https:\/\/www.ifbaiano.edu.br\/unidades\/santaines\/wp-json\/wp\/v2\/posts"}],"about":[{"href":"https:\/\/www.ifbaiano.edu.br\/unidades\/santaines\/wp-json\/wp\/v2\/types\/post"}],"author":[{"embeddable":true,"href":"https:\/\/www.ifbaiano.edu.br\/unidades\/santaines\/wp-json\/wp\/v2\/users\/86"}],"replies":[{"embeddable":true,"href":"https:\/\/www.ifbaiano.edu.br\/unidades\/santaines\/wp-json\/wp\/v2\/comments?post=25642"}],"version-history":[{"count":4,"href":"https:\/\/www.ifbaiano.edu.br\/unidades\/santaines\/wp-json\/wp\/v2\/posts\/25642\/revisions"}],"predecessor-version":[{"id":25651,"href":"https:\/\/www.ifbaiano.edu.br\/unidades\/santaines\/wp-json\/wp\/v2\/posts\/25642\/revisions\/25651"}],"wp:featuredmedia":[{"embeddable":true,"href":"https:\/\/www.ifbaiano.edu.br\/unidades\/santaines\/wp-json\/wp\/v2\/media\/25647"}],"wp:attachment":[{"href":"https:\/\/www.ifbaiano.edu.br\/unidades\/santaines\/wp-json\/wp\/v2\/media?parent=25642"}],"wp:term":[{"taxonomy":"category","embeddable":true,"href":"https:\/\/www.ifbaiano.edu.br\/unidades\/santaines\/wp-json\/wp\/v2\/categories?post=25642"},{"taxonomy":"post_tag","embeddable":true,"href":"https:\/\/www.ifbaiano.edu.br\/unidades\/santaines\/wp-json\/wp\/v2\/tags?post=25642"}],"curies":[{"name":"wp","href":"https:\/\/api.w.org\/{rel}","templated":true}]}}