{"id":25661,"date":"2025-09-27T12:54:27","date_gmt":"2025-09-27T15:54:27","guid":{"rendered":"https:\/\/www.ifbaiano.edu.br\/unidades\/santaines\/?p=25661"},"modified":"2025-09-27T12:54:27","modified_gmt":"2025-09-27T15:54:27","slug":"campus-santa-ines-capacita-estudantes-em-pilotagem-de-drones-para-agricultura-de-precisao","status":"publish","type":"post","link":"https:\/\/www.ifbaiano.edu.br\/unidades\/santaines\/campus-santa-ines-capacita-estudantes-em-pilotagem-de-drones-para-agricultura-de-precisao\/","title":{"rendered":"Campus Santa In\u00eas capacita estudantes em Pilotagem de Drones para Agricultura de Precis\u00e3o"},"content":{"rendered":"\n<p>O Instituto Federal Baiano (IF Baiano) \u2013 Campus Santa In\u00eas, em parceria com o Servi\u00e7o Nacional de Aprendizagem Rural (Senar-Bahia) e o Sindicato Rural de Jequi\u00e9, capacita mais uma turma do curso de forma\u00e7\u00e3o profissional rural &#8220;Pilotagem de Drone para Agricultura de Precis\u00e3o&#8221;. Realizado entre os dias 24 e 26 de setembro de 2025, o treinamento capacitou 11 estudantes do Bacharelado em Zootecnia e uma professora do pr\u00f3prio campus.<\/p>\n\n\n\n<p>Esta \u00e9 a terceira turma do curso, que visa preparar os participantes para operar drones de maneira segura, coletar e interpretar dados, monitorar pastagens, identificar problemas e acompanhar rebanhos por meio de imagens a\u00e9reas. A iniciativa busca ampliar as possibilidades de atua\u00e7\u00e3o do zootecnista, integrando tecnologia \u00e0 produ\u00e7\u00e3o animal e preparando-o para as demandas do mercado de trabalho.<\/p>\n\n\n\n<figure class=\"wp-block-gallery has-nested-images columns-default is-cropped wp-block-gallery-1 is-layout-flex\">\n<figure class=\"wp-block-image size-large\"><a href=\"https:\/\/www.ifbaiano.edu.br\/unidades\/santaines\/files\/2025\/09\/8327-2b2adb74-f47f-4541-ba00-4c4fc037230f.webp\"><img decoding=\"async\" loading=\"lazy\" width=\"1024\" height=\"682\" data-id=\"25662\"  src=\"https:\/\/www.ifbaiano.edu.br\/unidades\/santaines\/files\/2025\/09\/8327-2b2adb74-f47f-4541-ba00-4c4fc037230f-1024x682.webp\" alt=\"\" class=\"wp-image-25662\" srcset=\"https:\/\/www.ifbaiano.edu.br\/unidades\/santaines\/files\/2025\/09\/8327-2b2adb74-f47f-4541-ba00-4c4fc037230f-1024x682.webp 1024w, https:\/\/www.ifbaiano.edu.br\/unidades\/santaines\/files\/2025\/09\/8327-2b2adb74-f47f-4541-ba00-4c4fc037230f-300x200.webp 300w, https:\/\/www.ifbaiano.edu.br\/unidades\/santaines\/files\/2025\/09\/8327-2b2adb74-f47f-4541-ba00-4c4fc037230f-768x512.webp 768w, https:\/\/www.ifbaiano.edu.br\/unidades\/santaines\/files\/2025\/09\/8327-2b2adb74-f47f-4541-ba00-4c4fc037230f-1536x1023.webp 1536w, https:\/\/www.ifbaiano.edu.br\/unidades\/santaines\/files\/2025\/09\/8327-2b2adb74-f47f-4541-ba00-4c4fc037230f-100x67.webp 100w, https:\/\/www.ifbaiano.edu.br\/unidades\/santaines\/files\/2025\/09\/8327-2b2adb74-f47f-4541-ba00-4c4fc037230f.webp 1600w\" sizes=\"(max-width: 1024px) 100vw, 1024px\" \/><\/a><\/figure>\n\n\n\n<figure class=\"wp-block-image size-large\"><a href=\"https:\/\/www.ifbaiano.edu.br\/unidades\/santaines\/files\/2025\/09\/8330-113ecdb7-45b6-4bac-b6a2-64c27d000152.webp\"><img decoding=\"async\" loading=\"lazy\" width=\"1024\" height=\"682\" data-id=\"25663\"  src=\"https:\/\/www.ifbaiano.edu.br\/unidades\/santaines\/files\/2025\/09\/8330-113ecdb7-45b6-4bac-b6a2-64c27d000152-1024x682.webp\" alt=\"\" class=\"wp-image-25663\" srcset=\"https:\/\/www.ifbaiano.edu.br\/unidades\/santaines\/files\/2025\/09\/8330-113ecdb7-45b6-4bac-b6a2-64c27d000152-1024x682.webp 1024w, https:\/\/www.ifbaiano.edu.br\/unidades\/santaines\/files\/2025\/09\/8330-113ecdb7-45b6-4bac-b6a2-64c27d000152-300x200.webp 300w, https:\/\/www.ifbaiano.edu.br\/unidades\/santaines\/files\/2025\/09\/8330-113ecdb7-45b6-4bac-b6a2-64c27d000152-768x512.webp 768w, https:\/\/www.ifbaiano.edu.br\/unidades\/santaines\/files\/2025\/09\/8330-113ecdb7-45b6-4bac-b6a2-64c27d000152-1536x1023.webp 1536w, https:\/\/www.ifbaiano.edu.br\/unidades\/santaines\/files\/2025\/09\/8330-113ecdb7-45b6-4bac-b6a2-64c27d000152-100x67.webp 100w, https:\/\/www.ifbaiano.edu.br\/unidades\/santaines\/files\/2025\/09\/8330-113ecdb7-45b6-4bac-b6a2-64c27d000152.webp 1600w\" sizes=\"(max-width: 1024px) 100vw, 1024px\" \/><\/a><\/figure>\n\n\n\n<figure class=\"wp-block-image size-large\"><a href=\"https:\/\/www.ifbaiano.edu.br\/unidades\/santaines\/files\/2025\/09\/8334-b79d.webp\"><img decoding=\"async\" loading=\"lazy\" width=\"682\" height=\"1024\" data-id=\"25665\"  src=\"https:\/\/www.ifbaiano.edu.br\/unidades\/santaines\/files\/2025\/09\/8334-b79d-682x1024.webp\" alt=\"\" class=\"wp-image-25665\" srcset=\"https:\/\/www.ifbaiano.edu.br\/unidades\/santaines\/files\/2025\/09\/8334-b79d-682x1024.webp 682w, https:\/\/www.ifbaiano.edu.br\/unidades\/santaines\/files\/2025\/09\/8334-b79d-200x300.webp 200w, https:\/\/www.ifbaiano.edu.br\/unidades\/santaines\/files\/2025\/09\/8334-b79d-100x150.webp 100w, https:\/\/www.ifbaiano.edu.br\/unidades\/santaines\/files\/2025\/09\/8334-b79d.webp 719w\" sizes=\"(max-width: 682px) 100vw, 682px\" \/><\/a><\/figure>\n<\/figure>\n\n\n\n<p>O professor Antonio Alcyone Junior, respons\u00e1vel pela viabiliza\u00e7\u00e3o dos cursos, destacou a import\u00e2ncia da capacita\u00e7\u00e3o. &#8220;J\u00e1 capacitamos 36 pessoas, entre estudantes e servidores do Campus. A pilotagem de drones para agricultura de precis\u00e3o \u00e9 essencial para os alunos de Zootecnia, pois promove o dom\u00ednio de uma tecnologia cada vez mais utilizada no campo, aumentando a efici\u00eancia e qualificando o trabalho profissional&#8221;, afirmou. Ele acrescentou que o curso foi projetado para proporcionar aos alunos uma viv\u00eancia pr\u00e1tica com tecnologias modernas, ampliando seu campo de trabalho e preparando-os para um mercado cada vez mais tecnol\u00f3gico.<\/p>\n\n\n\n<p>Alec Barreto, estudante de Zootecnia e um dos participantes, ressaltou a relev\u00e2ncia da experi\u00eancia. &#8220;Conclu\u00edmos o curso de pilotagem de drones para agricultura de precis\u00e3o. Tivemos a oportunidade de aprender de forma pr\u00e1tica e te\u00f3rica sobre as diversas aplica\u00e7\u00f5es dessa tecnologia no campo, como mapeamento, monitoramento de lavouras e aux\u00edlio na tomada de decis\u00f5es. Foi uma experi\u00eancia enriquecedora que certamente contribuir\u00e1 para nossa forma\u00e7\u00e3o profissional&#8221;, concluiu.<\/p>\n\n\n\n<p>A iniciativa demonstra o compromisso do IF Baiano \u2013 Campus Santa In\u00eas em oferecer uma educa\u00e7\u00e3o alinhada \u00e0s inova\u00e7\u00f5es tecnol\u00f3gicas, formando profissionais qualificados e preparados para os desafios do agroneg\u00f3cio moderno.<\/p>\n\n\n\n<figure class=\"wp-block-gallery has-nested-images columns-default is-cropped wp-block-gallery-3 is-layout-flex\">\n<figure class=\"wp-block-image size-large\"><a href=\"https:\/\/www.ifbaiano.edu.br\/unidades\/santaines\/files\/2025\/09\/8332-b35c6c16-3be8-44ad-ae29-517954525445.webp\"><img decoding=\"async\" loading=\"lazy\" width=\"1024\" height=\"682\" data-id=\"25664\"  src=\"https:\/\/www.ifbaiano.edu.br\/unidades\/santaines\/files\/2025\/09\/8332-b35c6c16-3be8-44ad-ae29-517954525445-1024x682.webp\" alt=\"\" class=\"wp-image-25664\" srcset=\"https:\/\/www.ifbaiano.edu.br\/unidades\/santaines\/files\/2025\/09\/8332-b35c6c16-3be8-44ad-ae29-517954525445-1024x682.webp 1024w, https:\/\/www.ifbaiano.edu.br\/unidades\/santaines\/files\/2025\/09\/8332-b35c6c16-3be8-44ad-ae29-517954525445-300x200.webp 300w, https:\/\/www.ifbaiano.edu.br\/unidades\/santaines\/files\/2025\/09\/8332-b35c6c16-3be8-44ad-ae29-517954525445-768x512.webp 768w, https:\/\/www.ifbaiano.edu.br\/unidades\/santaines\/files\/2025\/09\/8332-b35c6c16-3be8-44ad-ae29-517954525445-1536x1023.webp 1536w, https:\/\/www.ifbaiano.edu.br\/unidades\/santaines\/files\/2025\/09\/8332-b35c6c16-3be8-44ad-ae29-517954525445-100x67.webp 100w, https:\/\/www.ifbaiano.edu.br\/unidades\/santaines\/files\/2025\/09\/8332-b35c6c16-3be8-44ad-ae29-517954525445.webp 1600w\" sizes=\"(max-width: 1024px) 100vw, 1024px\" \/><\/a><\/figure>\n\n\n\n<figure class=\"wp-block-image size-large\"><a href=\"https:\/\/www.ifbaiano.edu.br\/unidades\/santaines\/files\/2025\/09\/8335-e6e6f860-33ce-4b6e-9868-1843a0b6da74.webp\"><img decoding=\"async\" loading=\"lazy\" width=\"1024\" height=\"682\" data-id=\"25666\"  src=\"https:\/\/www.ifbaiano.edu.br\/unidades\/santaines\/files\/2025\/09\/8335-e6e6f860-33ce-4b6e-9868-1843a0b6da74-1024x682.webp\" alt=\"\" class=\"wp-image-25666\" srcset=\"https:\/\/www.ifbaiano.edu.br\/unidades\/santaines\/files\/2025\/09\/8335-e6e6f860-33ce-4b6e-9868-1843a0b6da74-1024x682.webp 1024w, https:\/\/www.ifbaiano.edu.br\/unidades\/santaines\/files\/2025\/09\/8335-e6e6f860-33ce-4b6e-9868-1843a0b6da74-300x200.webp 300w, https:\/\/www.ifbaiano.edu.br\/unidades\/santaines\/files\/2025\/09\/8335-e6e6f860-33ce-4b6e-9868-1843a0b6da74-768x512.webp 768w, https:\/\/www.ifbaiano.edu.br\/unidades\/santaines\/files\/2025\/09\/8335-e6e6f860-33ce-4b6e-9868-1843a0b6da74-1536x1023.webp 1536w, https:\/\/www.ifbaiano.edu.br\/unidades\/santaines\/files\/2025\/09\/8335-e6e6f860-33ce-4b6e-9868-1843a0b6da74-100x67.webp 100w, https:\/\/www.ifbaiano.edu.br\/unidades\/santaines\/files\/2025\/09\/8335-e6e6f860-33ce-4b6e-9868-1843a0b6da74.webp 1600w\" sizes=\"(max-width: 1024px) 100vw, 1024px\" \/><\/a><\/figure>\n\n\n\n<figure class=\"wp-block-image size-large\"><a href=\"https:\/\/www.ifbaiano.edu.br\/unidades\/santaines\/files\/2025\/09\/8338-e9e8aba8-08db-47d0-8232-c17bc5dc9eb1.webp\"><img decoding=\"async\" loading=\"lazy\" width=\"1024\" height=\"682\" data-id=\"25667\"  src=\"https:\/\/www.ifbaiano.edu.br\/unidades\/santaines\/files\/2025\/09\/8338-e9e8aba8-08db-47d0-8232-c17bc5dc9eb1-1024x682.webp\" alt=\"\" class=\"wp-image-25667\" srcset=\"https:\/\/www.ifbaiano.edu.br\/unidades\/santaines\/files\/2025\/09\/8338-e9e8aba8-08db-47d0-8232-c17bc5dc9eb1-1024x682.webp 1024w, https:\/\/www.ifbaiano.edu.br\/unidades\/santaines\/files\/2025\/09\/8338-e9e8aba8-08db-47d0-8232-c17bc5dc9eb1-300x200.webp 300w, https:\/\/www.ifbaiano.edu.br\/unidades\/santaines\/files\/2025\/09\/8338-e9e8aba8-08db-47d0-8232-c17bc5dc9eb1-768x512.webp 768w, https:\/\/www.ifbaiano.edu.br\/unidades\/santaines\/files\/2025\/09\/8338-e9e8aba8-08db-47d0-8232-c17bc5dc9eb1-1536x1023.webp 1536w, https:\/\/www.ifbaiano.edu.br\/unidades\/santaines\/files\/2025\/09\/8338-e9e8aba8-08db-47d0-8232-c17bc5dc9eb1-100x67.webp 100w, https:\/\/www.ifbaiano.edu.br\/unidades\/santaines\/files\/2025\/09\/8338-e9e8aba8-08db-47d0-8232-c17bc5dc9eb1.webp 1600w\" sizes=\"(max-width: 1024px) 100vw, 1024px\" \/><\/a><\/figure>\n<\/figure>\n\n\n\n<hr class=\"wp-block-separator has-alpha-channel-opacity\" \/>\n","protected":false},"excerpt":{"rendered":"<p>O Instituto Federal Baiano (IF Baiano) \u2013 Campus Santa In\u00eas, em parceria com o Servi\u00e7o Nacional de Aprendizagem Rural (Senar-Bahia) e o Sindicato Rural de Jequi\u00e9, capacita mais uma turma do curso de forma\u00e7\u00e3o profissional rural &#8220;Pilotagem de Drone para Agricultura de Precis\u00e3o&#8221;. Realizado entre os dias 24 e 26 de setembro de 2025, o [&hellip;]<\/p>\n","protected":false},"author":86,"featured_media":25664,"comment_status":"closed","ping_status":"closed","sticky":false,"template":"","format":"standard","meta":[],"categories":[4,10,57],"tags":[],"_links":{"self":[{"href":"https:\/\/www.ifbaiano.edu.br\/unidades\/santaines\/wp-json\/wp\/v2\/posts\/25661"}],"collection":[{"href":"https:\/\/www.ifbaiano.edu.br\/unidades\/santaines\/wp-json\/wp\/v2\/posts"}],"about":[{"href":"https:\/\/www.ifbaiano.edu.br\/unidades\/santaines\/wp-json\/wp\/v2\/types\/post"}],"author":[{"embeddable":true,"href":"https:\/\/www.ifbaiano.edu.br\/unidades\/santaines\/wp-json\/wp\/v2\/users\/86"}],"replies":[{"embeddable":true,"href":"https:\/\/www.ifbaiano.edu.br\/unidades\/santaines\/wp-json\/wp\/v2\/comments?post=25661"}],"version-history":[{"count":1,"href":"https:\/\/www.ifbaiano.edu.br\/unidades\/santaines\/wp-json\/wp\/v2\/posts\/25661\/revisions"}],"predecessor-version":[{"id":25668,"href":"https:\/\/www.ifbaiano.edu.br\/unidades\/santaines\/wp-json\/wp\/v2\/posts\/25661\/revisions\/25668"}],"wp:featuredmedia":[{"embeddable":true,"href":"https:\/\/www.ifbaiano.edu.br\/unidades\/santaines\/wp-json\/wp\/v2\/media\/25664"}],"wp:attachment":[{"href":"https:\/\/www.ifbaiano.edu.br\/unidades\/santaines\/wp-json\/wp\/v2\/media?parent=25661"}],"wp:term":[{"taxonomy":"category","embeddable":true,"href":"https:\/\/www.ifbaiano.edu.br\/unidades\/santaines\/wp-json\/wp\/v2\/categories?post=25661"},{"taxonomy":"post_tag","embeddable":true,"href":"https:\/\/www.ifbaiano.edu.br\/unidades\/santaines\/wp-json\/wp\/v2\/tags?post=25661"}],"curies":[{"name":"wp","href":"https:\/\/api.w.org\/{rel}","templated":true}]}}