{"id":25671,"date":"2025-10-01T16:21:40","date_gmt":"2025-10-01T19:21:40","guid":{"rendered":"https:\/\/www.ifbaiano.edu.br\/unidades\/santaines\/?p=25671"},"modified":"2025-10-01T16:21:53","modified_gmt":"2025-10-01T19:21:53","slug":"if-baiano-firma-cooperacao-internacional-para-fortalecimento-das-cadeias-do-cacau-e-da-pecuaria-na-guatemala","status":"publish","type":"post","link":"https:\/\/www.ifbaiano.edu.br\/unidades\/santaines\/if-baiano-firma-cooperacao-internacional-para-fortalecimento-das-cadeias-do-cacau-e-da-pecuaria-na-guatemala\/","title":{"rendered":"IF Baiano firma coopera\u00e7\u00e3o internacional para fortalecimento das cadeias do cacau e da pecu\u00e1ria na Guatemala"},"content":{"rendered":"\n<p>O&nbsp;Instituto Federal de Educa\u00e7\u00e3o, Ci\u00eancia e Tecnologia Baiano&nbsp;firmou mais uma coopera\u00e7\u00e3o internacional, ao&nbsp;assinar&nbsp;o&nbsp;projeto \u201cTransfer\u00eancia de Tecnologia para Transforma\u00e7\u00e3o de Produtos Derivados de Cacau, Leite e Carne\u201d,&nbsp;que&nbsp;marca&nbsp;a miss\u00e3o de prospec\u00e7\u00e3o&nbsp;que vem sendo consolidada&nbsp;pela institui\u00e7\u00e3o em colabora\u00e7\u00e3o com a&nbsp;Ag\u00eancia Brasileira de Coopera\u00e7\u00e3o (ABC)&nbsp;desde 2024.<\/p>\n\n\n\n<p>O projeto \u00e9 financiado pela ABC&nbsp;e tem como objetivo atender ao&nbsp;Instituto T\u00e9cnico de Capacita\u00e7\u00e3o e Produtividade \u2013 INTECAP, localizado na Guatemala, por meio de a\u00e7\u00f5es voltadas \u00e0&nbsp;capacita\u00e7\u00e3o t\u00e9cnica e transfer\u00eancia de tecnologia.&nbsp;A&nbsp;iniciativa permite que as institui\u00e7\u00f5es compartilhem experi\u00eancias e solu\u00e7\u00f5es que podem beneficiar diretamente os produtores locais, promovendo o crescimento econ\u00f4mico e a sustentabilidade nas regi\u00f5es envolvidas.<\/p>\n\n\n\n<p>A miss\u00e3o de prospec\u00e7\u00e3o que cumina na assinatura da coopera\u00e7\u00e3o foi&nbsp;coordenada, no \u00e2mbito do IF Baiano,&nbsp;pela Assessoria de Rela\u00e7\u00f5es Internacionais, vinculada \u00e0&nbsp;Pr\u00f3-reitoria de Desenvolvimento Institucional \u2013&nbsp;Prodin.&nbsp;Para o&nbsp;pr\u00f3-reitor&nbsp;de Desenvolvimento Institucional, Matheus Melo,&nbsp;a realiza\u00e7\u00e3o do acordo&nbsp;reafirma o compromisso da institui\u00e7\u00e3o em ampliar sua atua\u00e7\u00e3o no cen\u00e1rio internacional.<\/p>\n\n\n\n<figure class=\"wp-block-image\"><img decoding=\"async\" src=\"https:\/\/ifbaiano.edu.br\/portal\/wp-content\/uploads\/2025\/09\/6029-IMG_9827-768x1024.webp\" alt=\"\" class=\"wp-image-36840\" \/><figcaption class=\"wp-element-caption\">O Reitor A\u00e9cio Jos\u00e9 Duarte e a Assessora de Rela\u00e7\u00f5es Internacionais do IF Baiano Cinira Fernandes consideram a parceria um avan\u00e7o estrat\u00e9gico na expans\u00e3o da atua\u00e7\u00e3o internacional da institui\u00e7\u00e3o<\/figcaption><\/figure>\n\n\n\n<p>Para o reitor do IF Baiano, A\u00e9cio Jos\u00e9 Duarte, o&nbsp;acordo consolida o papel do IF Baiano como refer\u00eancia em coopera\u00e7\u00e3o t\u00e9cnica internacional. \u201cEstamos conectando ci\u00eancia, tecnologia e inova\u00e7\u00e3o para al\u00e9m das nossas fronteiras, levando conhecimento que gera impacto direto nas cadeias produtivas e no desenvolvimento humano,\u201d&nbsp;destacou o reitor.<\/p>\n\n\n\n<p>De acordo com a professora&nbsp;Cinira Fernandes, assessora internacional do IF Baiano,&nbsp;a&nbsp;assinatura do&nbsp;projeto refor\u00e7a a capacidade da institui\u00e7\u00e3o de articular parcerias estrat\u00e9gicas e de colocar em pr\u00e1tica sua expertise em \u00e1reas-chave como cacau e pecu\u00e1ria. \u201c\u00c9 uma oportunidade \u00fanica de fortalecer la\u00e7os de coopera\u00e7\u00e3o, valorizando o papel da educa\u00e7\u00e3o profissional e tecnol\u00f3gica como vetor de desenvolvimento internacional\u201d,&nbsp;afirma.<\/p>\n\n\n\n<p>A parceria ir\u00e1 capacitar t\u00e9cnicos do IMECAP que assistem diretamente o pequeno e m\u00e9dio agricultor e a agricultura familiar.&nbsp;Com&nbsp;a&nbsp;parceria, o IF Baiano reafirma sua miss\u00e3o de agente de transforma\u00e7\u00e3o,&nbsp;levando&nbsp;para as institui\u00e7\u00f5es parceiras&nbsp;capacita\u00e7\u00e3o profissional&nbsp;e tecnologias agr\u00e1rias que ir\u00e3o&nbsp;impulsionar a&nbsp;produ\u00e7\u00e3o e a qualidade dos produtos derivados de cacau, leite e carne.&nbsp;Esta coopera\u00e7\u00e3o faz parte do movimento de expans\u00e3o das a\u00e7\u00f5es globais do IF Baiano e do avan\u00e7o de setores estrat\u00e9gicos atrav\u00e9s de parcerias internacionais.<\/p>\n\n\n\n<hr class=\"wp-block-separator has-alpha-channel-opacity\" \/>\n","protected":false},"excerpt":{"rendered":"<p>A miss\u00e3o de prospec\u00e7\u00e3o vem sendo consolidada pela institui\u00e7\u00e3o em colabora\u00e7\u00e3o com a Ag\u00eancia Brasileira de Coopera\u00e7\u00e3o (ABC) desde 2024<\/p>\n","protected":false},"author":86,"featured_media":25672,"comment_status":"closed","ping_status":"closed","sticky":false,"template":"","format":"standard","meta":[],"categories":[4,10,57],"tags":[],"_links":{"self":[{"href":"https:\/\/www.ifbaiano.edu.br\/unidades\/santaines\/wp-json\/wp\/v2\/posts\/25671"}],"collection":[{"href":"https:\/\/www.ifbaiano.edu.br\/unidades\/santaines\/wp-json\/wp\/v2\/posts"}],"about":[{"href":"https:\/\/www.ifbaiano.edu.br\/unidades\/santaines\/wp-json\/wp\/v2\/types\/post"}],"author":[{"embeddable":true,"href":"https:\/\/www.ifbaiano.edu.br\/unidades\/santaines\/wp-json\/wp\/v2\/users\/86"}],"replies":[{"embeddable":true,"href":"https:\/\/www.ifbaiano.edu.br\/unidades\/santaines\/wp-json\/wp\/v2\/comments?post=25671"}],"version-history":[{"count":2,"href":"https:\/\/www.ifbaiano.edu.br\/unidades\/santaines\/wp-json\/wp\/v2\/posts\/25671\/revisions"}],"predecessor-version":[{"id":25674,"href":"https:\/\/www.ifbaiano.edu.br\/unidades\/santaines\/wp-json\/wp\/v2\/posts\/25671\/revisions\/25674"}],"wp:featuredmedia":[{"embeddable":true,"href":"https:\/\/www.ifbaiano.edu.br\/unidades\/santaines\/wp-json\/wp\/v2\/media\/25672"}],"wp:attachment":[{"href":"https:\/\/www.ifbaiano.edu.br\/unidades\/santaines\/wp-json\/wp\/v2\/media?parent=25671"}],"wp:term":[{"taxonomy":"category","embeddable":true,"href":"https:\/\/www.ifbaiano.edu.br\/unidades\/santaines\/wp-json\/wp\/v2\/categories?post=25671"},{"taxonomy":"post_tag","embeddable":true,"href":"https:\/\/www.ifbaiano.edu.br\/unidades\/santaines\/wp-json\/wp\/v2\/tags?post=25671"}],"curies":[{"name":"wp","href":"https:\/\/api.w.org\/{rel}","templated":true}]}}