{"id":25677,"date":"2025-10-02T08:35:29","date_gmt":"2025-10-02T11:35:29","guid":{"rendered":"https:\/\/www.ifbaiano.edu.br\/unidades\/santaines\/?p=25677"},"modified":"2025-10-02T08:35:30","modified_gmt":"2025-10-02T11:35:30","slug":"if-baiano-participa-do-jif-nordeste-2025-com-78-atletas-de-11-campi","status":"publish","type":"post","link":"https:\/\/www.ifbaiano.edu.br\/unidades\/santaines\/if-baiano-participa-do-jif-nordeste-2025-com-78-atletas-de-11-campi\/","title":{"rendered":"IF Baiano participa do JIF Nordeste 2025 com 78 atletas de 11 campi"},"content":{"rendered":"\n<p>Nesta segunda-feira, 29, na capital maranhense, S\u00e3o Lu\u00eds, ocorreu a abertura da Etapa Nordeste dos&nbsp;<strong>Jogos dos Institutos Federais (JIF Nordeste)<\/strong>, que neste ano re\u00fane cerca de 1.300 estudantes-atletas de nove Institutos Federais da regi\u00e3o. Em sua primeira edi\u00e7\u00e3o sediada no Maranh\u00e3o, o evento contempla 12 modalidades esportivas, al\u00e9m do&nbsp;<strong>ParaJIF<\/strong>, garantindo a inclus\u00e3o e participa\u00e7\u00e3o de paratletas.O evento esportivo acontece at\u00e9 o dia 04 de outubro.<br><br>As disputas acontecem em diferentes pra\u00e7as esportivas de S\u00e3o Lu\u00eds, incluindo estruturas do IFMA, al\u00e9m de gin\u00e1sios e arenas da cidade. A programa\u00e7\u00e3o contempla modalidades coletivas e individuais, como atletismo, nata\u00e7\u00e3o, t\u00eanis de mesa, xadrez, badminton, jud\u00f4, basquete, futsal, futebol, voleibol, v\u00f4lei de praia e handebol.<\/p>\n\n\n\n<p>O IF Baiano participa desta edi\u00e7\u00e3o com 78 atletas, acompanhados por 7 servidores que comp\u00f5em a delega\u00e7\u00e3o. Ao todo, 11 campi do IF Baiano est\u00e3o representados no evento, sendo que o Campus Teixeira de Freitas concentra o maior n\u00famero de representantes da institui\u00e7\u00e3o, com 21 estudantes-atletas. Este ano, o IF Baiano classificou atletas para as modalidades de v\u00f4lei masculino e feminino, v\u00f4lei de praia masculino e feminino,handebol&nbsp; masculino e feminino, futsal masculino e feminino, futebol de campo masculino, xadrez masculino e feminino, atletismo masculino e feminino, nata\u00e7\u00e3o masculino e feminino e basquete masculino. Os atletas que comp\u00f5em a delega\u00e7\u00e3o s\u00e3o os que obtiveram os melhores resultados no JEIF 2024, jogos internos da institui\u00e7\u00e3o.<\/p>\n\n\n\n<figure class=\"wp-block-gallery has-nested-images columns-default is-cropped wp-block-gallery-1 is-layout-flex\">\n<figure class=\"wp-block-image\"><img decoding=\"async\" data-id=\"36863\"  src=\"https:\/\/ifbaiano.edu.br\/portal\/wp-content\/uploads\/2025\/09\/6631-WhatsApp-Image-2025-09-30-at-09.49.031-1024x574.webp\" alt=\"\" class=\"wp-image-36863\" \/><\/figure>\n\n\n\n<figure class=\"wp-block-image size-large\"><a href=\"https:\/\/www.ifbaiano.edu.br\/unidades\/santaines\/files\/2025\/10\/3395-Atletas.webp\"><img decoding=\"async\" loading=\"lazy\" width=\"1024\" height=\"768\" data-id=\"25680\"  src=\"https:\/\/www.ifbaiano.edu.br\/unidades\/santaines\/files\/2025\/10\/3395-Atletas-1024x768.webp\" alt=\"\" class=\"wp-image-25680\" srcset=\"https:\/\/www.ifbaiano.edu.br\/unidades\/santaines\/files\/2025\/10\/3395-Atletas-1024x768.webp 1024w, https:\/\/www.ifbaiano.edu.br\/unidades\/santaines\/files\/2025\/10\/3395-Atletas-300x225.webp 300w, https:\/\/www.ifbaiano.edu.br\/unidades\/santaines\/files\/2025\/10\/3395-Atletas-768x576.webp 768w, https:\/\/www.ifbaiano.edu.br\/unidades\/santaines\/files\/2025\/10\/3395-Atletas-100x75.webp 100w, https:\/\/www.ifbaiano.edu.br\/unidades\/santaines\/files\/2025\/10\/3395-Atletas.webp 1280w\" sizes=\"(max-width: 1024px) 100vw, 1024px\" \/><\/a><\/figure>\n\n\n\n<figure class=\"wp-block-image size-large\"><a href=\"https:\/\/www.ifbaiano.edu.br\/unidades\/santaines\/files\/2025\/10\/3395-6631-WhatsApp-Image-2025-09-30-at-09.49.03-1536x864-1.webp\"><img decoding=\"async\" loading=\"lazy\" width=\"1024\" height=\"576\" data-id=\"25681\"  src=\"https:\/\/www.ifbaiano.edu.br\/unidades\/santaines\/files\/2025\/10\/3395-6631-WhatsApp-Image-2025-09-30-at-09.49.03-1536x864-1-1024x576.webp\" alt=\"\" class=\"wp-image-25681\" srcset=\"https:\/\/www.ifbaiano.edu.br\/unidades\/santaines\/files\/2025\/10\/3395-6631-WhatsApp-Image-2025-09-30-at-09.49.03-1536x864-1-1024x576.webp 1024w, https:\/\/www.ifbaiano.edu.br\/unidades\/santaines\/files\/2025\/10\/3395-6631-WhatsApp-Image-2025-09-30-at-09.49.03-1536x864-1-300x169.webp 300w, https:\/\/www.ifbaiano.edu.br\/unidades\/santaines\/files\/2025\/10\/3395-6631-WhatsApp-Image-2025-09-30-at-09.49.03-1536x864-1-768x432.webp 768w, https:\/\/www.ifbaiano.edu.br\/unidades\/santaines\/files\/2025\/10\/3395-6631-WhatsApp-Image-2025-09-30-at-09.49.03-1536x864-1-100x56.webp 100w, https:\/\/www.ifbaiano.edu.br\/unidades\/santaines\/files\/2025\/10\/3395-6631-WhatsApp-Image-2025-09-30-at-09.49.03-1536x864-1.webp 1536w\" sizes=\"(max-width: 1024px) 100vw, 1024px\" \/><\/a><\/figure>\n\n\n\n<figure class=\"wp-block-image size-large\"><a href=\"https:\/\/www.ifbaiano.edu.br\/unidades\/santaines\/files\/2025\/10\/3395-3191-WhatsApp-Image-2025-09-30-at-12.23.33.webp\"><img decoding=\"async\" loading=\"lazy\" width=\"1024\" height=\"768\" data-id=\"25682\"  src=\"https:\/\/www.ifbaiano.edu.br\/unidades\/santaines\/files\/2025\/10\/3395-3191-WhatsApp-Image-2025-09-30-at-12.23.33-1024x768.webp\" alt=\"\" class=\"wp-image-25682\" srcset=\"https:\/\/www.ifbaiano.edu.br\/unidades\/santaines\/files\/2025\/10\/3395-3191-WhatsApp-Image-2025-09-30-at-12.23.33-1024x768.webp 1024w, https:\/\/www.ifbaiano.edu.br\/unidades\/santaines\/files\/2025\/10\/3395-3191-WhatsApp-Image-2025-09-30-at-12.23.33-300x225.webp 300w, https:\/\/www.ifbaiano.edu.br\/unidades\/santaines\/files\/2025\/10\/3395-3191-WhatsApp-Image-2025-09-30-at-12.23.33-768x576.webp 768w, https:\/\/www.ifbaiano.edu.br\/unidades\/santaines\/files\/2025\/10\/3395-3191-WhatsApp-Image-2025-09-30-at-12.23.33-100x75.webp 100w, https:\/\/www.ifbaiano.edu.br\/unidades\/santaines\/files\/2025\/10\/3395-3191-WhatsApp-Image-2025-09-30-at-12.23.33.webp 1440w\" sizes=\"(max-width: 1024px) 100vw, 1024px\" \/><\/a><\/figure>\n\n\n\n<figure class=\"wp-block-image size-large\"><a href=\"https:\/\/www.ifbaiano.edu.br\/unidades\/santaines\/files\/2025\/10\/3393-3191-WhatsApp-Image-2025-09-30-at-12.23.311.webp\"><img decoding=\"async\" loading=\"lazy\" width=\"768\" height=\"1024\" data-id=\"25679\"  src=\"https:\/\/www.ifbaiano.edu.br\/unidades\/santaines\/files\/2025\/10\/3393-3191-WhatsApp-Image-2025-09-30-at-12.23.311-768x1024.webp\" alt=\"\" class=\"wp-image-25679\" srcset=\"https:\/\/www.ifbaiano.edu.br\/unidades\/santaines\/files\/2025\/10\/3393-3191-WhatsApp-Image-2025-09-30-at-12.23.311-768x1024.webp 768w, https:\/\/www.ifbaiano.edu.br\/unidades\/santaines\/files\/2025\/10\/3393-3191-WhatsApp-Image-2025-09-30-at-12.23.311-225x300.webp 225w, https:\/\/www.ifbaiano.edu.br\/unidades\/santaines\/files\/2025\/10\/3393-3191-WhatsApp-Image-2025-09-30-at-12.23.311-100x133.webp 100w, https:\/\/www.ifbaiano.edu.br\/unidades\/santaines\/files\/2025\/10\/3393-3191-WhatsApp-Image-2025-09-30-at-12.23.311.webp 810w\" sizes=\"(max-width: 768px) 100vw, 768px\" \/><\/a><\/figure>\n<\/figure>\n\n\n\n<p>Para al\u00e9m da competi\u00e7\u00e3o, o JIF Nordeste se consolida como um espa\u00e7o de integra\u00e7\u00e3o, forma\u00e7\u00e3o cidad\u00e3 e valoriza\u00e7\u00e3o da juventude, fortalecendo a pr\u00e1tica esportiva como parte da educa\u00e7\u00e3o integral oferecida pelos Institutos Federais.<\/p>\n\n\n\n<p>Os estudantes que participam da delega\u00e7\u00e3o representam n\u00e3o apenas seus campi, mas tamb\u00e9m o esfor\u00e7o coletivo da institui\u00e7\u00e3o em promover o esporte como ferramenta de aprendizagem, inclus\u00e3o e desenvolvimento social. Segundo a professora de Educa\u00e7\u00e3o F\u00edsica do campus Catu, Fernanda Palmeira, o IF Baiano chega ao JIF Regional com uma delega\u00e7\u00e3o integrada, feliz e ainda mais preparada que na \u00faltima edi\u00e7\u00e3o, esperando por um desempenho que classifique mais estudantes para o JIF Nacional que em 2023.&nbsp;<\/p>\n\n\n\n<p>Para Nicolas Ferraz, atleta de voleibol, do curso de Florestas do Campus Teixeira de Freitas na Bahia, o esporte n\u00e3o nos treina s\u00f3 para o jogo, mas, sim, para a vida. \u201cComo todos sabem, a Bahia \u00e9 o estado mais distante de S\u00e3o Lu\u00eds do Maranh\u00e3o, ent\u00e3o, a viagem, que durou quatro dias, foi uma luta entre cansa\u00e7o e determina\u00e7\u00e3o, que fez os atletas se exporem aos seus limites. Mas o objetivo estava claro e todos conseguiram, com uni\u00e3o, que \u00e9 o s\u00edmbolo da nossa delega\u00e7\u00e3o, transformar essa viagem em algo aconchegante. Por isso, o clima da delega\u00e7\u00e3o \u00e9 de anima\u00e7\u00e3o e determina\u00e7\u00e3o, porque muitos atletas sonharam em estar aqui e representar a Bahia\u201d.<\/p>\n\n\n\n<p>Assista a cerim\u00f4nia de abertura transmitida ao vivo pela\u00a0<a href=\"https:\/\/www.youtube.com\/live\/5QyZNOCtNR4\">TV IFMA no YouTube<\/a>.<\/p>\n\n\n\n<hr class=\"wp-block-separator has-alpha-channel-opacity\" \/>\n","protected":false},"excerpt":{"rendered":"<p>Nesta segunda-feira, 29, na capital maranhense, S\u00e3o Lu\u00eds, ocorreu a abertura da Etapa Nordeste dos&nbsp;Jogos dos Institutos Federais (JIF Nordeste), que neste ano re\u00fane cerca de 1.300 estudantes-atletas de nove Institutos Federais da regi\u00e3o. Em sua primeira edi\u00e7\u00e3o sediada no Maranh\u00e3o, o evento contempla 12 modalidades esportivas, al\u00e9m do&nbsp;ParaJIF, garantindo a inclus\u00e3o e participa\u00e7\u00e3o de [&hellip;]<\/p>\n","protected":false},"author":86,"featured_media":25678,"comment_status":"closed","ping_status":"closed","sticky":false,"template":"","format":"standard","meta":[],"categories":[4,10,57],"tags":[],"_links":{"self":[{"href":"https:\/\/www.ifbaiano.edu.br\/unidades\/santaines\/wp-json\/wp\/v2\/posts\/25677"}],"collection":[{"href":"https:\/\/www.ifbaiano.edu.br\/unidades\/santaines\/wp-json\/wp\/v2\/posts"}],"about":[{"href":"https:\/\/www.ifbaiano.edu.br\/unidades\/santaines\/wp-json\/wp\/v2\/types\/post"}],"author":[{"embeddable":true,"href":"https:\/\/www.ifbaiano.edu.br\/unidades\/santaines\/wp-json\/wp\/v2\/users\/86"}],"replies":[{"embeddable":true,"href":"https:\/\/www.ifbaiano.edu.br\/unidades\/santaines\/wp-json\/wp\/v2\/comments?post=25677"}],"version-history":[{"count":1,"href":"https:\/\/www.ifbaiano.edu.br\/unidades\/santaines\/wp-json\/wp\/v2\/posts\/25677\/revisions"}],"predecessor-version":[{"id":25683,"href":"https:\/\/www.ifbaiano.edu.br\/unidades\/santaines\/wp-json\/wp\/v2\/posts\/25677\/revisions\/25683"}],"wp:featuredmedia":[{"embeddable":true,"href":"https:\/\/www.ifbaiano.edu.br\/unidades\/santaines\/wp-json\/wp\/v2\/media\/25678"}],"wp:attachment":[{"href":"https:\/\/www.ifbaiano.edu.br\/unidades\/santaines\/wp-json\/wp\/v2\/media?parent=25677"}],"wp:term":[{"taxonomy":"category","embeddable":true,"href":"https:\/\/www.ifbaiano.edu.br\/unidades\/santaines\/wp-json\/wp\/v2\/categories?post=25677"},{"taxonomy":"post_tag","embeddable":true,"href":"https:\/\/www.ifbaiano.edu.br\/unidades\/santaines\/wp-json\/wp\/v2\/tags?post=25677"}],"curies":[{"name":"wp","href":"https:\/\/api.w.org\/{rel}","templated":true}]}}