{"id":2568,"date":"2012-11-23T13:04:49","date_gmt":"2012-11-23T16:04:49","guid":{"rendered":"http:\/\/www.ifbaiano.edu.br\/unidades\/santaines\/?p=2568"},"modified":"2012-11-23T13:07:32","modified_gmt":"2012-11-23T16:07:32","slug":"campus-santa-ines-ganha-novo-telecentro","status":"publish","type":"post","link":"https:\/\/www.ifbaiano.edu.br\/unidades\/santaines\/campus-santa-ines-ganha-novo-telecentro\/","title":{"rendered":"Campus Santa In\u00eas ganha novo telecentro"},"content":{"rendered":"<p>Foi inaugurado o telecentro, que disp\u00f5e de 10 computadores para uso dos estudantes, em ambiente Linux Educacional e projetor multim\u00eddia, no\u00a0 bloco do Setor de Biblioteca do nosso c\u00e2mpus.<\/p>\n<p>O atendimento \u00e9 realizado pelos monitores volunt\u00e1rios, estudantes do Curso T\u00e9cnico em Inform\u00e1tica.<\/p>\n<p>O servi\u00e7o \u00e9 oferecido tanto para a comunidade interna como externa, durante os tr\u00eas turnos, nos hor\u00e1rios de:<\/p>\n<p>07:30 as 11:30<\/p>\n<p>13:30 as 17:30<\/p>\n<p>18:00 as 22:00<\/p>\n<p>Os professores que desejarem marcar aula no Telecentro poder\u00e3o agendar previamente com as monitoras.<\/p>\n<p>&nbsp;<\/p>\n","protected":false},"excerpt":{"rendered":"<p>Foi inaugurado o telecentro, que disp\u00f5e de 10 computadores para uso dos estudantes, em ambiente Linux Educacional e projetor multim\u00eddia, no\u00a0 bloco do Setor de Biblioteca do nosso c\u00e2mpus. O atendimento \u00e9 realizado pelos monitores volunt\u00e1rios, estudantes do Curso T\u00e9cnico em Inform\u00e1tica. O servi\u00e7o \u00e9 oferecido tanto para a comunidade interna como externa, durante os [&hellip;]<\/p>\n","protected":false},"author":29,"featured_media":0,"comment_status":"closed","ping_status":"closed","sticky":false,"template":"","format":"standard","meta":[],"categories":[10],"tags":[],"_links":{"self":[{"href":"https:\/\/www.ifbaiano.edu.br\/unidades\/santaines\/wp-json\/wp\/v2\/posts\/2568"}],"collection":[{"href":"https:\/\/www.ifbaiano.edu.br\/unidades\/santaines\/wp-json\/wp\/v2\/posts"}],"about":[{"href":"https:\/\/www.ifbaiano.edu.br\/unidades\/santaines\/wp-json\/wp\/v2\/types\/post"}],"author":[{"embeddable":true,"href":"https:\/\/www.ifbaiano.edu.br\/unidades\/santaines\/wp-json\/wp\/v2\/users\/29"}],"replies":[{"embeddable":true,"href":"https:\/\/www.ifbaiano.edu.br\/unidades\/santaines\/wp-json\/wp\/v2\/comments?post=2568"}],"version-history":[{"count":5,"href":"https:\/\/www.ifbaiano.edu.br\/unidades\/santaines\/wp-json\/wp\/v2\/posts\/2568\/revisions"}],"predecessor-version":[{"id":2570,"href":"https:\/\/www.ifbaiano.edu.br\/unidades\/santaines\/wp-json\/wp\/v2\/posts\/2568\/revisions\/2570"}],"wp:attachment":[{"href":"https:\/\/www.ifbaiano.edu.br\/unidades\/santaines\/wp-json\/wp\/v2\/media?parent=2568"}],"wp:term":[{"taxonomy":"category","embeddable":true,"href":"https:\/\/www.ifbaiano.edu.br\/unidades\/santaines\/wp-json\/wp\/v2\/categories?post=2568"},{"taxonomy":"post_tag","embeddable":true,"href":"https:\/\/www.ifbaiano.edu.br\/unidades\/santaines\/wp-json\/wp\/v2\/tags?post=2568"}],"curies":[{"name":"wp","href":"https:\/\/api.w.org\/{rel}","templated":true}]}}