{"id":25779,"date":"2025-10-03T12:48:16","date_gmt":"2025-10-03T15:48:16","guid":{"rendered":"https:\/\/www.ifbaiano.edu.br\/unidades\/santaines\/?p=25779"},"modified":"2025-10-03T12:48:16","modified_gmt":"2025-10-03T15:48:16","slug":"if-baiano-e-prefeitura-de-mutuipe-fortalecem-parceria-para-impulsionar-agroindustrias-e-comunidades-rurais","status":"publish","type":"post","link":"https:\/\/www.ifbaiano.edu.br\/unidades\/santaines\/if-baiano-e-prefeitura-de-mutuipe-fortalecem-parceria-para-impulsionar-agroindustrias-e-comunidades-rurais\/","title":{"rendered":"IF Baiano e Prefeitura de Mutu\u00edpe Fortalecem Parceria para Impulsionar Agroind\u00fastrias e Comunidades Rurais"},"content":{"rendered":"\n<div class=\"wp-block-media-text alignwide is-stacked-on-mobile\"><figure class=\"wp-block-media-text__media\"><img decoding=\"async\" loading=\"lazy\" width=\"1024\" height=\"737\" src=\"https:\/\/www.ifbaiano.edu.br\/unidades\/santaines\/files\/2025\/10\/6422-Reuniao-1024x737.webp\" alt=\"\" class=\"wp-image-25780 size-full\" srcset=\"https:\/\/www.ifbaiano.edu.br\/unidades\/santaines\/files\/2025\/10\/6422-Reuniao-1024x737.webp 1024w, https:\/\/www.ifbaiano.edu.br\/unidades\/santaines\/files\/2025\/10\/6422-Reuniao-300x216.webp 300w, https:\/\/www.ifbaiano.edu.br\/unidades\/santaines\/files\/2025\/10\/6422-Reuniao-768x553.webp 768w, https:\/\/www.ifbaiano.edu.br\/unidades\/santaines\/files\/2025\/10\/6422-Reuniao-100x72.webp 100w, https:\/\/www.ifbaiano.edu.br\/unidades\/santaines\/files\/2025\/10\/6422-Reuniao.webp 1038w\" sizes=\"(max-width: 1024px) 100vw, 1024px\" \/><\/figure><div class=\"wp-block-media-text__content\">\n<p>O Instituto Federal Baiano (IF Baiano) \u2013 Campus Santa In\u00eas e a Prefeitura de Mutu\u00edpe uniram esfor\u00e7os em uma reuni\u00e3o estrat\u00e9gica que visa o fortalecimento das agroind\u00fastrias e o desenvolvimento sustent\u00e1vel das comunidades rurais do munic\u00edpio. O encontro, que aconteceu na manh\u00e3 do dia 26 de setembro (sexta-feira), reafirmou o compromisso da institui\u00e7\u00e3o de ensino com o desenvolvimento regional.<\/p>\n<\/div><\/div>\n\n\n\n<p>A comitiva de Mutu\u00edpe foi recebida na sala da Diretoria Acad\u00eamica e contou com a presen\u00e7a da Diretora-Geral do Campus Santa In\u00eas, Genilda Lima, e do Diretor Acad\u00eamico, Andr\u00e9 Leonardo Vasconcelos. Representando Mutu\u00edpe, estiveram presentes Gilvan Sousa Santos, Secret\u00e1rio Municipal de Expans\u00e3o Econ\u00f4mica, Meio Ambiente e Agropecu\u00e1ria, e Marcos Mendes Melo, Diretor de Associativismo.<\/p>\n\n\n\n<p>Um dos pontos altos da reuni\u00e3o foi a participa\u00e7\u00e3o de duas egressas do Campus Santa In\u00eas, as t\u00e9cnicas em Agroind\u00fastria Cl\u00e1udia Teixeira e Julya Maria Monteiro. Atualmente, elas atuam em Mutu\u00edpe, contribuindo diretamente para o fortalecimento da cadeia produtiva local, exemplificando a miss\u00e3o do IF Baiano de formar profissionais que se tornam agentes de transforma\u00e7\u00e3o em suas comunidades.<\/p>\n\n\n\n<p>Durante o encontro, foi destacado o potencial produtivo de Mutu\u00edpe, que conta com 24 associa\u00e7\u00f5es comunit\u00e1rias, cinco agroind\u00fastrias em pleno funcionamento \u2013 especializadas na produ\u00e7\u00e3o de mandioca, aipim, beiju, chocolate e banana \u2013 e uma cooperativa.<\/p>\n\n\n\n<p>Tr\u00eas a\u00e7\u00f5es priorit\u00e1rias foram definidas como encaminhamento da reuni\u00e3o:<\/p>\n\n\n\n<ul>\n<li><strong>Avicultura de Postura:<\/strong>&nbsp;Apoio \u00e0 comunidade de Bom Jesus para fortalecer a produ\u00e7\u00e3o de ovos.<\/li>\n\n\n\n<li><strong>Forma\u00e7\u00e3o Profissional:<\/strong>&nbsp;Oferta de um curso FIC (Forma\u00e7\u00e3o Inicial e Continuada) em Tecnologia de Alimentos, que ser\u00e1 desenvolvido ap\u00f3s um levantamento das demandas locais.<\/li>\n\n\n\n<li><strong>Sustentabilidade Agr\u00edcola:<\/strong>&nbsp;Implementa\u00e7\u00e3o de a\u00e7\u00f5es para a redu\u00e7\u00e3o do uso de agrot\u00f3xicos em comunidades que cultivam hortali\u00e7as.<\/li>\n<\/ul>\n\n\n\n<p>A Diretora-Geral, Genilda Lima, ressaltou a import\u00e2ncia do momento: \u201cEsse encontro mostra como o IF Baiano pode contribuir de forma integrada com as comunidades e institui\u00e7\u00f5es do territ\u00f3rio. \u00c9 motivo de orgulho ver nossas egressas participando ativamente dessa constru\u00e7\u00e3o, pois elas representam de forma concreta o impacto da educa\u00e7\u00e3o p\u00fablica, gratuita e de qualidade na vida das pessoas.\u201d<\/p>\n\n\n\n<p>O encontro foi considerado altamente produtivo pelos participantes e fortalece a parceria entre o IF Baiano e a Prefeitura de Mutu\u00edpe na promo\u00e7\u00e3o de conhecimento, sustentabilidade e desenvolvimento social.<\/p>\n\n\n\n<p><strong>Sua Jornada Come\u00e7a Aqui: IF Baiano Campus Santa In\u00eas com Inscri\u00e7\u00f5es Abertas<\/strong><\/p>\n\n\n\n<p>Hist\u00f3rias de sucesso como as de Cl\u00e1udia e J\u00falia, que hoje impactam positivamente suas comunidades, come\u00e7aram com uma decis\u00e3o: estudar no IF Baiano. Se voc\u00ea busca um futuro transformador, com educa\u00e7\u00e3o p\u00fablica, gratuita e de qualidade, essa \u00e9 a sua chance.<\/p>\n\n\n\n<p>O Campus Santa In\u00eas est\u00e1 com inscri\u00e7\u00f5es abertas para o Processo Seletivo dos Cursos T\u00e9cnicos Integrados ao Ensino M\u00e9dio para ingresso em 2026. Jovens da regi\u00e3o podem ingressar em uma institui\u00e7\u00e3o que prepara para o futuro e abre portas para oportunidades.<\/p>\n\n\n\n<p>N\u00e3o perca essa oportunidade de construir sua pr\u00f3pria hist\u00f3ria de sucesso. Confira o edital e inscreva-se em\u00a0<a rel=\"noreferrer noopener\" href=\"https:\/\/www.google.com\/url?sa=E&amp;q=https%3A%2F%2Fingresso.ifbaiano.edu.br%2F\" target=\"_blank\">https:\/\/ingresso.ifbaiano.edu.br\/<\/a>.<\/p>\n\n\n\n<hr class=\"wp-block-separator has-alpha-channel-opacity\" \/>\n","protected":false},"excerpt":{"rendered":"<p>O Instituto Federal Baiano (IF Baiano) \u2013 Campus Santa In\u00eas e a Prefeitura de Mutu\u00edpe uniram esfor\u00e7os em uma reuni\u00e3o estrat\u00e9gica que visa o fortalecimento das agroind\u00fastrias e o desenvolvimento sustent\u00e1vel das comunidades rurais do munic\u00edpio. O encontro, que aconteceu na manh\u00e3 do dia 26 de setembro (sexta-feira), reafirmou o compromisso da institui\u00e7\u00e3o de ensino [&hellip;]<\/p>\n","protected":false},"author":86,"featured_media":25780,"comment_status":"closed","ping_status":"closed","sticky":false,"template":"","format":"standard","meta":[],"categories":[4,5,57],"tags":[],"_links":{"self":[{"href":"https:\/\/www.ifbaiano.edu.br\/unidades\/santaines\/wp-json\/wp\/v2\/posts\/25779"}],"collection":[{"href":"https:\/\/www.ifbaiano.edu.br\/unidades\/santaines\/wp-json\/wp\/v2\/posts"}],"about":[{"href":"https:\/\/www.ifbaiano.edu.br\/unidades\/santaines\/wp-json\/wp\/v2\/types\/post"}],"author":[{"embeddable":true,"href":"https:\/\/www.ifbaiano.edu.br\/unidades\/santaines\/wp-json\/wp\/v2\/users\/86"}],"replies":[{"embeddable":true,"href":"https:\/\/www.ifbaiano.edu.br\/unidades\/santaines\/wp-json\/wp\/v2\/comments?post=25779"}],"version-history":[{"count":1,"href":"https:\/\/www.ifbaiano.edu.br\/unidades\/santaines\/wp-json\/wp\/v2\/posts\/25779\/revisions"}],"predecessor-version":[{"id":25781,"href":"https:\/\/www.ifbaiano.edu.br\/unidades\/santaines\/wp-json\/wp\/v2\/posts\/25779\/revisions\/25781"}],"wp:featuredmedia":[{"embeddable":true,"href":"https:\/\/www.ifbaiano.edu.br\/unidades\/santaines\/wp-json\/wp\/v2\/media\/25780"}],"wp:attachment":[{"href":"https:\/\/www.ifbaiano.edu.br\/unidades\/santaines\/wp-json\/wp\/v2\/media?parent=25779"}],"wp:term":[{"taxonomy":"category","embeddable":true,"href":"https:\/\/www.ifbaiano.edu.br\/unidades\/santaines\/wp-json\/wp\/v2\/categories?post=25779"},{"taxonomy":"post_tag","embeddable":true,"href":"https:\/\/www.ifbaiano.edu.br\/unidades\/santaines\/wp-json\/wp\/v2\/tags?post=25779"}],"curies":[{"name":"wp","href":"https:\/\/api.w.org\/{rel}","templated":true}]}}