{"id":25806,"date":"2025-10-13T07:30:00","date_gmt":"2025-10-13T10:30:00","guid":{"rendered":"https:\/\/www.ifbaiano.edu.br\/unidades\/santaines\/?p=25806"},"modified":"2025-10-14T19:59:12","modified_gmt":"2025-10-14T22:59:12","slug":"inscricoes-prorrogadas-novas-datas-para-o-prosel-2026-do-if-baiano-campus-santa-ines","status":"publish","type":"post","link":"https:\/\/www.ifbaiano.edu.br\/unidades\/santaines\/inscricoes-prorrogadas-novas-datas-para-o-prosel-2026-do-if-baiano-campus-santa-ines\/","title":{"rendered":"Inscri\u00e7\u00f5es Prorrogadas! Novas datas para o PROSEL 2026 do IF Baiano &#8211; Campus Santa In\u00eas"},"content":{"rendered":"\n<p>O Instituto Federal de Educa\u00e7\u00e3o, Ci\u00eancia e Tecnologia Baiano (IF Baiano), Campus Santa In\u00eas, divulgou na \u00faltima sexta-feira, 10, o Edital de Retifica\u00e7\u00e3o n\u00ba 29\/2025, alterando o cronograma do Processo Seletivo para ingresso nos cursos da Educa\u00e7\u00e3o Profissional T\u00e9cnica de N\u00edvel M\u00e9dio Integrada ao Ensino M\u00e9dio, na modalidade presencial, para o ano letivo de 2026. e hoje, 14, o <a href=\"https:\/\/ingresso.ifbaiano.edu.br\/wp-content\/uploads\/2025\/08\/EDITAL-DE-RETIFICACAO-No-30.pdf\">Edital de Retifica\u00e7\u00e3o n\u00ba 30\/2025<\/a>. As mudan\u00e7as impactam diretamente as datas de inscri\u00e7\u00e3o e as demais etapas do processo. <\/p>\n\n\n\n<p><strong>Fique Atento(a) \u00e0s Novas Datas!<\/strong><\/p>\n\n\n\n<p>OS(AS) CANDIDATOS(AS) PRECISAM ESTAR ATENTOS(AS) \u00c0S DATAS ESTABELECIDAS NO NOVO CRONOGRAMA DO <a href=\"https:\/\/ingresso.ifbaiano.edu.br\/wp-content\/uploads\/2025\/08\/EDITAL-DE-RETIFICACAO-No-30.pdf\">EDITAL DE RETIFICA\u00c7\u00c3O N\u00ba 30\/2025<\/a>.<\/p>\n\n\n\n<p>Confira as novas datas e se organize para n\u00e3o perder nenhuma etapa:<\/p>\n\n\n\n<ul>\n<li><strong>Per\u00edodo de Inscri\u00e7\u00e3o (NO SITE e PRESENCIAL):<\/strong>\u00a0As inscri\u00e7\u00f5es, que antes se encerrariam em 12\/10\/2025, foram\u00a0<strong>estendidas at\u00e9 19\/10\/2025<\/strong>. Para quem prefere a inscri\u00e7\u00e3o presencial no ponto de apoio do Campus, o atendimento continua sendo em dias \u00fateis, das 08h \u00e0s 12h e das 13h \u00e0s 17h.<\/li>\n\n\n\n<li><strong>Publica\u00e7\u00e3o da Lista Preliminar de Inscri\u00e7\u00f5es Homologadas:<\/strong>\u00a0A nova data \u00e9\u00a0<strong>24\/10\/2025<\/strong>.<\/li>\n\n\n\n<li><strong>Interposi\u00e7\u00e3o de Recursos referentes \u00e0 Lista Preliminar de Inscri\u00e7\u00f5es Homologadas:<\/strong>\u00a0Agora ser\u00e1 poss\u00edvel interpor recursos no per\u00edodo de\u00a0<strong>24\/10\/2025 at\u00e9 27\/10\/2025<\/strong>.<\/li>\n\n\n\n<li><strong>Resultado dos Recursos e Homologa\u00e7\u00e3o das Inscri\u00e7\u00f5es:<\/strong>\u00a0A divulga\u00e7\u00e3o ser\u00e1 em\u00a0<strong>29\/10\/2025<\/strong>.<\/li>\n\n\n\n<li><strong>Publica\u00e7\u00e3o da Lista Final de Inscri\u00e7\u00f5es Homologadas:<\/strong>\u00a0A data tamb\u00e9m foi alterada para\u00a0<strong>29\/10\/2025<\/strong>.<\/li>\n\n\n\n<li><strong>Divulga\u00e7\u00e3o do Resultado Preliminar da An\u00e1lise do Hist\u00f3rico Escolar:<\/strong>\u00a0A nova data \u00e9\u00a0<strong>04\/11\/2025<\/strong>.<\/li>\n\n\n\n<li><strong>Interposi\u00e7\u00e3o de Recursos contra o Resultado Preliminar da An\u00e1lise do Hist\u00f3rico Escolar:<\/strong>\u00a0Os interessados poder\u00e3o apresentar recursos nos dias\u00a0<strong>04\/05\/2025 e 05\/11\/2025<\/strong>.<\/li>\n<\/ul>\n\n\n\n<p>As demais datas do cronograma, incluindo a convoca\u00e7\u00e3o para a banca de heteroidentifica\u00e7\u00e3o \u00e9tnico-racial, a realiza\u00e7\u00e3o da banca, e os resultados subsequentes, tamb\u00e9m foram ajustadas. \u00c9 fundamental que os candidatos consultem o edital completo no <a href=\"https:\/\/ingresso.ifbaiano.edu.br\/concursos\/integrado-santa-ines-2026\/\">site oficial<\/a> para ter acesso a todas as informa\u00e7\u00f5es detalhadas.<\/p>\n\n\n\n<h3 class=\"wp-block-heading\"><strong>Onde Acompanhar:<\/strong><\/h3>\n\n\n\n<p>Todas as publica\u00e7\u00f5es e informa\u00e7\u00f5es adicionais podem ser encontradas no endere\u00e7o eletr\u00f4nico:&nbsp;<a target=\"_blank\" href=\"https:\/\/www.google.com\/url?sa=E&amp;q=https%3A%2F%2Fingresso.ifbaiano.edu.br%2Fconcursos%2Fintegrado-santa-ines-2026\" rel=\"noreferrer noopener\">https:\/\/ingresso.ifbaiano.edu.br\/concursos\/integrado-santa-ines-2026<\/a>.<\/p>\n\n\n\n<p>Este \u00e9 o momento para os estudantes do 9\u00ba ano que desejam ingressar no IF Baiano \u2013 Campus Santa In\u00eas aproveitarem a extens\u00e3o do prazo e garantirem sua inscri\u00e7\u00e3o. N\u00e3o deixe para a \u00faltima hora!<\/p>\n\n\n\n<p>Para mais informa\u00e7\u00f5es, consulte o <a href=\"https:\/\/ingresso.ifbaiano.edu.br\/wp-content\/uploads\/2025\/08\/EDITAL-DE-RETIFICACAO-No-30.pdf\">Edital de Retifica\u00e7\u00e3o n\u00ba 30\/2025<\/a> na \u00edntegra.<\/p>\n\n\n\n<hr class=\"wp-block-separator has-alpha-channel-opacity\" \/>\n","protected":false},"excerpt":{"rendered":"<p>O Instituto Federal de Educa\u00e7\u00e3o, Ci\u00eancia e Tecnologia Baiano (IF Baiano), Campus Santa In\u00eas, divulgou na \u00faltima sexta-feira, 10, o Edital de Retifica\u00e7\u00e3o n\u00ba 29\/2025, alterando o cronograma do Processo Seletivo para ingresso nos cursos da Educa\u00e7\u00e3o Profissional T\u00e9cnica de N\u00edvel M\u00e9dio Integrada ao Ensino M\u00e9dio, na modalidade presencial, para o ano letivo de 2026. [&hellip;]<\/p>\n","protected":false},"author":86,"featured_media":25091,"comment_status":"closed","ping_status":"closed","sticky":false,"template":"","format":"standard","meta":[],"categories":[4,5,8,57],"tags":[],"_links":{"self":[{"href":"https:\/\/www.ifbaiano.edu.br\/unidades\/santaines\/wp-json\/wp\/v2\/posts\/25806"}],"collection":[{"href":"https:\/\/www.ifbaiano.edu.br\/unidades\/santaines\/wp-json\/wp\/v2\/posts"}],"about":[{"href":"https:\/\/www.ifbaiano.edu.br\/unidades\/santaines\/wp-json\/wp\/v2\/types\/post"}],"author":[{"embeddable":true,"href":"https:\/\/www.ifbaiano.edu.br\/unidades\/santaines\/wp-json\/wp\/v2\/users\/86"}],"replies":[{"embeddable":true,"href":"https:\/\/www.ifbaiano.edu.br\/unidades\/santaines\/wp-json\/wp\/v2\/comments?post=25806"}],"version-history":[{"count":4,"href":"https:\/\/www.ifbaiano.edu.br\/unidades\/santaines\/wp-json\/wp\/v2\/posts\/25806\/revisions"}],"predecessor-version":[{"id":25869,"href":"https:\/\/www.ifbaiano.edu.br\/unidades\/santaines\/wp-json\/wp\/v2\/posts\/25806\/revisions\/25869"}],"wp:featuredmedia":[{"embeddable":true,"href":"https:\/\/www.ifbaiano.edu.br\/unidades\/santaines\/wp-json\/wp\/v2\/media\/25091"}],"wp:attachment":[{"href":"https:\/\/www.ifbaiano.edu.br\/unidades\/santaines\/wp-json\/wp\/v2\/media?parent=25806"}],"wp:term":[{"taxonomy":"category","embeddable":true,"href":"https:\/\/www.ifbaiano.edu.br\/unidades\/santaines\/wp-json\/wp\/v2\/categories?post=25806"},{"taxonomy":"post_tag","embeddable":true,"href":"https:\/\/www.ifbaiano.edu.br\/unidades\/santaines\/wp-json\/wp\/v2\/tags?post=25806"}],"curies":[{"name":"wp","href":"https:\/\/api.w.org\/{rel}","templated":true}]}}