{"id":25808,"date":"2025-10-12T22:38:10","date_gmt":"2025-10-13T01:38:10","guid":{"rendered":"https:\/\/www.ifbaiano.edu.br\/unidades\/santaines\/?p=25808"},"modified":"2025-10-12T22:38:11","modified_gmt":"2025-10-13T01:38:11","slug":"if-de-portas-abertas-transformando-sonhos-em-futuro-profissional","status":"publish","type":"post","link":"https:\/\/www.ifbaiano.edu.br\/unidades\/santaines\/if-de-portas-abertas-transformando-sonhos-em-futuro-profissional\/","title":{"rendered":"IF de Portas Abertas: Transformando Sonhos em Futuro Profissional"},"content":{"rendered":"\n<p>Na \u00faltima quarta-feira, 08 de maio, o Instituto Federal Baiano (IF Baiano) \u2013 Campus Santa In\u00eas encerrou a IV edi\u00e7\u00e3o do seu programa &#8220;IF de Portas Abertas&#8221;, que recebeu estudantes do nono ano de seis escolas da regi\u00e3o, acompanhados de seus professores. Este evento anual, estrategicamente planejado e alinhado ao per\u00edodo de inscri\u00e7\u00f5es para os Cursos T\u00e9cnicos Integrados, provou ser uma ponte essencial entre a comunidade e as in\u00fameras oportunidades que a institui\u00e7\u00e3o oferece.<\/p>\n\n\n\n<p>Escolas participantes desse \u00faltimo dia de visita:<\/p>\n\n\n\n<ul>\n<li>\u00a0<strong>Santa In\u00eas:<\/strong>\u00a0Centro Educacional Professor Manoel Reis de Almeida Costa e Escola Inspirar Futuro.<\/li>\n\n\n\n<li>\u00a0<strong>Lajedo do Tabocal:<\/strong> Escola Municipal \u00c1lvaro Vasconcelos Fagundes e Escola Municipal Manoel Pires da Silva.<\/li>\n\n\n\n<li>\u00a0<strong>Uba\u00edra:<\/strong>\u00a0Centro Educacional Pequeno Pr\u00edncipe e Escola Livino Ferrari.<\/li>\n<\/ul>\n\n\n\n<figure class=\"wp-block-gallery has-nested-images columns-default is-cropped wp-block-gallery-1 is-layout-flex\">\n<figure class=\"wp-block-image size-large\"><a href=\"https:\/\/www.ifbaiano.edu.br\/unidades\/santaines\/files\/2025\/10\/8135-GRP-Escola_.webp\"><img decoding=\"async\" loading=\"lazy\" width=\"1024\" height=\"682\" data-id=\"25810\"  src=\"https:\/\/www.ifbaiano.edu.br\/unidades\/santaines\/files\/2025\/10\/8135-GRP-Escola_-1024x682.webp\" alt=\"\" class=\"wp-image-25810\" srcset=\"https:\/\/www.ifbaiano.edu.br\/unidades\/santaines\/files\/2025\/10\/8135-GRP-Escola_-1024x682.webp 1024w, https:\/\/www.ifbaiano.edu.br\/unidades\/santaines\/files\/2025\/10\/8135-GRP-Escola_-300x200.webp 300w, https:\/\/www.ifbaiano.edu.br\/unidades\/santaines\/files\/2025\/10\/8135-GRP-Escola_-768x512.webp 768w, https:\/\/www.ifbaiano.edu.br\/unidades\/santaines\/files\/2025\/10\/8135-GRP-Escola_-1536x1023.webp 1536w, https:\/\/www.ifbaiano.edu.br\/unidades\/santaines\/files\/2025\/10\/8135-GRP-Escola_-100x67.webp 100w, https:\/\/www.ifbaiano.edu.br\/unidades\/santaines\/files\/2025\/10\/8135-GRP-Escola_.webp 1600w\" sizes=\"(max-width: 1024px) 100vw, 1024px\" \/><\/a><\/figure>\n\n\n\n<figure class=\"wp-block-image size-large\"><a href=\"https:\/\/www.ifbaiano.edu.br\/unidades\/santaines\/files\/2025\/10\/8135-turma.webp\"><img decoding=\"async\" loading=\"lazy\" width=\"1024\" height=\"682\" data-id=\"25809\"  src=\"https:\/\/www.ifbaiano.edu.br\/unidades\/santaines\/files\/2025\/10\/8135-turma-1024x682.webp\" alt=\"\" class=\"wp-image-25809\" srcset=\"https:\/\/www.ifbaiano.edu.br\/unidades\/santaines\/files\/2025\/10\/8135-turma-1024x682.webp 1024w, https:\/\/www.ifbaiano.edu.br\/unidades\/santaines\/files\/2025\/10\/8135-turma-300x200.webp 300w, https:\/\/www.ifbaiano.edu.br\/unidades\/santaines\/files\/2025\/10\/8135-turma-768x512.webp 768w, https:\/\/www.ifbaiano.edu.br\/unidades\/santaines\/files\/2025\/10\/8135-turma-1536x1023.webp 1536w, https:\/\/www.ifbaiano.edu.br\/unidades\/santaines\/files\/2025\/10\/8135-turma-100x67.webp 100w, https:\/\/www.ifbaiano.edu.br\/unidades\/santaines\/files\/2025\/10\/8135-turma.webp 1600w\" sizes=\"(max-width: 1024px) 100vw, 1024px\" \/><\/a><\/figure>\n\n\n\n<figure class=\"wp-block-image size-large\"><a href=\"https:\/\/www.ifbaiano.edu.br\/unidades\/santaines\/files\/2025\/10\/8148-GRP-Escola.webp\"><img decoding=\"async\" loading=\"lazy\" width=\"1024\" height=\"682\" data-id=\"25811\"  src=\"https:\/\/www.ifbaiano.edu.br\/unidades\/santaines\/files\/2025\/10\/8148-GRP-Escola-1024x682.webp\" alt=\"\" class=\"wp-image-25811\" srcset=\"https:\/\/www.ifbaiano.edu.br\/unidades\/santaines\/files\/2025\/10\/8148-GRP-Escola-1024x682.webp 1024w, https:\/\/www.ifbaiano.edu.br\/unidades\/santaines\/files\/2025\/10\/8148-GRP-Escola-300x200.webp 300w, https:\/\/www.ifbaiano.edu.br\/unidades\/santaines\/files\/2025\/10\/8148-GRP-Escola-768x512.webp 768w, https:\/\/www.ifbaiano.edu.br\/unidades\/santaines\/files\/2025\/10\/8148-GRP-Escola-1536x1023.webp 1536w, https:\/\/www.ifbaiano.edu.br\/unidades\/santaines\/files\/2025\/10\/8148-GRP-Escola-100x67.webp 100w, https:\/\/www.ifbaiano.edu.br\/unidades\/santaines\/files\/2025\/10\/8148-GRP-Escola.webp 1600w\" sizes=\"(max-width: 1024px) 100vw, 1024px\" \/><\/a><\/figure>\n<\/figure>\n\n\n\n<p>O &#8220;IF de Portas Abertas&#8221; vai muito al\u00e9m de uma simples visita; \u00e9 uma imers\u00e3o completa na vida acad\u00eamica e profissional. Durante a visita, os estudantes tiveram a oportunidade de explorar toda a infraestrutura do campus \u2013 desde salas de aula e laborat\u00f3rios at\u00e9 setores de produ\u00e7\u00e3o e projetos inovadores. Al\u00e9m disso, puderam acompanhar de perto a rotina di\u00e1ria dos alunos dos Cursos T\u00e9cnicos Integrados em Agropecu\u00e1ria, Alimentos, Inform\u00e1tica e Zootecnia, participando ativamente de atividades desenvolvidas nos diversos setores.<\/p>\n\n\n\n<p><strong>Uma Vis\u00e3o Estrat\u00e9gica para o Futuro<\/strong><\/p>\n\n\n\n<p>A Diretora-geral do campus, Genilda Lima, enfatiza a amplitude da oferta educacional do IF Baiano, que abrange desde cursos T\u00e9cnicos de N\u00edvel M\u00e9dio at\u00e9 P\u00f3s-gradua\u00e7\u00f5es, incluindo modalidades EJA (Educa\u00e7\u00e3o de Jovens e Adultos) e EaD (Educa\u00e7\u00e3o a Dist\u00e2ncia). &#8220;Nosso projeto &#8216;IF de Portas Abertas&#8217; foi concebido especialmente para os estudantes do 9\u00ba ano, que est\u00e3o prestes a iniciar o Ensino M\u00e9dio&#8221;, explica Genilda. &#8220;No entanto, queremos deixar claro que todos est\u00e3o convidados: nossa institui\u00e7\u00e3o est\u00e1 sempre de portas abertas para receber interessados de todas as idades. O objetivo \u00e9 apresentar as oportunidades e auxiliar cada estudante a fazer uma escolha mais assertiva, alinhando suas paix\u00f5es a um futuro promissor.&#8221;<\/p>\n\n\n\n<p>A recep\u00e7\u00e3o calorosa contou com a presen\u00e7a da Diretora-geral Genilda Lima, do Diretor Acad\u00eamico Andr\u00e9 Leonardo, da Coordenadora de Ensino Tharcilla Pess\u00f4a, entre outros coordenadores, professores e estudantes monitores. Ap\u00f3s uma breve apresenta\u00e7\u00e3o e um lanche, os grupos embarcaram em uma verdadeira jornada de descobertas pelos &#8220;Pontos Interativos&#8221; do campus.<\/p>\n\n\n\n<p><strong>Experi\u00eancias que Marcam e Inspiram<\/strong><\/p>\n\n\n\n<p>Nos diversos pontos de visita\u00e7\u00e3o, os estudantes foram imersos em atividades pr\u00e1ticas e demonstra\u00e7\u00f5es:<\/p>\n\n\n\n<ul>\n<li><strong>Horta:<\/strong>\u00a0Conheceram um pouco sobre Mecaniza\u00e7\u00e3o Agr\u00edcola com o professor e estudantes da disciplina, sobre a import\u00e2ncia do solo-\u00e1gua com a orienta\u00e7\u00e3o do Grupo de Estudos em Manejo e Qualidade do Solo (GEMS) e participaram de atividades de plantio de mudas.<\/li>\n\n\n\n<li><strong>Pavilh\u00e3o do curso T\u00e9cnico em Agropecu\u00e1ria:<\/strong>\u00a0Visitaram laborat\u00f3rios de Qu\u00edmica, Biologia e F\u00edsica, onde participaram de experimentos e demonstra\u00e7\u00f5es que desmistificaram essas ci\u00eancias.<\/li>\n\n\n\n<li><strong>Pavilh\u00e3o do curso T\u00e9cnico em Alimentos:<\/strong>\u00a0Realizaram uma visita guiada, compreendendo o processo de transforma\u00e7\u00e3o de alimentos.<\/li>\n\n\n\n<li><strong>Unidades Educativas de Campo e Pavilh\u00e3o do curso T\u00e9cnico em Zootecnia:<\/strong>\u00a0Exploraram os setores de avicultura, bovinocultura, caprinocultura, cunicultura, equinocultura e suinocultura, aprendendo sobre as pr\u00e1ticas di\u00e1rias e o manejo dos animais.<\/li>\n\n\n\n<li><strong>Pavilh\u00e3o do curso T\u00e9cnico em Inform\u00e1tica:<\/strong>\u00a0Mergulharam nos laborat\u00f3rios de manuten\u00e7\u00e3o e programa\u00e7\u00e3o, onde puderam vislumbrar a rotina de um profissional de TI.<\/li>\n\n\n\n<li><strong>Stands Interativos:<\/strong>\u00a0Participaram de din\u00e2micas no stand do Grupo de Estudos em Educa\u00e7\u00e3o Ambiental (GEAB) e conheceram o trabalho desenvolvido pelo N\u00facleo de Estudos Afro-Brasileiros e Ind\u00edgenas (NEABI), ampliando seus conhecimentos em \u00e1reas essenciais para a forma\u00e7\u00e3o cidad\u00e3.<\/li>\n\n\n\n<li><strong>Stand do PROESEL 2025:<\/strong>\u00a0Ao final, receberam todas as informa\u00e7\u00f5es sobre o processo seletivo, como se inscrever e tirar d\u00favidas, dando um passo concreto rumo ao IF Baiano.<\/li>\n<\/ul>\n\n\n\n<figure class=\"wp-block-gallery has-nested-images columns-default is-cropped wp-block-gallery-3 is-layout-flex\">\n<figure class=\"wp-block-image size-large\"><a href=\"https:\/\/www.ifbaiano.edu.br\/unidades\/santaines\/files\/2025\/10\/8242-Mec.-Agricola.webp\"><img decoding=\"async\" loading=\"lazy\" width=\"1024\" height=\"1024\" data-id=\"25827\"  src=\"https:\/\/www.ifbaiano.edu.br\/unidades\/santaines\/files\/2025\/10\/8242-Mec.-Agricola-1024x1024.webp\" alt=\"\" class=\"wp-image-25827\" srcset=\"https:\/\/www.ifbaiano.edu.br\/unidades\/santaines\/files\/2025\/10\/8242-Mec.-Agricola-1024x1024.webp 1024w, https:\/\/www.ifbaiano.edu.br\/unidades\/santaines\/files\/2025\/10\/8242-Mec.-Agricola-300x300.webp 300w, https:\/\/www.ifbaiano.edu.br\/unidades\/santaines\/files\/2025\/10\/8242-Mec.-Agricola-150x150.webp 150w, https:\/\/www.ifbaiano.edu.br\/unidades\/santaines\/files\/2025\/10\/8242-Mec.-Agricola-768x768.webp 768w, https:\/\/www.ifbaiano.edu.br\/unidades\/santaines\/files\/2025\/10\/8242-Mec.-Agricola-100x100.webp 100w, https:\/\/www.ifbaiano.edu.br\/unidades\/santaines\/files\/2025\/10\/8242-Mec.-Agricola.webp 1080w\" sizes=\"(max-width: 1024px) 100vw, 1024px\" \/><\/a><\/figure>\n\n\n\n<figure class=\"wp-block-image size-large\"><a href=\"https:\/\/www.ifbaiano.edu.br\/unidades\/santaines\/files\/2025\/10\/8240-17bc3bd.webp\"><img decoding=\"async\" loading=\"lazy\" width=\"1024\" height=\"1024\" data-id=\"25815\"  src=\"https:\/\/www.ifbaiano.edu.br\/unidades\/santaines\/files\/2025\/10\/8240-17bc3bd-1024x1024.webp\" alt=\"\" class=\"wp-image-25815\" srcset=\"https:\/\/www.ifbaiano.edu.br\/unidades\/santaines\/files\/2025\/10\/8240-17bc3bd-1024x1024.webp 1024w, https:\/\/www.ifbaiano.edu.br\/unidades\/santaines\/files\/2025\/10\/8240-17bc3bd-300x300.webp 300w, https:\/\/www.ifbaiano.edu.br\/unidades\/santaines\/files\/2025\/10\/8240-17bc3bd-150x150.webp 150w, https:\/\/www.ifbaiano.edu.br\/unidades\/santaines\/files\/2025\/10\/8240-17bc3bd-768x768.webp 768w, https:\/\/www.ifbaiano.edu.br\/unidades\/santaines\/files\/2025\/10\/8240-17bc3bd-100x100.webp 100w, https:\/\/www.ifbaiano.edu.br\/unidades\/santaines\/files\/2025\/10\/8240-17bc3bd.webp 1080w\" sizes=\"(max-width: 1024px) 100vw, 1024px\" \/><\/a><\/figure>\n\n\n\n<figure class=\"wp-block-image size-large\"><a href=\"https:\/\/www.ifbaiano.edu.br\/unidades\/santaines\/files\/2025\/10\/8240-horta-.webp\"><img decoding=\"async\" loading=\"lazy\" width=\"768\" height=\"1024\" data-id=\"25818\"  src=\"https:\/\/www.ifbaiano.edu.br\/unidades\/santaines\/files\/2025\/10\/8240-horta--768x1024.webp\" alt=\"\" class=\"wp-image-25818\" srcset=\"https:\/\/www.ifbaiano.edu.br\/unidades\/santaines\/files\/2025\/10\/8240-horta--768x1024.webp 768w, https:\/\/www.ifbaiano.edu.br\/unidades\/santaines\/files\/2025\/10\/8240-horta--225x300.webp 225w, https:\/\/www.ifbaiano.edu.br\/unidades\/santaines\/files\/2025\/10\/8240-horta--100x133.webp 100w, https:\/\/www.ifbaiano.edu.br\/unidades\/santaines\/files\/2025\/10\/8240-horta-.webp 810w\" sizes=\"(max-width: 768px) 100vw, 768px\" \/><\/a><\/figure>\n\n\n\n<figure class=\"wp-block-image size-large\"><a href=\"https:\/\/www.ifbaiano.edu.br\/unidades\/santaines\/files\/2025\/10\/8240-5764aabd-8a56-4bff-aac2-2dd7618ae12d.webp\"><img decoding=\"async\" loading=\"lazy\" width=\"1024\" height=\"1024\" data-id=\"25813\"  src=\"https:\/\/www.ifbaiano.edu.br\/unidades\/santaines\/files\/2025\/10\/8240-5764aabd-8a56-4bff-aac2-2dd7618ae12d-1024x1024.webp\" alt=\"\" class=\"wp-image-25813\" srcset=\"https:\/\/www.ifbaiano.edu.br\/unidades\/santaines\/files\/2025\/10\/8240-5764aabd-8a56-4bff-aac2-2dd7618ae12d-1024x1024.webp 1024w, https:\/\/www.ifbaiano.edu.br\/unidades\/santaines\/files\/2025\/10\/8240-5764aabd-8a56-4bff-aac2-2dd7618ae12d-300x300.webp 300w, https:\/\/www.ifbaiano.edu.br\/unidades\/santaines\/files\/2025\/10\/8240-5764aabd-8a56-4bff-aac2-2dd7618ae12d-150x150.webp 150w, https:\/\/www.ifbaiano.edu.br\/unidades\/santaines\/files\/2025\/10\/8240-5764aabd-8a56-4bff-aac2-2dd7618ae12d-768x768.webp 768w, https:\/\/www.ifbaiano.edu.br\/unidades\/santaines\/files\/2025\/10\/8240-5764aabd-8a56-4bff-aac2-2dd7618ae12d-100x100.webp 100w, https:\/\/www.ifbaiano.edu.br\/unidades\/santaines\/files\/2025\/10\/8240-5764aabd-8a56-4bff-aac2-2dd7618ae12d.webp 1080w\" sizes=\"(max-width: 1024px) 100vw, 1024px\" \/><\/a><\/figure>\n\n\n\n<figure class=\"wp-block-image size-large\"><a href=\"https:\/\/www.ifbaiano.edu.br\/unidades\/santaines\/files\/2025\/10\/8241-Lab-Alimentos.webp\"><img decoding=\"async\" loading=\"lazy\" width=\"1024\" height=\"682\" data-id=\"25822\"  src=\"https:\/\/www.ifbaiano.edu.br\/unidades\/santaines\/files\/2025\/10\/8241-Lab-Alimentos-1024x682.webp\" alt=\"\" class=\"wp-image-25822\" srcset=\"https:\/\/www.ifbaiano.edu.br\/unidades\/santaines\/files\/2025\/10\/8241-Lab-Alimentos-1024x682.webp 1024w, https:\/\/www.ifbaiano.edu.br\/unidades\/santaines\/files\/2025\/10\/8241-Lab-Alimentos-300x200.webp 300w, https:\/\/www.ifbaiano.edu.br\/unidades\/santaines\/files\/2025\/10\/8241-Lab-Alimentos-768x512.webp 768w, https:\/\/www.ifbaiano.edu.br\/unidades\/santaines\/files\/2025\/10\/8241-Lab-Alimentos-1536x1023.webp 1536w, https:\/\/www.ifbaiano.edu.br\/unidades\/santaines\/files\/2025\/10\/8241-Lab-Alimentos-100x67.webp 100w, https:\/\/www.ifbaiano.edu.br\/unidades\/santaines\/files\/2025\/10\/8241-Lab-Alimentos.webp 1600w\" sizes=\"(max-width: 1024px) 100vw, 1024px\" \/><\/a><\/figure>\n\n\n\n<figure class=\"wp-block-image size-large\"><a href=\"https:\/\/www.ifbaiano.edu.br\/unidades\/santaines\/files\/2025\/10\/8240-Equinocultura.webp\"><img decoding=\"async\" loading=\"lazy\" width=\"1024\" height=\"682\" data-id=\"25821\"  src=\"https:\/\/www.ifbaiano.edu.br\/unidades\/santaines\/files\/2025\/10\/8240-Equinocultura-1024x682.webp\" alt=\"\" class=\"wp-image-25821\" srcset=\"https:\/\/www.ifbaiano.edu.br\/unidades\/santaines\/files\/2025\/10\/8240-Equinocultura-1024x682.webp 1024w, https:\/\/www.ifbaiano.edu.br\/unidades\/santaines\/files\/2025\/10\/8240-Equinocultura-300x200.webp 300w, https:\/\/www.ifbaiano.edu.br\/unidades\/santaines\/files\/2025\/10\/8240-Equinocultura-768x512.webp 768w, https:\/\/www.ifbaiano.edu.br\/unidades\/santaines\/files\/2025\/10\/8240-Equinocultura-1536x1023.webp 1536w, https:\/\/www.ifbaiano.edu.br\/unidades\/santaines\/files\/2025\/10\/8240-Equinocultura-100x67.webp 100w, https:\/\/www.ifbaiano.edu.br\/unidades\/santaines\/files\/2025\/10\/8240-Equinocultura.webp 1600w\" sizes=\"(max-width: 1024px) 100vw, 1024px\" \/><\/a><\/figure>\n\n\n\n<figure class=\"wp-block-image size-large\"><a href=\"https:\/\/www.ifbaiano.edu.br\/unidades\/santaines\/files\/2025\/10\/8242-Lab-Fisica.webp\"><img decoding=\"async\" loading=\"lazy\" width=\"1024\" height=\"682\" data-id=\"25823\"  src=\"https:\/\/www.ifbaiano.edu.br\/unidades\/santaines\/files\/2025\/10\/8242-Lab-Fisica-1024x682.webp\" alt=\"\" class=\"wp-image-25823\" srcset=\"https:\/\/www.ifbaiano.edu.br\/unidades\/santaines\/files\/2025\/10\/8242-Lab-Fisica-1024x682.webp 1024w, https:\/\/www.ifbaiano.edu.br\/unidades\/santaines\/files\/2025\/10\/8242-Lab-Fisica-300x200.webp 300w, https:\/\/www.ifbaiano.edu.br\/unidades\/santaines\/files\/2025\/10\/8242-Lab-Fisica-768x512.webp 768w, https:\/\/www.ifbaiano.edu.br\/unidades\/santaines\/files\/2025\/10\/8242-Lab-Fisica-1536x1023.webp 1536w, https:\/\/www.ifbaiano.edu.br\/unidades\/santaines\/files\/2025\/10\/8242-Lab-Fisica-100x67.webp 100w, https:\/\/www.ifbaiano.edu.br\/unidades\/santaines\/files\/2025\/10\/8242-Lab-Fisica.webp 1600w\" sizes=\"(max-width: 1024px) 100vw, 1024px\" \/><\/a><\/figure>\n\n\n\n<figure class=\"wp-block-image size-large\"><a href=\"https:\/\/www.ifbaiano.edu.br\/unidades\/santaines\/files\/2025\/10\/8242-NEABI.webp\"><img decoding=\"async\" loading=\"lazy\" width=\"1024\" height=\"682\" data-id=\"25825\"  src=\"https:\/\/www.ifbaiano.edu.br\/unidades\/santaines\/files\/2025\/10\/8242-NEABI-1024x682.webp\" alt=\"\" class=\"wp-image-25825\" srcset=\"https:\/\/www.ifbaiano.edu.br\/unidades\/santaines\/files\/2025\/10\/8242-NEABI-1024x682.webp 1024w, https:\/\/www.ifbaiano.edu.br\/unidades\/santaines\/files\/2025\/10\/8242-NEABI-300x200.webp 300w, https:\/\/www.ifbaiano.edu.br\/unidades\/santaines\/files\/2025\/10\/8242-NEABI-768x512.webp 768w, https:\/\/www.ifbaiano.edu.br\/unidades\/santaines\/files\/2025\/10\/8242-NEABI-1536x1023.webp 1536w, https:\/\/www.ifbaiano.edu.br\/unidades\/santaines\/files\/2025\/10\/8242-NEABI-100x67.webp 100w, https:\/\/www.ifbaiano.edu.br\/unidades\/santaines\/files\/2025\/10\/8242-NEABI.webp 1600w\" sizes=\"(max-width: 1024px) 100vw, 1024px\" \/><\/a><\/figure>\n\n\n\n<figure class=\"wp-block-image size-large\"><a href=\"https:\/\/www.ifbaiano.edu.br\/unidades\/santaines\/files\/2025\/10\/8242-NEABI-.webp\"><img decoding=\"async\" loading=\"lazy\" width=\"1024\" height=\"682\" data-id=\"25826\"  src=\"https:\/\/www.ifbaiano.edu.br\/unidades\/santaines\/files\/2025\/10\/8242-NEABI--1024x682.webp\" alt=\"\" class=\"wp-image-25826\" srcset=\"https:\/\/www.ifbaiano.edu.br\/unidades\/santaines\/files\/2025\/10\/8242-NEABI--1024x682.webp 1024w, https:\/\/www.ifbaiano.edu.br\/unidades\/santaines\/files\/2025\/10\/8242-NEABI--300x200.webp 300w, https:\/\/www.ifbaiano.edu.br\/unidades\/santaines\/files\/2025\/10\/8242-NEABI--768x512.webp 768w, https:\/\/www.ifbaiano.edu.br\/unidades\/santaines\/files\/2025\/10\/8242-NEABI--1536x1023.webp 1536w, https:\/\/www.ifbaiano.edu.br\/unidades\/santaines\/files\/2025\/10\/8242-NEABI--100x67.webp 100w, https:\/\/www.ifbaiano.edu.br\/unidades\/santaines\/files\/2025\/10\/8242-NEABI-.webp 1600w\" sizes=\"(max-width: 1024px) 100vw, 1024px\" \/><\/a><\/figure>\n<\/figure>\n\n\n\n<p>A colabora\u00e7\u00e3o incans\u00e1vel de estudantes monitores, servidores e grupos de estudos garantiu uma experi\u00eancia rica e representativa da vida no campus.<\/p>\n\n\n\n<p><strong>Depoimentos que confirmam o Sucesso<\/strong><\/p>\n\n\n\n<p>Os relatos de quem participou do &#8220;IF de Portas Abertas&#8221; s\u00e3o un\u00e2nimes em destacar o impacto transformador do programa.<\/p>\n\n\n\n<p><strong>Crislanny de Lima Cruz<\/strong>, egressa do Curso T\u00e9cnico em Alimentos do IF Baiano \u2013 Campus Santa In\u00eas e atualmente Educadora Social na Escola Municipal \u00c1lvaro Vasconcelos Fagundes, expressou sua satisfa\u00e7\u00e3o: &#8220;A visita superou todas as expectativas. Foi uma experi\u00eancia enriquecedora e fundamental para motivar os alunos a fazerem suas inscri\u00e7\u00f5es. Indico o Instituto todos os dias, pois como ex-aluna, sei o quanto a institui\u00e7\u00e3o ampliou minha vis\u00e3o de mundo e me formou como profissional.&#8221; Crislanny ainda relata o entusiasmo dos estudantes: &#8220;Eles amaram conhecer o Instituto e ficaram com d\u00favidas sobre qual curso escolher, de tanto que gostaram de tudo! Muitos disseram: &#8216;\u00e9 completamente diferente do que eu imaginava, tem muita coisa legal e interessante, e a equipe demonstra muito cuidado com os estudantes&#8217;.&#8221; Segundo ela, antes da visita, apenas duas alunas haviam se inscrito; depois, &#8220;todos os estudantes demonstraram interesse e disseram que iam conversar com seus respons\u00e1veis&#8221;.<\/p>\n\n\n\n<p><strong>Selma Iraides Silva<\/strong>, professora e psicopedagoga do Col\u00e9gio Municipal Livino Ferrari, de Uba\u00edra, j\u00e1 conhecia o campus e refor\u00e7a a qualidade da institui\u00e7\u00e3o: &#8220;O IF \u00e9 uma institui\u00e7\u00e3o diferenciada. Amamos a visita, o cuidado, o acolhimento, as explana\u00e7\u00f5es. Foi tudo muito enriquecedor.&#8221;<\/p>\n\n\n\n<p><strong>Mariana Pereira<\/strong>, estudante do 9\u00ba ano da Escola Livino Ferrari, de Uba\u00edra \u2013 uma zona rural a 60 km de Santa In\u00eas \u2013, visitava o campus pela primeira vez e ficou impressionada. &#8220;O Campus Santa In\u00eas \u00e9 um lugar bastante produtivo. Amei a visita, muito bem explicativa e rica em conhecimento. Me surpreendeu bastante, \u00e9 realmente incr\u00edvel!&#8221;, disse ela. Mariana j\u00e1 considera sua inscri\u00e7\u00e3o com seriedade: &#8220;Estou aguardando a escolha dos meus pais, mas pretendo ingressar no Curso T\u00e9cnico em Agropecu\u00e1ria.&#8221;<\/p>\n\n\n\n<p><strong>Ana Vit\u00f3ria Moraes e Alicia Silva<\/strong>, alunas do 9\u00ba ano da Escola Municipal \u00c1lvaro Vasconcelos Fagundes, tamb\u00e9m n\u00e3o conheciam a institui\u00e7\u00e3o e se surpreenderam com sua estrutura e ambiente. &#8220;A visita foi maravilhosa! Foi totalmente diferente do que eu esperava. Esperava um col\u00e9gio fechado&#8221;, revelou Alicia, desmistificando a imagem pr\u00e9-concebida. Ana Vit\u00f3ria, por sua vez, demonstrou grande interesse em fazer parte do campus como aluna. &#8220;Foi uma professora que me apresentou o IF Baiano \u2013 Campus Santa In\u00eas. Eu achei muito legal, n\u00e3o achava que era isso tudo! Tamb\u00e9m gostei do jeito que as pessoas trabalham a\u00ed. Alguns colegas meus tamb\u00e9m se inscreveram. Seria incr\u00edvel ter essa experi\u00eancia [de estudar no campus]!&#8221;, concluiu Ana Vit\u00f3ria, evidenciando o poder de atra\u00e7\u00e3o do IF.<\/p>\n\n\n\n<p><strong>Sua Jornada Come\u00e7a Aqui!<\/strong><\/p>\n\n\n\n<p>O sucesso do &#8220;IF de Portas Abertas&#8221; \u00e9 um convite claro: o IF Baiano \u2013 Campus Santa In\u00eas est\u00e1 pronto para acolher voc\u00ea e transformar seu potencial em um futuro brilhante. N\u00e3o perca a chance de fazer parte de uma institui\u00e7\u00e3o que n\u00e3o apenas educa, mas tamb\u00e9m inspira e forma cidad\u00e3os completos.<\/p>\n\n\n\n<p><strong>As inscri\u00e7\u00f5es para os Cursos T\u00e9cnicos Integrados est\u00e3o abertas! Visite a p\u00e1gina oficial do PROSEL <\/strong><a href=\"https:\/\/ingresso.ifbaiano.edu.br\"><strong>https:\/\/ingresso.ifbaiano.edu.br<\/strong><\/a><strong> ou entre em contato para mais informa\u00e7\u00f5es e garanta seu lugar em uma renomada institui\u00e7\u00e3o de ensino p\u00fablico e gratuito.<\/strong><\/p>\n\n\n\n<figure class=\"wp-block-gallery has-nested-images columns-default is-cropped wp-block-gallery-5 is-layout-flex\">\n<figure class=\"wp-block-image size-large\"><a href=\"https:\/\/www.ifbaiano.edu.br\/unidades\/santaines\/files\/2025\/10\/8900-2426b59f-efff-4e4e-8976-2798fbb6168f.webp\"><img decoding=\"async\" loading=\"lazy\" width=\"1024\" height=\"1024\" data-id=\"25848\"  src=\"https:\/\/www.ifbaiano.edu.br\/unidades\/santaines\/files\/2025\/10\/8900-2426b59f-efff-4e4e-8976-2798fbb6168f-1024x1024.webp\" alt=\"\" class=\"wp-image-25848\" srcset=\"https:\/\/www.ifbaiano.edu.br\/unidades\/santaines\/files\/2025\/10\/8900-2426b59f-efff-4e4e-8976-2798fbb6168f-1024x1024.webp 1024w, https:\/\/www.ifbaiano.edu.br\/unidades\/santaines\/files\/2025\/10\/8900-2426b59f-efff-4e4e-8976-2798fbb6168f-300x300.webp 300w, https:\/\/www.ifbaiano.edu.br\/unidades\/santaines\/files\/2025\/10\/8900-2426b59f-efff-4e4e-8976-2798fbb6168f-150x150.webp 150w, https:\/\/www.ifbaiano.edu.br\/unidades\/santaines\/files\/2025\/10\/8900-2426b59f-efff-4e4e-8976-2798fbb6168f-768x768.webp 768w, https:\/\/www.ifbaiano.edu.br\/unidades\/santaines\/files\/2025\/10\/8900-2426b59f-efff-4e4e-8976-2798fbb6168f-100x100.webp 100w, https:\/\/www.ifbaiano.edu.br\/unidades\/santaines\/files\/2025\/10\/8900-2426b59f-efff-4e4e-8976-2798fbb6168f.webp 1080w\" sizes=\"(max-width: 1024px) 100vw, 1024px\" \/><\/a><\/figure>\n\n\n\n<figure class=\"wp-block-image size-large\"><a href=\"https:\/\/www.ifbaiano.edu.br\/unidades\/santaines\/files\/2025\/10\/8897-1ac5fb80-dcbd-4c57-9454-1aa788a18753.webp\"><img decoding=\"async\" loading=\"lazy\" width=\"1024\" height=\"1024\" data-id=\"25846\"  src=\"https:\/\/www.ifbaiano.edu.br\/unidades\/santaines\/files\/2025\/10\/8897-1ac5fb80-dcbd-4c57-9454-1aa788a18753-1024x1024.webp\" alt=\"\" class=\"wp-image-25846\" srcset=\"https:\/\/www.ifbaiano.edu.br\/unidades\/santaines\/files\/2025\/10\/8897-1ac5fb80-dcbd-4c57-9454-1aa788a18753-1024x1024.webp 1024w, https:\/\/www.ifbaiano.edu.br\/unidades\/santaines\/files\/2025\/10\/8897-1ac5fb80-dcbd-4c57-9454-1aa788a18753-300x300.webp 300w, https:\/\/www.ifbaiano.edu.br\/unidades\/santaines\/files\/2025\/10\/8897-1ac5fb80-dcbd-4c57-9454-1aa788a18753-150x150.webp 150w, https:\/\/www.ifbaiano.edu.br\/unidades\/santaines\/files\/2025\/10\/8897-1ac5fb80-dcbd-4c57-9454-1aa788a18753-768x768.webp 768w, https:\/\/www.ifbaiano.edu.br\/unidades\/santaines\/files\/2025\/10\/8897-1ac5fb80-dcbd-4c57-9454-1aa788a18753-100x100.webp 100w, https:\/\/www.ifbaiano.edu.br\/unidades\/santaines\/files\/2025\/10\/8897-1ac5fb80-dcbd-4c57-9454-1aa788a18753.webp 1080w\" sizes=\"(max-width: 1024px) 100vw, 1024px\" \/><\/a><\/figure>\n\n\n\n<figure class=\"wp-block-image size-large\"><a href=\"https:\/\/www.ifbaiano.edu.br\/unidades\/santaines\/files\/2025\/10\/8759-PROSEL.webp\"><img decoding=\"async\" loading=\"lazy\" width=\"1024\" height=\"682\" data-id=\"25843\"  src=\"https:\/\/www.ifbaiano.edu.br\/unidades\/santaines\/files\/2025\/10\/8759-PROSEL-1024x682.webp\" alt=\"\" class=\"wp-image-25843\" srcset=\"https:\/\/www.ifbaiano.edu.br\/unidades\/santaines\/files\/2025\/10\/8759-PROSEL-1024x682.webp 1024w, https:\/\/www.ifbaiano.edu.br\/unidades\/santaines\/files\/2025\/10\/8759-PROSEL-300x200.webp 300w, https:\/\/www.ifbaiano.edu.br\/unidades\/santaines\/files\/2025\/10\/8759-PROSEL-768x512.webp 768w, https:\/\/www.ifbaiano.edu.br\/unidades\/santaines\/files\/2025\/10\/8759-PROSEL-1536x1023.webp 1536w, https:\/\/www.ifbaiano.edu.br\/unidades\/santaines\/files\/2025\/10\/8759-PROSEL-100x67.webp 100w, https:\/\/www.ifbaiano.edu.br\/unidades\/santaines\/files\/2025\/10\/8759-PROSEL.webp 1600w\" sizes=\"(max-width: 1024px) 100vw, 1024px\" \/><\/a><\/figure>\n\n\n\n<figure class=\"wp-block-image size-large\"><a href=\"https:\/\/www.ifbaiano.edu.br\/unidades\/santaines\/files\/2025\/10\/8240-INF.webp\"><img decoding=\"async\" loading=\"lazy\" width=\"1024\" height=\"682\" data-id=\"25817\"  src=\"https:\/\/www.ifbaiano.edu.br\/unidades\/santaines\/files\/2025\/10\/8240-INF-1024x682.webp\" alt=\"\" class=\"wp-image-25817\" srcset=\"https:\/\/www.ifbaiano.edu.br\/unidades\/santaines\/files\/2025\/10\/8240-INF-1024x682.webp 1024w, https:\/\/www.ifbaiano.edu.br\/unidades\/santaines\/files\/2025\/10\/8240-INF-300x200.webp 300w, https:\/\/www.ifbaiano.edu.br\/unidades\/santaines\/files\/2025\/10\/8240-INF-768x512.webp 768w, https:\/\/www.ifbaiano.edu.br\/unidades\/santaines\/files\/2025\/10\/8240-INF-1536x1023.webp 1536w, https:\/\/www.ifbaiano.edu.br\/unidades\/santaines\/files\/2025\/10\/8240-INF-100x67.webp 100w, https:\/\/www.ifbaiano.edu.br\/unidades\/santaines\/files\/2025\/10\/8240-INF.webp 1600w\" sizes=\"(max-width: 1024px) 100vw, 1024px\" \/><\/a><\/figure>\n\n\n\n<figure class=\"wp-block-image size-large\"><a href=\"https:\/\/www.ifbaiano.edu.br\/unidades\/santaines\/files\/2025\/10\/8242-M.-Agricola.webp\"><img decoding=\"async\" loading=\"lazy\" width=\"1024\" height=\"768\" data-id=\"25830\"  src=\"https:\/\/www.ifbaiano.edu.br\/unidades\/santaines\/files\/2025\/10\/8242-M.-Agricola-1024x768.webp\" alt=\"\" class=\"wp-image-25830\" srcset=\"https:\/\/www.ifbaiano.edu.br\/unidades\/santaines\/files\/2025\/10\/8242-M.-Agricola-1024x768.webp 1024w, https:\/\/www.ifbaiano.edu.br\/unidades\/santaines\/files\/2025\/10\/8242-M.-Agricola-300x225.webp 300w, https:\/\/www.ifbaiano.edu.br\/unidades\/santaines\/files\/2025\/10\/8242-M.-Agricola-768x576.webp 768w, https:\/\/www.ifbaiano.edu.br\/unidades\/santaines\/files\/2025\/10\/8242-M.-Agricola-100x75.webp 100w, https:\/\/www.ifbaiano.edu.br\/unidades\/santaines\/files\/2025\/10\/8242-M.-Agricola.webp 1440w\" sizes=\"(max-width: 1024px) 100vw, 1024px\" \/><\/a><\/figure>\n\n\n\n<figure class=\"wp-block-image size-large\"><a href=\"https:\/\/www.ifbaiano.edu.br\/unidades\/santaines\/files\/2025\/10\/8240-Equino.webp\"><img decoding=\"async\" loading=\"lazy\" width=\"1024\" height=\"682\" data-id=\"25820\"  src=\"https:\/\/www.ifbaiano.edu.br\/unidades\/santaines\/files\/2025\/10\/8240-Equino-1024x682.webp\" alt=\"\" class=\"wp-image-25820\" srcset=\"https:\/\/www.ifbaiano.edu.br\/unidades\/santaines\/files\/2025\/10\/8240-Equino-1024x682.webp 1024w, https:\/\/www.ifbaiano.edu.br\/unidades\/santaines\/files\/2025\/10\/8240-Equino-300x200.webp 300w, https:\/\/www.ifbaiano.edu.br\/unidades\/santaines\/files\/2025\/10\/8240-Equino-768x512.webp 768w, https:\/\/www.ifbaiano.edu.br\/unidades\/santaines\/files\/2025\/10\/8240-Equino-1536x1023.webp 1536w, https:\/\/www.ifbaiano.edu.br\/unidades\/santaines\/files\/2025\/10\/8240-Equino-100x67.webp 100w, https:\/\/www.ifbaiano.edu.br\/unidades\/santaines\/files\/2025\/10\/8240-Equino.webp 1600w\" sizes=\"(max-width: 1024px) 100vw, 1024px\" \/><\/a><\/figure>\n\n\n\n<figure class=\"wp-block-image size-large\"><a href=\"https:\/\/www.ifbaiano.edu.br\/unidades\/santaines\/files\/2025\/10\/8902-4391b220-b676-4136-b6ce-2dcc965d6a09.webp\"><img decoding=\"async\" loading=\"lazy\" width=\"1024\" height=\"1024\" data-id=\"25849\"  src=\"https:\/\/www.ifbaiano.edu.br\/unidades\/santaines\/files\/2025\/10\/8902-4391b220-b676-4136-b6ce-2dcc965d6a09-1024x1024.webp\" alt=\"\" class=\"wp-image-25849\" srcset=\"https:\/\/www.ifbaiano.edu.br\/unidades\/santaines\/files\/2025\/10\/8902-4391b220-b676-4136-b6ce-2dcc965d6a09-1024x1024.webp 1024w, https:\/\/www.ifbaiano.edu.br\/unidades\/santaines\/files\/2025\/10\/8902-4391b220-b676-4136-b6ce-2dcc965d6a09-300x300.webp 300w, https:\/\/www.ifbaiano.edu.br\/unidades\/santaines\/files\/2025\/10\/8902-4391b220-b676-4136-b6ce-2dcc965d6a09-150x150.webp 150w, https:\/\/www.ifbaiano.edu.br\/unidades\/santaines\/files\/2025\/10\/8902-4391b220-b676-4136-b6ce-2dcc965d6a09-768x768.webp 768w, https:\/\/www.ifbaiano.edu.br\/unidades\/santaines\/files\/2025\/10\/8902-4391b220-b676-4136-b6ce-2dcc965d6a09-100x100.webp 100w, https:\/\/www.ifbaiano.edu.br\/unidades\/santaines\/files\/2025\/10\/8902-4391b220-b676-4136-b6ce-2dcc965d6a09.webp 1080w\" sizes=\"(max-width: 1024px) 100vw, 1024px\" \/><\/a><\/figure>\n\n\n\n<figure class=\"wp-block-image size-large\"><a href=\"https:\/\/www.ifbaiano.edu.br\/unidades\/santaines\/files\/2025\/10\/8242-Plantio.webp\"><img decoding=\"async\" loading=\"lazy\" width=\"768\" height=\"1024\" data-id=\"25829\"  src=\"https:\/\/www.ifbaiano.edu.br\/unidades\/santaines\/files\/2025\/10\/8242-Plantio-768x1024.webp\" alt=\"\" class=\"wp-image-25829\" srcset=\"https:\/\/www.ifbaiano.edu.br\/unidades\/santaines\/files\/2025\/10\/8242-Plantio-768x1024.webp 768w, https:\/\/www.ifbaiano.edu.br\/unidades\/santaines\/files\/2025\/10\/8242-Plantio-225x300.webp 225w, https:\/\/www.ifbaiano.edu.br\/unidades\/santaines\/files\/2025\/10\/8242-Plantio-100x133.webp 100w, https:\/\/www.ifbaiano.edu.br\/unidades\/santaines\/files\/2025\/10\/8242-Plantio.webp 810w\" sizes=\"(max-width: 768px) 100vw, 768px\" \/><\/a><\/figure>\n\n\n\n<figure class=\"wp-block-image size-large\"><a href=\"https:\/\/www.ifbaiano.edu.br\/unidades\/santaines\/files\/2025\/10\/8242-Lab-Bio.webp\"><img decoding=\"async\" loading=\"lazy\" width=\"1024\" height=\"682\" data-id=\"25824\"  src=\"https:\/\/www.ifbaiano.edu.br\/unidades\/santaines\/files\/2025\/10\/8242-Lab-Bio-1024x682.webp\" alt=\"\" class=\"wp-image-25824\" srcset=\"https:\/\/www.ifbaiano.edu.br\/unidades\/santaines\/files\/2025\/10\/8242-Lab-Bio-1024x682.webp 1024w, https:\/\/www.ifbaiano.edu.br\/unidades\/santaines\/files\/2025\/10\/8242-Lab-Bio-300x200.webp 300w, https:\/\/www.ifbaiano.edu.br\/unidades\/santaines\/files\/2025\/10\/8242-Lab-Bio-768x512.webp 768w, https:\/\/www.ifbaiano.edu.br\/unidades\/santaines\/files\/2025\/10\/8242-Lab-Bio-1536x1023.webp 1536w, https:\/\/www.ifbaiano.edu.br\/unidades\/santaines\/files\/2025\/10\/8242-Lab-Bio-100x67.webp 100w, https:\/\/www.ifbaiano.edu.br\/unidades\/santaines\/files\/2025\/10\/8242-Lab-Bio.webp 1600w\" sizes=\"(max-width: 1024px) 100vw, 1024px\" \/><\/a><\/figure>\n\n\n\n<figure class=\"wp-block-image size-large\"><a href=\"https:\/\/www.ifbaiano.edu.br\/unidades\/santaines\/files\/2025\/10\/8915-18568977-13c5-4997-bd28-f2b446d2fdee.webp\"><img decoding=\"async\" loading=\"lazy\" width=\"1024\" height=\"1024\" data-id=\"25852\"  src=\"https:\/\/www.ifbaiano.edu.br\/unidades\/santaines\/files\/2025\/10\/8915-18568977-13c5-4997-bd28-f2b446d2fdee-1024x1024.webp\" alt=\"\" class=\"wp-image-25852\" srcset=\"https:\/\/www.ifbaiano.edu.br\/unidades\/santaines\/files\/2025\/10\/8915-18568977-13c5-4997-bd28-f2b446d2fdee-1024x1024.webp 1024w, https:\/\/www.ifbaiano.edu.br\/unidades\/santaines\/files\/2025\/10\/8915-18568977-13c5-4997-bd28-f2b446d2fdee-300x300.webp 300w, https:\/\/www.ifbaiano.edu.br\/unidades\/santaines\/files\/2025\/10\/8915-18568977-13c5-4997-bd28-f2b446d2fdee-150x150.webp 150w, https:\/\/www.ifbaiano.edu.br\/unidades\/santaines\/files\/2025\/10\/8915-18568977-13c5-4997-bd28-f2b446d2fdee-768x768.webp 768w, https:\/\/www.ifbaiano.edu.br\/unidades\/santaines\/files\/2025\/10\/8915-18568977-13c5-4997-bd28-f2b446d2fdee-100x100.webp 100w, https:\/\/www.ifbaiano.edu.br\/unidades\/santaines\/files\/2025\/10\/8915-18568977-13c5-4997-bd28-f2b446d2fdee.webp 1080w\" sizes=\"(max-width: 1024px) 100vw, 1024px\" \/><\/a><\/figure>\n\n\n\n<figure class=\"wp-block-image size-large\"><a href=\"https:\/\/www.ifbaiano.edu.br\/unidades\/santaines\/files\/2025\/10\/8739-GEAB.webp\"><img decoding=\"async\" loading=\"lazy\" width=\"1024\" height=\"682\" data-id=\"25833\"  src=\"https:\/\/www.ifbaiano.edu.br\/unidades\/santaines\/files\/2025\/10\/8739-GEAB-1024x682.webp\" alt=\"\" class=\"wp-image-25833\" srcset=\"https:\/\/www.ifbaiano.edu.br\/unidades\/santaines\/files\/2025\/10\/8739-GEAB-1024x682.webp 1024w, https:\/\/www.ifbaiano.edu.br\/unidades\/santaines\/files\/2025\/10\/8739-GEAB-300x200.webp 300w, https:\/\/www.ifbaiano.edu.br\/unidades\/santaines\/files\/2025\/10\/8739-GEAB-768x512.webp 768w, https:\/\/www.ifbaiano.edu.br\/unidades\/santaines\/files\/2025\/10\/8739-GEAB-1536x1023.webp 1536w, https:\/\/www.ifbaiano.edu.br\/unidades\/santaines\/files\/2025\/10\/8739-GEAB-100x67.webp 100w, https:\/\/www.ifbaiano.edu.br\/unidades\/santaines\/files\/2025\/10\/8739-GEAB.webp 1600w\" sizes=\"(max-width: 1024px) 100vw, 1024px\" \/><\/a><\/figure>\n\n\n\n<figure class=\"wp-block-image size-large\"><a href=\"https:\/\/www.ifbaiano.edu.br\/unidades\/santaines\/files\/2025\/10\/8896-0db012bb-d723-4b6f-9323-36db8cd4abcd.webp\"><img decoding=\"async\" loading=\"lazy\" width=\"1024\" height=\"1024\" data-id=\"25845\"  src=\"https:\/\/www.ifbaiano.edu.br\/unidades\/santaines\/files\/2025\/10\/8896-0db012bb-d723-4b6f-9323-36db8cd4abcd-1024x1024.webp\" alt=\"\" class=\"wp-image-25845\" srcset=\"https:\/\/www.ifbaiano.edu.br\/unidades\/santaines\/files\/2025\/10\/8896-0db012bb-d723-4b6f-9323-36db8cd4abcd-1024x1024.webp 1024w, https:\/\/www.ifbaiano.edu.br\/unidades\/santaines\/files\/2025\/10\/8896-0db012bb-d723-4b6f-9323-36db8cd4abcd-300x300.webp 300w, https:\/\/www.ifbaiano.edu.br\/unidades\/santaines\/files\/2025\/10\/8896-0db012bb-d723-4b6f-9323-36db8cd4abcd-150x150.webp 150w, https:\/\/www.ifbaiano.edu.br\/unidades\/santaines\/files\/2025\/10\/8896-0db012bb-d723-4b6f-9323-36db8cd4abcd-768x768.webp 768w, https:\/\/www.ifbaiano.edu.br\/unidades\/santaines\/files\/2025\/10\/8896-0db012bb-d723-4b6f-9323-36db8cd4abcd-100x100.webp 100w, https:\/\/www.ifbaiano.edu.br\/unidades\/santaines\/files\/2025\/10\/8896-0db012bb-d723-4b6f-9323-36db8cd4abcd.webp 1080w\" sizes=\"(max-width: 1024px) 100vw, 1024px\" \/><\/a><\/figure>\n\n\n\n<figure class=\"wp-block-image size-large\"><a href=\"https:\/\/www.ifbaiano.edu.br\/unidades\/santaines\/files\/2025\/10\/9431-CAPA-COMISSAO.webp\"><img decoding=\"async\" loading=\"lazy\" width=\"1024\" height=\"682\" data-id=\"25853\"  src=\"https:\/\/www.ifbaiano.edu.br\/unidades\/santaines\/files\/2025\/10\/9431-CAPA-COMISSAO-1024x682.webp\" alt=\"\" class=\"wp-image-25853\" srcset=\"https:\/\/www.ifbaiano.edu.br\/unidades\/santaines\/files\/2025\/10\/9431-CAPA-COMISSAO-1024x682.webp 1024w, https:\/\/www.ifbaiano.edu.br\/unidades\/santaines\/files\/2025\/10\/9431-CAPA-COMISSAO-300x200.webp 300w, https:\/\/www.ifbaiano.edu.br\/unidades\/santaines\/files\/2025\/10\/9431-CAPA-COMISSAO-768x512.webp 768w, https:\/\/www.ifbaiano.edu.br\/unidades\/santaines\/files\/2025\/10\/9431-CAPA-COMISSAO-1536x1023.webp 1536w, https:\/\/www.ifbaiano.edu.br\/unidades\/santaines\/files\/2025\/10\/9431-CAPA-COMISSAO-100x67.webp 100w, https:\/\/www.ifbaiano.edu.br\/unidades\/santaines\/files\/2025\/10\/9431-CAPA-COMISSAO.webp 1600w\" sizes=\"(max-width: 1024px) 100vw, 1024px\" \/><\/a><\/figure>\n<\/figure>\n\n\n\n<hr class=\"wp-block-separator has-alpha-channel-opacity\" \/>\n","protected":false},"excerpt":{"rendered":"<p>Na \u00faltima quarta-feira, 08 de maio, o Instituto Federal Baiano (IF Baiano) \u2013 Campus Santa In\u00eas encerrou a IV edi\u00e7\u00e3o do seu programa &#8220;IF de Portas Abertas&#8221;, que recebeu estudantes do nono ano de seis escolas da regi\u00e3o, acompanhados de seus professores. Este evento anual, estrategicamente planejado e alinhado ao per\u00edodo de inscri\u00e7\u00f5es para os [&hellip;]<\/p>\n","protected":false},"author":86,"featured_media":25361,"comment_status":"closed","ping_status":"closed","sticky":false,"template":"","format":"standard","meta":[],"categories":[4,13,5,57],"tags":[],"_links":{"self":[{"href":"https:\/\/www.ifbaiano.edu.br\/unidades\/santaines\/wp-json\/wp\/v2\/posts\/25808"}],"collection":[{"href":"https:\/\/www.ifbaiano.edu.br\/unidades\/santaines\/wp-json\/wp\/v2\/posts"}],"about":[{"href":"https:\/\/www.ifbaiano.edu.br\/unidades\/santaines\/wp-json\/wp\/v2\/types\/post"}],"author":[{"embeddable":true,"href":"https:\/\/www.ifbaiano.edu.br\/unidades\/santaines\/wp-json\/wp\/v2\/users\/86"}],"replies":[{"embeddable":true,"href":"https:\/\/www.ifbaiano.edu.br\/unidades\/santaines\/wp-json\/wp\/v2\/comments?post=25808"}],"version-history":[{"count":1,"href":"https:\/\/www.ifbaiano.edu.br\/unidades\/santaines\/wp-json\/wp\/v2\/posts\/25808\/revisions"}],"predecessor-version":[{"id":25854,"href":"https:\/\/www.ifbaiano.edu.br\/unidades\/santaines\/wp-json\/wp\/v2\/posts\/25808\/revisions\/25854"}],"wp:featuredmedia":[{"embeddable":true,"href":"https:\/\/www.ifbaiano.edu.br\/unidades\/santaines\/wp-json\/wp\/v2\/media\/25361"}],"wp:attachment":[{"href":"https:\/\/www.ifbaiano.edu.br\/unidades\/santaines\/wp-json\/wp\/v2\/media?parent=25808"}],"wp:term":[{"taxonomy":"category","embeddable":true,"href":"https:\/\/www.ifbaiano.edu.br\/unidades\/santaines\/wp-json\/wp\/v2\/categories?post=25808"},{"taxonomy":"post_tag","embeddable":true,"href":"https:\/\/www.ifbaiano.edu.br\/unidades\/santaines\/wp-json\/wp\/v2\/tags?post=25808"}],"curies":[{"name":"wp","href":"https:\/\/api.w.org\/{rel}","templated":true}]}}