{"id":25859,"date":"2025-10-13T15:41:41","date_gmt":"2025-10-13T18:41:41","guid":{"rendered":"https:\/\/www.ifbaiano.edu.br\/unidades\/santaines\/?p=25859"},"modified":"2025-10-13T15:41:42","modified_gmt":"2025-10-13T18:41:42","slug":"if-baiano-realiza-encontro-de-servidores-2025-em-remanso-com-integracao-esporte-e-bem-estar","status":"publish","type":"post","link":"https:\/\/www.ifbaiano.edu.br\/unidades\/santaines\/if-baiano-realiza-encontro-de-servidores-2025-em-remanso-com-integracao-esporte-e-bem-estar\/","title":{"rendered":"IF Baiano realiza Encontro de Servidores 2025 em Remanso, com integra\u00e7\u00e3o, esporte e bem-estar"},"content":{"rendered":"\n<p>Entre os dias&nbsp;<strong>14 e 16 de outubro<\/strong>, o Instituto Federal Baiano realiza, na cidade de&nbsp;<strong>Remanso<\/strong>, o&nbsp;<strong>Encontro de Servidores 2025<\/strong>&nbsp;\u2014 um evento anual que celebra o conv\u00edvio, o bem-estar e a integra\u00e7\u00e3o entre os profissionais dos 14 campi e da Reitoria da Institui\u00e7\u00e3o. A edi\u00e7\u00e3o deste ano ganha um significado especial: pela primeira vez, o encontro acontece em uma das cidades que recebem novos campi do IF Baiano, refor\u00e7ando o compromisso com a interioriza\u00e7\u00e3o da educa\u00e7\u00e3o p\u00fablica e a aproxima\u00e7\u00e3o com as comunidades do territ\u00f3rio.<\/p>\n\n\n\n<p>Com delega\u00e7\u00f5es de cerca de 25 servidores por unidade, o Encontro de Servidores re\u00fane mais de 350 participantes em uma programa\u00e7\u00e3o diversificada, que inclui pr\u00e1ticas esportivas, passeios tur\u00edsticos, momentos de relaxamento e atividades culturais. A edi\u00e7\u00e3o de 2025 traz ainda uma novidade: o concurso de fotografia, que convida os participantes a registrarem olhares singulares sobre o evento e a cidade de Remanso.<\/p>\n\n\n\n<figure class=\"wp-block-gallery has-nested-images columns-default is-cropped wp-block-gallery-1 is-layout-flex\">\n<figure class=\"wp-block-image\"><img decoding=\"async\" data-id=\"36944\"  src=\"https:\/\/ifbaiano.edu.br\/portal\/wp-content\/uploads\/2025\/10\/8023-2024-1024x576.webp\" alt=\"\" class=\"wp-image-36944\" \/><figcaption class=\"wp-element-caption\">Encontro dos Servidores de 2024<\/figcaption><\/figure>\n\n\n\n<figure class=\"wp-block-image size-large\"><a href=\"https:\/\/www.ifbaiano.edu.br\/unidades\/santaines\/files\/2025\/10\/0832-8023-2024ES.webp\"><img decoding=\"async\" loading=\"lazy\" width=\"1024\" height=\"768\" data-id=\"25861\"  src=\"https:\/\/www.ifbaiano.edu.br\/unidades\/santaines\/files\/2025\/10\/0832-8023-2024ES-1024x768.webp\" alt=\"\" class=\"wp-image-25861\" srcset=\"https:\/\/www.ifbaiano.edu.br\/unidades\/santaines\/files\/2025\/10\/0832-8023-2024ES-1024x768.webp 1024w, https:\/\/www.ifbaiano.edu.br\/unidades\/santaines\/files\/2025\/10\/0832-8023-2024ES-300x225.webp 300w, https:\/\/www.ifbaiano.edu.br\/unidades\/santaines\/files\/2025\/10\/0832-8023-2024ES-768x576.webp 768w, https:\/\/www.ifbaiano.edu.br\/unidades\/santaines\/files\/2025\/10\/0832-8023-2024ES-100x75.webp 100w, https:\/\/www.ifbaiano.edu.br\/unidades\/santaines\/files\/2025\/10\/0832-8023-2024ES.webp 1280w\" sizes=\"(max-width: 1024px) 100vw, 1024px\" \/><\/a><\/figure>\n\n\n\n<figure class=\"wp-block-image size-large\"><a href=\"https:\/\/www.ifbaiano.edu.br\/unidades\/santaines\/files\/2025\/10\/0832-8023-675654787.webp\"><img decoding=\"async\" loading=\"lazy\" width=\"1024\" height=\"461\" data-id=\"25860\"  src=\"https:\/\/www.ifbaiano.edu.br\/unidades\/santaines\/files\/2025\/10\/0832-8023-675654787-1024x461.webp\" alt=\"\" class=\"wp-image-25860\" srcset=\"https:\/\/www.ifbaiano.edu.br\/unidades\/santaines\/files\/2025\/10\/0832-8023-675654787-1024x461.webp 1024w, https:\/\/www.ifbaiano.edu.br\/unidades\/santaines\/files\/2025\/10\/0832-8023-675654787-300x135.webp 300w, https:\/\/www.ifbaiano.edu.br\/unidades\/santaines\/files\/2025\/10\/0832-8023-675654787-768x346.webp 768w, https:\/\/www.ifbaiano.edu.br\/unidades\/santaines\/files\/2025\/10\/0832-8023-675654787-100x45.webp 100w, https:\/\/www.ifbaiano.edu.br\/unidades\/santaines\/files\/2025\/10\/0832-8023-675654787.webp 1280w\" sizes=\"(max-width: 1024px) 100vw, 1024px\" \/><\/a><\/figure>\n\n\n\n<figure class=\"wp-block-image size-large\"><a href=\"https:\/\/www.ifbaiano.edu.br\/unidades\/santaines\/files\/2025\/10\/0832-8023-675675887.webp\"><img decoding=\"async\" loading=\"lazy\" width=\"768\" height=\"1024\" data-id=\"25862\"  src=\"https:\/\/www.ifbaiano.edu.br\/unidades\/santaines\/files\/2025\/10\/0832-8023-675675887-768x1024.webp\" alt=\"\" class=\"wp-image-25862\" srcset=\"https:\/\/www.ifbaiano.edu.br\/unidades\/santaines\/files\/2025\/10\/0832-8023-675675887-768x1024.webp 768w, https:\/\/www.ifbaiano.edu.br\/unidades\/santaines\/files\/2025\/10\/0832-8023-675675887-225x300.webp 225w, https:\/\/www.ifbaiano.edu.br\/unidades\/santaines\/files\/2025\/10\/0832-8023-675675887-100x133.webp 100w, https:\/\/www.ifbaiano.edu.br\/unidades\/santaines\/files\/2025\/10\/0832-8023-675675887.webp 810w\" sizes=\"(max-width: 768px) 100vw, 768px\" \/><\/a><\/figure>\n<\/figure>\n\n\n\n<p>Al\u00e9m das competi\u00e7\u00f5es entre os servidores, o evento amplia sua dimens\u00e3o social ao abrir, pela primeira vez, duas modalidades esportivas \u00e0 comunidade local \u2014 corrida e ciclismo. A proposta \u00e9 integrar os moradores de Remanso \u00e0 energia do Encontro e apresentar o IF Baiano como uma institui\u00e7\u00e3o de portas abertas.<\/p>\n\n\n\n<p>As modalidades esportivas incluem atividades coletivas e individuais como futsal, v\u00f4lei, beach t\u00eanis, futev\u00f4lei, baleado, xadrez, nata\u00e7\u00e3o, t\u00eanis de mesa, corrida e ciclismo, entre outras. A programa\u00e7\u00e3o completa est\u00e1 dispon\u00edvel no site do evento:<br>\ud83d\udd17<a href=\"https:\/\/eventos.ifbaiano.edu.br\/portal\/encontro-servidores-2025\/\">&nbsp;Confira a programa\u00e7\u00e3o do Encontro de Servidores 2025<\/a><\/p>\n\n\n\n<p>Para a diretora de Gest\u00e3o de Pessoas, Luciana Damasceno, o Encontro reafirma a miss\u00e3o do IF Baiano de promover o desenvolvimento humano e regional: \u201cA realiza\u00e7\u00e3o do Encontro de Servidores em Remanso marca um momento significativo para o IF Baiano, unindo servidores de diferentes campi em uma cidade que se prepara para receber um novo campus da Institui\u00e7\u00e3o. A escolha de Remanso representa, ao mesmo tempo, um desafio log\u00edstico e uma oportunidade de aproxima\u00e7\u00e3o com a comunidade regional, fortalecendo a presen\u00e7a e o compromisso do IF Baiano com o desenvolvimento do territ\u00f3rio.\u201d<\/p>\n\n\n\n<p>Segundo o professor Nilton Santos, da comiss\u00e3o organizadora, a escolha de Remanso \u00e9 estrat\u00e9gica e simb\u00f3lica. \u201cAs pessoas v\u00e3o vislumbrar a dimens\u00e3o do Instituto, e abrir algumas atividades esportivas para a comunidade, pela primeira vez, vai agregar ainda mais a comunidade para conhecer o IF Baiano,\u201d afirma Nilton.<\/p>\n\n\n\n<p>A diretora de Gest\u00e3o de Pessoas enfatiza que, mais uma vez, a qualidade de vida ocupa lugar de destaque na programa\u00e7\u00e3o. As atividades esportivas, culturais e de lazer foram planejadas para promover o bem-estar f\u00edsico e emocional dos participantes, incentivando o conv\u00edvio saud\u00e1vel, o di\u00e1logo e o sentimento de pertencimento.<\/p>\n\n\n\n<p>Ao reunir servidores em um espa\u00e7o de integra\u00e7\u00e3o e descontra\u00e7\u00e3o, o Encontro contribui para renovar energias, estreitar la\u00e7os e estimular o trabalho colaborativo. \u201cMais do que um evento institucional, \u00e9 uma oportunidade de refor\u00e7ar valores essenciais do IF Baiano \u2014 a coopera\u00e7\u00e3o, o respeito e o compromisso com o desenvolvimento humano e institucional. Remanso nos espera de bra\u00e7os abertos \u2014 e n\u00f3s chegamos com o cora\u00e7\u00e3o cheio de gratid\u00e3o, entusiasmo e vontade de construir, juntos, mais um cap\u00edtulo da nossa hist\u00f3ria\u201d,<strong>\u00a0<\/strong>\u00a0afirma Luciana.<\/p>\n\n\n\n<hr class=\"wp-block-separator has-alpha-channel-opacity\" \/>\n","protected":false},"excerpt":{"rendered":"<p>Entre os dias&nbsp;14 e 16 de outubro, o Instituto Federal Baiano realiza, na cidade de&nbsp;Remanso, o&nbsp;Encontro de Servidores 2025&nbsp;\u2014 um evento anual que celebra o conv\u00edvio, o bem-estar e a integra\u00e7\u00e3o entre os profissionais dos 14 campi e da Reitoria da Institui\u00e7\u00e3o. A edi\u00e7\u00e3o deste ano ganha um significado especial: pela primeira vez, o encontro [&hellip;]<\/p>\n","protected":false},"author":86,"featured_media":25863,"comment_status":"closed","ping_status":"closed","sticky":false,"template":"","format":"standard","meta":[],"categories":[4,5,37,57],"tags":[],"_links":{"self":[{"href":"https:\/\/www.ifbaiano.edu.br\/unidades\/santaines\/wp-json\/wp\/v2\/posts\/25859"}],"collection":[{"href":"https:\/\/www.ifbaiano.edu.br\/unidades\/santaines\/wp-json\/wp\/v2\/posts"}],"about":[{"href":"https:\/\/www.ifbaiano.edu.br\/unidades\/santaines\/wp-json\/wp\/v2\/types\/post"}],"author":[{"embeddable":true,"href":"https:\/\/www.ifbaiano.edu.br\/unidades\/santaines\/wp-json\/wp\/v2\/users\/86"}],"replies":[{"embeddable":true,"href":"https:\/\/www.ifbaiano.edu.br\/unidades\/santaines\/wp-json\/wp\/v2\/comments?post=25859"}],"version-history":[{"count":1,"href":"https:\/\/www.ifbaiano.edu.br\/unidades\/santaines\/wp-json\/wp\/v2\/posts\/25859\/revisions"}],"predecessor-version":[{"id":25864,"href":"https:\/\/www.ifbaiano.edu.br\/unidades\/santaines\/wp-json\/wp\/v2\/posts\/25859\/revisions\/25864"}],"wp:featuredmedia":[{"embeddable":true,"href":"https:\/\/www.ifbaiano.edu.br\/unidades\/santaines\/wp-json\/wp\/v2\/media\/25863"}],"wp:attachment":[{"href":"https:\/\/www.ifbaiano.edu.br\/unidades\/santaines\/wp-json\/wp\/v2\/media?parent=25859"}],"wp:term":[{"taxonomy":"category","embeddable":true,"href":"https:\/\/www.ifbaiano.edu.br\/unidades\/santaines\/wp-json\/wp\/v2\/categories?post=25859"},{"taxonomy":"post_tag","embeddable":true,"href":"https:\/\/www.ifbaiano.edu.br\/unidades\/santaines\/wp-json\/wp\/v2\/tags?post=25859"}],"curies":[{"name":"wp","href":"https:\/\/api.w.org\/{rel}","templated":true}]}}