{"id":2587,"date":"2012-12-06T08:06:57","date_gmt":"2012-12-06T11:06:57","guid":{"rendered":"http:\/\/www.ifbaiano.edu.br\/unidades\/santaines\/?p=2587"},"modified":"2012-12-06T08:09:36","modified_gmt":"2012-12-06T11:09:36","slug":"alunos-do-if-baiano-santa-ines-participam-do-vii-forum-desenvolvimento-rural-sustentavel","status":"publish","type":"post","link":"https:\/\/www.ifbaiano.edu.br\/unidades\/santaines\/alunos-do-if-baiano-santa-ines-participam-do-vii-forum-desenvolvimento-rural-sustentavel\/","title":{"rendered":"Alunos do IF Baiano Santa In\u00eas participam do VII F\u00f3rum Desenvolvimento Rural Sustent\u00e1vel"},"content":{"rendered":"<p>O evento aconteceu em Fortaleza,Cear\u00e1, de 11 a 14 de novembro, na Universidade do Parlamento Cearense (Unipace).<\/p>\n<p>Com o objetivo de promover um debate estruturado com vistas a constru\u00e7\u00e3o de tipologias dos espa\u00e7os rurais e analisar suas implica\u00e7\u00f5es e impactos sobre as pol\u00edticas p\u00fablicas de desenvolvimento rural, a s\u00e9tima edi\u00e7\u00e3o do F\u00f3rum Internacional de Desenvolvimento Territorial, onde foi focalizado a tem\u00e1tica das din\u00e2micas rurais contempor\u00e2neas e pol\u00edticas p\u00fablicas. O evento foi organizado pelo IICA, (Instituto Interamericano de Coopera\u00e7\u00e3o para a Agricultura) por meio do F\u00f3rum DRS, e contou com o apoio dos Minist\u00e9rios do Desenvolvimento Agr\u00e1rio(MDA) e do Planejamento, Or\u00e7amento e Gest\u00e3o (MP), assim como do Banco do Nordeste (BNB), do Banco Nacional de Desenvolvimento Econ\u00f4mico e Social (BNDES), da Caixa Econ\u00f4mica Federal (CEF) e do Governo do Estado do Cear\u00e1, por meio das Secretarias do Desenvolvimento Agr\u00e1rio e das Cidades.<\/p>\n<p><a href=\"http:\/\/www.ifbaiano.edu.br\/unidades\/santaines\/files\/2012\/12\/JORNAL-NOVO.pdf\" target=\"_blank\">Confira aqui o Jornal produzido por alunos do Curso de Licenciatura em Geografia<\/a><\/p>\n","protected":false},"excerpt":{"rendered":"<p>O evento aconteceu em Fortaleza,Cear\u00e1, de 11 a 14 de novembro, na Universidade do Parlamento Cearense (Unipace). Com o objetivo de promover um debate estruturado com vistas a constru\u00e7\u00e3o de tipologias dos espa\u00e7os rurais e analisar suas implica\u00e7\u00f5es e impactos sobre as pol\u00edticas p\u00fablicas de desenvolvimento rural, a s\u00e9tima edi\u00e7\u00e3o do F\u00f3rum Internacional de Desenvolvimento [&hellip;]<\/p>\n","protected":false},"author":26,"featured_media":0,"comment_status":"closed","ping_status":"closed","sticky":false,"template":"","format":"standard","meta":[],"categories":[10],"tags":[],"_links":{"self":[{"href":"https:\/\/www.ifbaiano.edu.br\/unidades\/santaines\/wp-json\/wp\/v2\/posts\/2587"}],"collection":[{"href":"https:\/\/www.ifbaiano.edu.br\/unidades\/santaines\/wp-json\/wp\/v2\/posts"}],"about":[{"href":"https:\/\/www.ifbaiano.edu.br\/unidades\/santaines\/wp-json\/wp\/v2\/types\/post"}],"author":[{"embeddable":true,"href":"https:\/\/www.ifbaiano.edu.br\/unidades\/santaines\/wp-json\/wp\/v2\/users\/26"}],"replies":[{"embeddable":true,"href":"https:\/\/www.ifbaiano.edu.br\/unidades\/santaines\/wp-json\/wp\/v2\/comments?post=2587"}],"version-history":[{"count":3,"href":"https:\/\/www.ifbaiano.edu.br\/unidades\/santaines\/wp-json\/wp\/v2\/posts\/2587\/revisions"}],"predecessor-version":[{"id":2590,"href":"https:\/\/www.ifbaiano.edu.br\/unidades\/santaines\/wp-json\/wp\/v2\/posts\/2587\/revisions\/2590"}],"wp:attachment":[{"href":"https:\/\/www.ifbaiano.edu.br\/unidades\/santaines\/wp-json\/wp\/v2\/media?parent=2587"}],"wp:term":[{"taxonomy":"category","embeddable":true,"href":"https:\/\/www.ifbaiano.edu.br\/unidades\/santaines\/wp-json\/wp\/v2\/categories?post=2587"},{"taxonomy":"post_tag","embeddable":true,"href":"https:\/\/www.ifbaiano.edu.br\/unidades\/santaines\/wp-json\/wp\/v2\/tags?post=2587"}],"curies":[{"name":"wp","href":"https:\/\/api.w.org\/{rel}","templated":true}]}}