{"id":25987,"date":"2025-10-20T08:31:49","date_gmt":"2025-10-20T11:31:49","guid":{"rendered":"https:\/\/www.ifbaiano.edu.br\/unidades\/santaines\/?p=25987"},"modified":"2025-10-20T11:37:05","modified_gmt":"2025-10-20T14:37:05","slug":"remanso-recebe-encontro-dos-servidores-do-if-baiano-em-clima-de-integracao-e-celebracao","status":"publish","type":"post","link":"https:\/\/www.ifbaiano.edu.br\/unidades\/santaines\/remanso-recebe-encontro-dos-servidores-do-if-baiano-em-clima-de-integracao-e-celebracao\/","title":{"rendered":"Remanso recebe Encontro dos Servidores do IF Baiano em clima de integra\u00e7\u00e3o e celebra\u00e7\u00e3o"},"content":{"rendered":"\n<p>Entre os dias 14 e 16 de outubro, o Instituto Federal Baiano (IF Baiano) realizou, em Remanso, a 5\u00aa edi\u00e7\u00e3o do&nbsp;<strong>Encontro dos Servidores<\/strong>, em celebra\u00e7\u00e3o ao Dia do Servidor P\u00fablico (28 de outubro). O evento reuniu servidores e colaboradores terceirizados das 15 unidades da institui\u00e7\u00e3o em tr\u00eas dias de conviv\u00eancia, pr\u00e1ticas esportivas e momentos de bem-estar. O Encontro simbolizou tamb\u00e9m a aproxima\u00e7\u00e3o entre o IF Baiano e a comunidade remansense, que em breve contar\u00e1 com a nova unidade do Instituto, com previs\u00e3o de inaugura\u00e7\u00e3o em 2026.<\/p>\n\n\n\n<figure class=\"wp-block-gallery has-nested-images columns-default is-cropped wp-block-gallery-1 is-layout-flex\">\n<figure class=\"wp-block-image\"><img decoding=\"async\" data-id=\"37002\"  src=\"https:\/\/ifbaiano.edu.br\/portal\/wp-content\/uploads\/2025\/10\/2725-WhatsApp-Image-2025-10-14-at-21.42.20.webp\" alt=\"\" class=\"wp-image-37002\" \/><\/figure>\n\n\n\n<figure class=\"wp-block-image size-large\"><a href=\"https:\/\/www.ifbaiano.edu.br\/unidades\/santaines\/files\/2025\/10\/8578-2725-WhatsApp-Image-2025-10-14-at-21.42.38.webp\"><img decoding=\"async\" loading=\"lazy\" width=\"1024\" height=\"641\" data-id=\"25988\"  src=\"https:\/\/www.ifbaiano.edu.br\/unidades\/santaines\/files\/2025\/10\/8578-2725-WhatsApp-Image-2025-10-14-at-21.42.38.webp\" alt=\"\" class=\"wp-image-25988\" srcset=\"https:\/\/www.ifbaiano.edu.br\/unidades\/santaines\/files\/2025\/10\/8578-2725-WhatsApp-Image-2025-10-14-at-21.42.38.webp 1024w, https:\/\/www.ifbaiano.edu.br\/unidades\/santaines\/files\/2025\/10\/8578-2725-WhatsApp-Image-2025-10-14-at-21.42.38-300x188.webp 300w, https:\/\/www.ifbaiano.edu.br\/unidades\/santaines\/files\/2025\/10\/8578-2725-WhatsApp-Image-2025-10-14-at-21.42.38-768x481.webp 768w, https:\/\/www.ifbaiano.edu.br\/unidades\/santaines\/files\/2025\/10\/8578-2725-WhatsApp-Image-2025-10-14-at-21.42.38-100x63.webp 100w\" sizes=\"(max-width: 1024px) 100vw, 1024px\" \/><\/a><\/figure>\n\n\n\n<figure class=\"wp-block-image size-large\"><a href=\"https:\/\/www.ifbaiano.edu.br\/unidades\/santaines\/files\/2025\/10\/8730-2725-WhatsApp-Image-2025-10-14-at-21.42.53.webp\"><img decoding=\"async\" loading=\"lazy\" width=\"823\" height=\"492\" data-id=\"25989\"  src=\"https:\/\/www.ifbaiano.edu.br\/unidades\/santaines\/files\/2025\/10\/8730-2725-WhatsApp-Image-2025-10-14-at-21.42.53.webp\" alt=\"\" class=\"wp-image-25989\" srcset=\"https:\/\/www.ifbaiano.edu.br\/unidades\/santaines\/files\/2025\/10\/8730-2725-WhatsApp-Image-2025-10-14-at-21.42.53.webp 823w, https:\/\/www.ifbaiano.edu.br\/unidades\/santaines\/files\/2025\/10\/8730-2725-WhatsApp-Image-2025-10-14-at-21.42.53-300x179.webp 300w, https:\/\/www.ifbaiano.edu.br\/unidades\/santaines\/files\/2025\/10\/8730-2725-WhatsApp-Image-2025-10-14-at-21.42.53-768x459.webp 768w, https:\/\/www.ifbaiano.edu.br\/unidades\/santaines\/files\/2025\/10\/8730-2725-WhatsApp-Image-2025-10-14-at-21.42.53-100x60.webp 100w\" sizes=\"(max-width: 823px) 100vw, 823px\" \/><\/a><\/figure>\n\n\n\n<figure class=\"wp-block-image size-large\"><a href=\"https:\/\/www.ifbaiano.edu.br\/unidades\/santaines\/files\/2025\/10\/8731-9031-WhatsApp-Image-2025-10-14-at-21.37.44.webp\"><img decoding=\"async\" loading=\"lazy\" width=\"1024\" height=\"768\" data-id=\"25990\"  src=\"https:\/\/www.ifbaiano.edu.br\/unidades\/santaines\/files\/2025\/10\/8731-9031-WhatsApp-Image-2025-10-14-at-21.37.44-1024x768.webp\" alt=\"\" class=\"wp-image-25990\" srcset=\"https:\/\/www.ifbaiano.edu.br\/unidades\/santaines\/files\/2025\/10\/8731-9031-WhatsApp-Image-2025-10-14-at-21.37.44-1024x768.webp 1024w, https:\/\/www.ifbaiano.edu.br\/unidades\/santaines\/files\/2025\/10\/8731-9031-WhatsApp-Image-2025-10-14-at-21.37.44-300x225.webp 300w, https:\/\/www.ifbaiano.edu.br\/unidades\/santaines\/files\/2025\/10\/8731-9031-WhatsApp-Image-2025-10-14-at-21.37.44-768x576.webp 768w, https:\/\/www.ifbaiano.edu.br\/unidades\/santaines\/files\/2025\/10\/8731-9031-WhatsApp-Image-2025-10-14-at-21.37.44-100x75.webp 100w, https:\/\/www.ifbaiano.edu.br\/unidades\/santaines\/files\/2025\/10\/8731-9031-WhatsApp-Image-2025-10-14-at-21.37.44.webp 1280w\" sizes=\"(max-width: 1024px) 100vw, 1024px\" \/><\/a><\/figure>\n\n\n\n<figure class=\"wp-block-image size-large\"><a href=\"https:\/\/www.ifbaiano.edu.br\/unidades\/santaines\/files\/2025\/10\/8731-9031-WhatsApp-Image-2025-10-14-at-21.37.47.webp\"><img decoding=\"async\" loading=\"lazy\" width=\"1024\" height=\"768\" data-id=\"25991\"  src=\"https:\/\/www.ifbaiano.edu.br\/unidades\/santaines\/files\/2025\/10\/8731-9031-WhatsApp-Image-2025-10-14-at-21.37.47-1024x768.webp\" alt=\"\" class=\"wp-image-25991\" srcset=\"https:\/\/www.ifbaiano.edu.br\/unidades\/santaines\/files\/2025\/10\/8731-9031-WhatsApp-Image-2025-10-14-at-21.37.47-1024x768.webp 1024w, https:\/\/www.ifbaiano.edu.br\/unidades\/santaines\/files\/2025\/10\/8731-9031-WhatsApp-Image-2025-10-14-at-21.37.47-300x225.webp 300w, https:\/\/www.ifbaiano.edu.br\/unidades\/santaines\/files\/2025\/10\/8731-9031-WhatsApp-Image-2025-10-14-at-21.37.47-768x576.webp 768w, https:\/\/www.ifbaiano.edu.br\/unidades\/santaines\/files\/2025\/10\/8731-9031-WhatsApp-Image-2025-10-14-at-21.37.47-100x75.webp 100w, https:\/\/www.ifbaiano.edu.br\/unidades\/santaines\/files\/2025\/10\/8731-9031-WhatsApp-Image-2025-10-14-at-21.37.47.webp 1280w\" sizes=\"(max-width: 1024px) 100vw, 1024px\" \/><\/a><\/figure>\n<\/figure>\n\n\n\n<p>Durante a cerim\u00f4nia de abertura, realizada no audit\u00f3rio do Col\u00e9gio Estadual Profa. Irene de Souza Ara\u00fajo (CEPISA), o prefeito de Remanso,&nbsp;<strong>Marcos Palmeira<\/strong>, entregou simbolicamente a&nbsp;<strong>chave da cidade<\/strong>&nbsp;ao reitor&nbsp;<strong>A\u00e9cio Jos\u00e9 Ara\u00fajo Passos Duarte<\/strong>, em um gesto de boas-vindas e reconhecimento da import\u00e2ncia do IF Baiano para o munic\u00edpio e para toda a regi\u00e3o do Sert\u00e3o do S\u00e3o Francisco.<\/p>\n\n\n\n<p>Como exemplo de integra\u00e7\u00e3o com a comunidade, a abertura do Encontro contou com a participa\u00e7\u00e3o dos estudantes da Escola de M\u00fasica Hermes Teixeira de Freitas, da filarm\u00f4nica do CEPISA e do Coral Aroeiras do Sert\u00e3o tamb\u00e9m formado por estudantes do col\u00e9gio.<\/p>\n\n\n\n<h3 class=\"wp-block-heading\"><strong>Programa\u00e7\u00e3o e novidades<\/strong><\/h3>\n\n\n\n<p>Al\u00e9m das competi\u00e7\u00f5es tradicionais em&nbsp;<strong>diversas modalidades esportivas<\/strong>&nbsp;\u2014 que reuniram equipes mistas e intercampi \u2014 a edi\u00e7\u00e3o trouxe a\u00e7\u00f5es voltadas ao bem-estar e \u00e0 cultura corporal. Servidores participaram de&nbsp;<strong>aulas de zumba<\/strong>&nbsp;e de&nbsp;<strong>capoeira<\/strong>, valorizando pr\u00e1ticas populares e a express\u00e3o r\u00edtmica.<br>Uma das atra\u00e7\u00f5es mais comentadas foi o&nbsp;<strong>passeio de barco pelo Rio S\u00e3o Francisco<\/strong>, que conectou os participantes \u00e0 paisagem de Remanso e refor\u00e7ou o v\u00ednculo com o territ\u00f3rio. Para completar o cuidado integral, houve&nbsp;<strong>atendimento de massagem<\/strong>, favorecendo relaxamento e recupera\u00e7\u00e3o f\u00edsica ao longo dos tr\u00eas dias.<\/p>\n\n\n\n<figure class=\"wp-block-gallery has-nested-images columns-default is-cropped wp-block-gallery-3 is-layout-flex\">\n<figure class=\"wp-block-image\"><img decoding=\"async\" data-id=\"37009\"  src=\"https:\/\/ifbaiano.edu.br\/portal\/wp-content\/uploads\/2025\/10\/3070-IMG_20251015_095319-1024x578.webp\" alt=\"\" class=\"wp-image-37009\" \/><\/figure>\n\n\n\n<figure class=\"wp-block-image size-large\"><a href=\"https:\/\/www.ifbaiano.edu.br\/unidades\/santaines\/files\/2025\/10\/8856-3070-IMG_20251015_095349-1536x867-1.webp\"><img decoding=\"async\" loading=\"lazy\" width=\"1024\" height=\"578\" data-id=\"25994\"  src=\"https:\/\/www.ifbaiano.edu.br\/unidades\/santaines\/files\/2025\/10\/8856-3070-IMG_20251015_095349-1536x867-1-1024x578.webp\" alt=\"\" class=\"wp-image-25994\" srcset=\"https:\/\/www.ifbaiano.edu.br\/unidades\/santaines\/files\/2025\/10\/8856-3070-IMG_20251015_095349-1536x867-1-1024x578.webp 1024w, https:\/\/www.ifbaiano.edu.br\/unidades\/santaines\/files\/2025\/10\/8856-3070-IMG_20251015_095349-1536x867-1-300x169.webp 300w, https:\/\/www.ifbaiano.edu.br\/unidades\/santaines\/files\/2025\/10\/8856-3070-IMG_20251015_095349-1536x867-1-768x434.webp 768w, https:\/\/www.ifbaiano.edu.br\/unidades\/santaines\/files\/2025\/10\/8856-3070-IMG_20251015_095349-1536x867-1-100x56.webp 100w, https:\/\/www.ifbaiano.edu.br\/unidades\/santaines\/files\/2025\/10\/8856-3070-IMG_20251015_095349-1536x867-1.webp 1536w\" sizes=\"(max-width: 1024px) 100vw, 1024px\" \/><\/a><\/figure>\n\n\n\n<figure class=\"wp-block-image size-large\"><a href=\"https:\/\/www.ifbaiano.edu.br\/unidades\/santaines\/files\/2025\/10\/8856-8416-WhatsApp-Image-2025-10-15-at-13.22.26.webp\"><img decoding=\"async\" loading=\"lazy\" width=\"1024\" height=\"768\" data-id=\"25996\"  src=\"https:\/\/www.ifbaiano.edu.br\/unidades\/santaines\/files\/2025\/10\/8856-8416-WhatsApp-Image-2025-10-15-at-13.22.26-1024x768.webp\" alt=\"\" class=\"wp-image-25996\" srcset=\"https:\/\/www.ifbaiano.edu.br\/unidades\/santaines\/files\/2025\/10\/8856-8416-WhatsApp-Image-2025-10-15-at-13.22.26-1024x768.webp 1024w, https:\/\/www.ifbaiano.edu.br\/unidades\/santaines\/files\/2025\/10\/8856-8416-WhatsApp-Image-2025-10-15-at-13.22.26-300x225.webp 300w, https:\/\/www.ifbaiano.edu.br\/unidades\/santaines\/files\/2025\/10\/8856-8416-WhatsApp-Image-2025-10-15-at-13.22.26-768x576.webp 768w, https:\/\/www.ifbaiano.edu.br\/unidades\/santaines\/files\/2025\/10\/8856-8416-WhatsApp-Image-2025-10-15-at-13.22.26-100x75.webp 100w, https:\/\/www.ifbaiano.edu.br\/unidades\/santaines\/files\/2025\/10\/8856-8416-WhatsApp-Image-2025-10-15-at-13.22.26.webp 1440w\" sizes=\"(max-width: 1024px) 100vw, 1024px\" \/><\/a><\/figure>\n\n\n\n<figure class=\"wp-block-image size-large\"><a href=\"https:\/\/www.ifbaiano.edu.br\/unidades\/santaines\/files\/2025\/10\/8856-8416-WhatsApp-Image-2025-10-15-at-13.24.39.webp\"><img decoding=\"async\" loading=\"lazy\" width=\"1024\" height=\"768\" data-id=\"25998\"  src=\"https:\/\/www.ifbaiano.edu.br\/unidades\/santaines\/files\/2025\/10\/8856-8416-WhatsApp-Image-2025-10-15-at-13.24.39-1024x768.webp\" alt=\"\" class=\"wp-image-25998\" srcset=\"https:\/\/www.ifbaiano.edu.br\/unidades\/santaines\/files\/2025\/10\/8856-8416-WhatsApp-Image-2025-10-15-at-13.24.39-1024x768.webp 1024w, https:\/\/www.ifbaiano.edu.br\/unidades\/santaines\/files\/2025\/10\/8856-8416-WhatsApp-Image-2025-10-15-at-13.24.39-300x225.webp 300w, https:\/\/www.ifbaiano.edu.br\/unidades\/santaines\/files\/2025\/10\/8856-8416-WhatsApp-Image-2025-10-15-at-13.24.39-768x576.webp 768w, https:\/\/www.ifbaiano.edu.br\/unidades\/santaines\/files\/2025\/10\/8856-8416-WhatsApp-Image-2025-10-15-at-13.24.39-100x75.webp 100w, https:\/\/www.ifbaiano.edu.br\/unidades\/santaines\/files\/2025\/10\/8856-8416-WhatsApp-Image-2025-10-15-at-13.24.39.webp 1440w\" sizes=\"(max-width: 1024px) 100vw, 1024px\" \/><\/a><\/figure>\n\n\n\n<figure class=\"wp-block-image size-full\"><a href=\"https:\/\/www.ifbaiano.edu.br\/unidades\/santaines\/files\/2025\/10\/8910-8444-basquete.webp\"><img decoding=\"async\" loading=\"lazy\" width=\"854\" height=\"505\" data-id=\"25999\"  src=\"https:\/\/www.ifbaiano.edu.br\/unidades\/santaines\/files\/2025\/10\/8910-8444-basquete.webp\" alt=\"\" class=\"wp-image-25999\" srcset=\"https:\/\/www.ifbaiano.edu.br\/unidades\/santaines\/files\/2025\/10\/8910-8444-basquete.webp 854w, https:\/\/www.ifbaiano.edu.br\/unidades\/santaines\/files\/2025\/10\/8910-8444-basquete-300x177.webp 300w, https:\/\/www.ifbaiano.edu.br\/unidades\/santaines\/files\/2025\/10\/8910-8444-basquete-768x454.webp 768w, https:\/\/www.ifbaiano.edu.br\/unidades\/santaines\/files\/2025\/10\/8910-8444-basquete-100x59.webp 100w\" sizes=\"(max-width: 854px) 100vw, 854px\" \/><\/a><\/figure>\n<\/figure>\n\n\n\n<p><br>Como inova\u00e7\u00e3o, o encontro lan\u00e7ou o&nbsp;<strong>1\u00ba Concurso de Fotografia do Encontro dos Servidores<\/strong>, estimulando o olhar criativo sobre integra\u00e7\u00e3o, esporte e pertencimento. O concurso contou com mais de sessenta inscritos e premiou as tr\u00eas melhores fotografias definidas pelo j\u00fari t\u00e9cnico. O resultado pode ser conferido no&nbsp;<a rel=\"noreferrer noopener\" href=\"https:\/\/eventos.ifbaiano.edu.br\/portal\/encontro-servidores-2025\/\" target=\"_blank\">site do evento<\/a>.<\/p>\n\n\n\n<p><strong><em>1\u00ba Lugar: O pescador do Tempo de Dentro \u2013 Jo\u00e3o Batista Botton<\/em><\/strong><\/p>\n\n\n\n<figure class=\"wp-block-image\"><img decoding=\"async\" src=\"https:\/\/ifbaiano.edu.br\/portal\/wp-content\/uploads\/2025\/10\/0573-WhatsApp-Image-2025-10-17-at-20.32.01-1024x768.webp\" alt=\"\" class=\"wp-image-37049\" \/><\/figure>\n\n\n\n<p><strong><em>2\u00ba Lugar: Espera das \u00c1guas \u2013 J\u00falia Siqueira Moreau<\/em><\/strong><\/p>\n\n\n\n<figure class=\"wp-block-image\"><img decoding=\"async\" src=\"https:\/\/ifbaiano.edu.br\/portal\/wp-content\/uploads\/2025\/10\/0573-WhatsApp-Image-2025-10-17-at-20.32.37-1024x768.webp\" alt=\"\" class=\"wp-image-37051\" \/><\/figure>\n\n\n\n<p><strong><em>3\u00ba Lugar: Remanso do Chico \u2013 Leonardo Cerqueira Freitas<\/em><\/strong><\/p>\n\n\n\n<figure class=\"wp-block-image\"><img decoding=\"async\" src=\"https:\/\/ifbaiano.edu.br\/portal\/wp-content\/uploads\/2025\/10\/0573-WhatsApp-Image-2025-10-17-at-20.33.06-738x1024.webp\" alt=\"\" class=\"wp-image-37050\" \/><\/figure>\n\n\n\n<h3 class=\"wp-block-heading\"><strong>Integra\u00e7\u00e3o, sa\u00fade e supera\u00e7\u00e3o<\/strong><\/h3>\n\n\n\n<p>A servidora&nbsp;<strong>Tame Daniele Ribeiro<\/strong>, de Bom Jesus da Lapa, medalha de ouro no ciclismo, ressalta que o evento vai al\u00e9m da confraterniza\u00e7\u00e3o:<\/p>\n\n\n\n<blockquote class=\"wp-block-quote\">\n<p>\u201cO est\u00edmulo \u00e0 pr\u00e1tica de atividade f\u00edsica e esportiva proporciona melhoria do bem-estar individual e qualidade de vida. Destaca-se ainda a possibilidade de desenvolvimento do esp\u00edrito de equipe e a melhoria da integra\u00e7\u00e3o entre os colegas, promovendo um ambiente institucional mais acolhedor.\u201d<\/p>\n<\/blockquote>\n\n\n\n<p>Essa sensa\u00e7\u00e3o de incentivo e transforma\u00e7\u00e3o aparece tamb\u00e9m no depoimento de&nbsp;<strong>J\u00falia Morais<\/strong>, do Campus Uru\u00e7uca, que descobriu o prazer de correr por causa do evento:<\/p>\n\n\n\n<blockquote class=\"wp-block-quote\">\n<p>\u201cEu participo do atletismo e antes eu nunca tinha corrido na minha vida. Uma colega que j\u00e1 ia para os jogos me incentivou, e a\u00ed eu comecei a treinar. Ent\u00e3o o encontro pra mim representa essa sa\u00edda do sedentarismo e a supera\u00e7\u00e3o de limites mentais e f\u00edsicos. \u00c9 incr\u00edvel que o IF Baiano tenha isso, eu n\u00e3o vejo outras institui\u00e7\u00f5es fazendo eventos deste tipo para os servidores.\u201d<\/p>\n\n\n\n<figure class=\"wp-block-gallery has-nested-images columns-default is-cropped wp-block-gallery-5 is-layout-flex\">\n<figure class=\"wp-block-image\"><img decoding=\"async\" src=\"https:\/\/ifbaiano.edu.br\/portal\/wp-content\/uploads\/2025\/10\/3524-WhatsApp-Image-2025-10-18-at-08.08.10-1024x768.webp\" alt=\"\" class=\"wp-image-37065\" \/><\/figure>\n\n\n\n<figure class=\"wp-block-image size-large\"><a href=\"https:\/\/www.ifbaiano.edu.br\/unidades\/santaines\/files\/2025\/10\/9161-3524-WhatsApp-Image-2025-10-18-at-08.08.11-1.webp\"><img decoding=\"async\" loading=\"lazy\" width=\"720\" height=\"623\" src=\"https:\/\/www.ifbaiano.edu.br\/unidades\/santaines\/files\/2025\/10\/9161-3524-WhatsApp-Image-2025-10-18-at-08.08.11-1.webp\" alt=\"\" class=\"wp-image-26001\" srcset=\"https:\/\/www.ifbaiano.edu.br\/unidades\/santaines\/files\/2025\/10\/9161-3524-WhatsApp-Image-2025-10-18-at-08.08.11-1.webp 720w, https:\/\/www.ifbaiano.edu.br\/unidades\/santaines\/files\/2025\/10\/9161-3524-WhatsApp-Image-2025-10-18-at-08.08.11-1-300x260.webp 300w, https:\/\/www.ifbaiano.edu.br\/unidades\/santaines\/files\/2025\/10\/9161-3524-WhatsApp-Image-2025-10-18-at-08.08.11-1-100x87.webp 100w\" sizes=\"(max-width: 720px) 100vw, 720px\" \/><\/a><\/figure>\n\n\n\n<figure class=\"wp-block-image size-large\"><a href=\"https:\/\/www.ifbaiano.edu.br\/unidades\/santaines\/files\/2025\/10\/9146-3524-WhatsApp-Image-2025-10-18-at-08.08.11.webp\"><img decoding=\"async\" loading=\"lazy\" width=\"1024\" height=\"768\" src=\"https:\/\/www.ifbaiano.edu.br\/unidades\/santaines\/files\/2025\/10\/9146-3524-WhatsApp-Image-2025-10-18-at-08.08.11-1024x768.webp\" alt=\"\" class=\"wp-image-26000\" srcset=\"https:\/\/www.ifbaiano.edu.br\/unidades\/santaines\/files\/2025\/10\/9146-3524-WhatsApp-Image-2025-10-18-at-08.08.11-1024x768.webp 1024w, https:\/\/www.ifbaiano.edu.br\/unidades\/santaines\/files\/2025\/10\/9146-3524-WhatsApp-Image-2025-10-18-at-08.08.11-300x225.webp 300w, https:\/\/www.ifbaiano.edu.br\/unidades\/santaines\/files\/2025\/10\/9146-3524-WhatsApp-Image-2025-10-18-at-08.08.11-768x576.webp 768w, https:\/\/www.ifbaiano.edu.br\/unidades\/santaines\/files\/2025\/10\/9146-3524-WhatsApp-Image-2025-10-18-at-08.08.11-100x75.webp 100w, https:\/\/www.ifbaiano.edu.br\/unidades\/santaines\/files\/2025\/10\/9146-3524-WhatsApp-Image-2025-10-18-at-08.08.11.webp 1280w\" sizes=\"(max-width: 1024px) 100vw, 1024px\" \/><\/a><\/figure>\n<\/figure>\n<\/blockquote>\n\n\n\n<p>A servidora&nbsp;<strong>Ac\u00e1cia Cunha<\/strong>, da Reitoria, campe\u00e3 nas provas de nata\u00e7\u00e3o, compartilha sentimento semelhante:<\/p>\n\n\n\n<blockquote class=\"wp-block-quote\">\n<p>\u201cO encontro dos servidores \u00e9 uma festa que agrega, que a gente conhece os outros colegas. \u00c9 muito divertido. Muitos que v\u00e3o pela primeira vez dizem \u2018como eu n\u00e3o vim antes?\u2019.\u201d<\/p>\n<\/blockquote>\n\n\n\n<h3 class=\"wp-block-heading\"><strong>Um evento que inspira e fortalece v\u00ednculos<\/strong><\/h3>\n\n\n\n<p>Para&nbsp;<strong>L\u00e9a Abreu<\/strong>, do Campus Guanambi, campe\u00e3 no futsal feminino, o evento \u00e9 um marco de pertencimento:<\/p>\n\n\n\n<blockquote class=\"wp-block-quote\">\n<p>\u201cJ\u00e1 participei de quatro dos cinco encontros, e a cada nova edi\u00e7\u00e3o ele fica mais atrativo. A presen\u00e7a das delega\u00e7\u00f5es representando os campi do IF Baiano fazem esse evento ser \u201cm\u00e1gico\u201d. A garra e alegria nas competi\u00e7\u00f5es incendeiam os locais das provas. Parabenizo a gest\u00e3o e todos os envolvidos que fizeram do encontro um momento que ficar\u00e1 registrado na nossa trajet\u00f3ria dentro do Instituto.\u201d<\/p>\n\n\n\n<figure class=\"wp-block-gallery has-nested-images columns-default is-cropped wp-block-gallery-7 is-layout-flex\">\n<figure class=\"wp-block-image\"><img decoding=\"async\" src=\"https:\/\/ifbaiano.edu.br\/portal\/wp-content\/uploads\/2025\/10\/8585-WhatsApp-Image-2025-10-15-at-11.15.43.webp\" alt=\"\" class=\"wp-image-37035\" \/><\/figure>\n\n\n\n<figure class=\"wp-block-image size-large\"><a href=\"https:\/\/www.ifbaiano.edu.br\/unidades\/santaines\/files\/2025\/10\/9208-8585-WhatsApp-Image-2025-10-15-at-13.21.34.webp\"><img decoding=\"async\" loading=\"lazy\" width=\"768\" height=\"1024\" src=\"https:\/\/www.ifbaiano.edu.br\/unidades\/santaines\/files\/2025\/10\/9208-8585-WhatsApp-Image-2025-10-15-at-13.21.34-768x1024.webp\" alt=\"\" class=\"wp-image-26002\" srcset=\"https:\/\/www.ifbaiano.edu.br\/unidades\/santaines\/files\/2025\/10\/9208-8585-WhatsApp-Image-2025-10-15-at-13.21.34-768x1024.webp 768w, https:\/\/www.ifbaiano.edu.br\/unidades\/santaines\/files\/2025\/10\/9208-8585-WhatsApp-Image-2025-10-15-at-13.21.34-225x300.webp 225w, https:\/\/www.ifbaiano.edu.br\/unidades\/santaines\/files\/2025\/10\/9208-8585-WhatsApp-Image-2025-10-15-at-13.21.34-100x133.webp 100w, https:\/\/www.ifbaiano.edu.br\/unidades\/santaines\/files\/2025\/10\/9208-8585-WhatsApp-Image-2025-10-15-at-13.21.34.webp 810w\" sizes=\"(max-width: 768px) 100vw, 768px\" \/><\/a><\/figure>\n\n\n\n<figure class=\"wp-block-image size-large\"><a href=\"https:\/\/www.ifbaiano.edu.br\/unidades\/santaines\/files\/2025\/10\/9208-8585-WhatsApp-Image-2025-10-17-at-21.42.15.webp\"><img decoding=\"async\" loading=\"lazy\" width=\"768\" height=\"1024\" src=\"https:\/\/www.ifbaiano.edu.br\/unidades\/santaines\/files\/2025\/10\/9208-8585-WhatsApp-Image-2025-10-17-at-21.42.15-768x1024.webp\" alt=\"\" class=\"wp-image-26003\" srcset=\"https:\/\/www.ifbaiano.edu.br\/unidades\/santaines\/files\/2025\/10\/9208-8585-WhatsApp-Image-2025-10-17-at-21.42.15-768x1024.webp 768w, https:\/\/www.ifbaiano.edu.br\/unidades\/santaines\/files\/2025\/10\/9208-8585-WhatsApp-Image-2025-10-17-at-21.42.15-225x300.webp 225w, https:\/\/www.ifbaiano.edu.br\/unidades\/santaines\/files\/2025\/10\/9208-8585-WhatsApp-Image-2025-10-17-at-21.42.15-100x133.webp 100w, https:\/\/www.ifbaiano.edu.br\/unidades\/santaines\/files\/2025\/10\/9208-8585-WhatsApp-Image-2025-10-17-at-21.42.15.webp 810w\" sizes=\"(max-width: 768px) 100vw, 768px\" \/><\/a><\/figure>\n<\/figure>\n<\/blockquote>\n\n\n\n<p>O procurador do IF Baiano,&nbsp;<strong>Osvaldo Almeida Neto<\/strong>, medalha de ouro no basquete, refor\u00e7a o car\u00e1ter inspirador da iniciativa:<\/p>\n\n\n\n<blockquote class=\"wp-block-quote\">\n<p>\u201cAtuando pela AGU, eu conhe\u00e7o diversas institui\u00e7\u00f5es e eu n\u00e3o conhe\u00e7o um evento como esse. \u00c9 algo que deveria ser refer\u00eancia, porque promove integra\u00e7\u00e3o e pr\u00e1tica de esportes, e a cada ano cresce em qualidade t\u00e9cnica e engajamento. Espero que continue na pr\u00f3xima gest\u00e3o.\u201d<\/p>\n<\/blockquote>\n\n\n\n<figure class=\"wp-block-gallery has-nested-images columns-default is-cropped wp-block-gallery-9 is-layout-flex\">\n<figure class=\"wp-block-image\"><img decoding=\"async\" data-id=\"37034\"  src=\"https:\/\/ifbaiano.edu.br\/portal\/wp-content\/uploads\/2025\/10\/8463-WhatsApp-Image-2025-10-15-at-15.56.06-1024x576.webp\" alt=\"\" class=\"wp-image-37034\" \/><\/figure>\n\n\n\n<figure class=\"wp-block-image size-large\"><a href=\"https:\/\/www.ifbaiano.edu.br\/unidades\/santaines\/files\/2025\/10\/9260-2776-E2.webp\"><img decoding=\"async\" loading=\"lazy\" width=\"1024\" height=\"576\" data-id=\"26007\"  src=\"https:\/\/www.ifbaiano.edu.br\/unidades\/santaines\/files\/2025\/10\/9260-2776-E2-1024x576.webp\" alt=\"\" class=\"wp-image-26007\" srcset=\"https:\/\/www.ifbaiano.edu.br\/unidades\/santaines\/files\/2025\/10\/9260-2776-E2-1024x576.webp 1024w, https:\/\/www.ifbaiano.edu.br\/unidades\/santaines\/files\/2025\/10\/9260-2776-E2-300x169.webp 300w, https:\/\/www.ifbaiano.edu.br\/unidades\/santaines\/files\/2025\/10\/9260-2776-E2-768x432.webp 768w, https:\/\/www.ifbaiano.edu.br\/unidades\/santaines\/files\/2025\/10\/9260-2776-E2-1536x864.webp 1536w, https:\/\/www.ifbaiano.edu.br\/unidades\/santaines\/files\/2025\/10\/9260-2776-E2-100x56.webp 100w, https:\/\/www.ifbaiano.edu.br\/unidades\/santaines\/files\/2025\/10\/9260-2776-E2.webp 1920w\" sizes=\"(max-width: 1024px) 100vw, 1024px\" \/><\/a><\/figure>\n\n\n\n<figure class=\"wp-block-image size-large\"><a href=\"https:\/\/www.ifbaiano.edu.br\/unidades\/santaines\/files\/2025\/10\/9261-3897-IMG_20251016_085038.webp\"><img decoding=\"async\" loading=\"lazy\" width=\"1024\" height=\"655\" data-id=\"26008\"  src=\"https:\/\/www.ifbaiano.edu.br\/unidades\/santaines\/files\/2025\/10\/9261-3897-IMG_20251016_085038-1024x655.webp\" alt=\"\" class=\"wp-image-26008\" srcset=\"https:\/\/www.ifbaiano.edu.br\/unidades\/santaines\/files\/2025\/10\/9261-3897-IMG_20251016_085038-1024x655.webp 1024w, https:\/\/www.ifbaiano.edu.br\/unidades\/santaines\/files\/2025\/10\/9261-3897-IMG_20251016_085038-300x192.webp 300w, https:\/\/www.ifbaiano.edu.br\/unidades\/santaines\/files\/2025\/10\/9261-3897-IMG_20251016_085038-768x491.webp 768w, https:\/\/www.ifbaiano.edu.br\/unidades\/santaines\/files\/2025\/10\/9261-3897-IMG_20251016_085038-1536x982.webp 1536w, https:\/\/www.ifbaiano.edu.br\/unidades\/santaines\/files\/2025\/10\/9261-3897-IMG_20251016_085038-100x64.webp 100w, https:\/\/www.ifbaiano.edu.br\/unidades\/santaines\/files\/2025\/10\/9261-3897-IMG_20251016_085038.webp 1689w\" sizes=\"(max-width: 1024px) 100vw, 1024px\" \/><\/a><\/figure>\n\n\n\n<figure class=\"wp-block-image size-large\"><a href=\"https:\/\/www.ifbaiano.edu.br\/unidades\/santaines\/files\/2025\/10\/9260-9164-WhatsApp-Image-2025-10-16-at-13.11.16.webp\"><img decoding=\"async\" loading=\"lazy\" width=\"768\" height=\"1024\" data-id=\"26004\"  src=\"https:\/\/www.ifbaiano.edu.br\/unidades\/santaines\/files\/2025\/10\/9260-9164-WhatsApp-Image-2025-10-16-at-13.11.16-768x1024.webp\" alt=\"\" class=\"wp-image-26004\" srcset=\"https:\/\/www.ifbaiano.edu.br\/unidades\/santaines\/files\/2025\/10\/9260-9164-WhatsApp-Image-2025-10-16-at-13.11.16-768x1024.webp 768w, https:\/\/www.ifbaiano.edu.br\/unidades\/santaines\/files\/2025\/10\/9260-9164-WhatsApp-Image-2025-10-16-at-13.11.16-225x300.webp 225w, https:\/\/www.ifbaiano.edu.br\/unidades\/santaines\/files\/2025\/10\/9260-9164-WhatsApp-Image-2025-10-16-at-13.11.16-100x133.webp 100w, https:\/\/www.ifbaiano.edu.br\/unidades\/santaines\/files\/2025\/10\/9260-9164-WhatsApp-Image-2025-10-16-at-13.11.16.webp 810w\" sizes=\"(max-width: 768px) 100vw, 768px\" \/><\/a><\/figure>\n\n\n\n<figure class=\"wp-block-image size-large\"><a href=\"https:\/\/www.ifbaiano.edu.br\/unidades\/santaines\/files\/2025\/10\/9260-9164-WhatsApp-Image-2025-10-16-at-13.11.49.webp\"><img decoding=\"async\" loading=\"lazy\" width=\"768\" height=\"1024\" data-id=\"26006\"  src=\"https:\/\/www.ifbaiano.edu.br\/unidades\/santaines\/files\/2025\/10\/9260-9164-WhatsApp-Image-2025-10-16-at-13.11.49-768x1024.webp\" alt=\"\" class=\"wp-image-26006\" srcset=\"https:\/\/www.ifbaiano.edu.br\/unidades\/santaines\/files\/2025\/10\/9260-9164-WhatsApp-Image-2025-10-16-at-13.11.49-768x1024.webp 768w, https:\/\/www.ifbaiano.edu.br\/unidades\/santaines\/files\/2025\/10\/9260-9164-WhatsApp-Image-2025-10-16-at-13.11.49-225x300.webp 225w, https:\/\/www.ifbaiano.edu.br\/unidades\/santaines\/files\/2025\/10\/9260-9164-WhatsApp-Image-2025-10-16-at-13.11.49-100x133.webp 100w, https:\/\/www.ifbaiano.edu.br\/unidades\/santaines\/files\/2025\/10\/9260-9164-WhatsApp-Image-2025-10-16-at-13.11.49.webp 810w\" sizes=\"(max-width: 768px) 100vw, 768px\" \/><\/a><\/figure>\n\n\n\n<figure class=\"wp-block-image size-large\"><a href=\"https:\/\/www.ifbaiano.edu.br\/unidades\/santaines\/files\/2025\/10\/9260-3543-WhatsApp-Image-2025-10-18-at-08.08.09.webp\"><img decoding=\"async\" loading=\"lazy\" width=\"768\" height=\"1024\" data-id=\"26005\"  src=\"https:\/\/www.ifbaiano.edu.br\/unidades\/santaines\/files\/2025\/10\/9260-3543-WhatsApp-Image-2025-10-18-at-08.08.09-768x1024.webp\" alt=\"\" class=\"wp-image-26005\" srcset=\"https:\/\/www.ifbaiano.edu.br\/unidades\/santaines\/files\/2025\/10\/9260-3543-WhatsApp-Image-2025-10-18-at-08.08.09-768x1024.webp 768w, https:\/\/www.ifbaiano.edu.br\/unidades\/santaines\/files\/2025\/10\/9260-3543-WhatsApp-Image-2025-10-18-at-08.08.09-225x300.webp 225w, https:\/\/www.ifbaiano.edu.br\/unidades\/santaines\/files\/2025\/10\/9260-3543-WhatsApp-Image-2025-10-18-at-08.08.09-100x133.webp 100w, https:\/\/www.ifbaiano.edu.br\/unidades\/santaines\/files\/2025\/10\/9260-3543-WhatsApp-Image-2025-10-18-at-08.08.09.webp 810w\" sizes=\"(max-width: 768px) 100vw, 768px\" \/><\/a><\/figure>\n<\/figure>\n\n\n\n<p>A servidora&nbsp;<strong>\u00c1ddla Thaine Oliveira<\/strong>, do Campus Serrinha, medalha de bronze no atletismo, resume o esp\u00edrito do encontro:<\/p>\n\n\n\n<blockquote class=\"wp-block-quote\">\n<p>\u201cO evento foi a cara do IF Baiano: diverso, plural, feliz, divertido, potente e repleto de talentos. Remanso \u00e9 uma das cidades mais acolhedoras que j\u00e1 conheci. Encontramos dificuldades? Sim! Mas foi a\u00ed que mostramos o que \u00e9 ser IF Baiano: enfrentamos, superamos e sa\u00edmos mais fortes e unidos.\u201d<\/p>\n<\/blockquote>\n\n\n\n<h3 class=\"wp-block-heading\"><strong>Cuidado com as pessoas no centro da institui\u00e7\u00e3o<\/strong><\/h3>\n\n\n\n<p>A diretora de Gest\u00e3o de Pessoas,&nbsp;<strong>Luciana Cleide Damasceno<\/strong>, destacou que o Encontro \u00e9 parte de uma pol\u00edtica institucional voltada \u00e0 qualidade de vida no trabalho:<\/p>\n\n\n\n<blockquote class=\"wp-block-quote\">\n<p>\u201cMais do que um momento de confraterniza\u00e7\u00e3o, este encontro representa um espa\u00e7o de fortalecimento dos la\u00e7os que nos unem como comunidade. Valorizar o servidor \u00e9 reconhecer que o bem-estar, o equil\u00edbrio e a motiva\u00e7\u00e3o s\u00e3o essenciais para que possamos exercer nosso trabalho com excel\u00eancia e humanidade.\u201d<\/p>\n<\/blockquote>\n\n\n\n<figure class=\"wp-block-gallery has-nested-images columns-default is-cropped wp-block-gallery-11 is-layout-flex\">\n<figure class=\"wp-block-image\"><img decoding=\"async\" data-id=\"37047\"  src=\"https:\/\/ifbaiano.edu.br\/portal\/wp-content\/uploads\/2025\/10\/9574-E4.webp\" alt=\"\" class=\"wp-image-37047\" \/><\/figure>\n\n\n\n<figure class=\"wp-block-image size-large\"><a href=\"https:\/\/www.ifbaiano.edu.br\/unidades\/santaines\/files\/2025\/10\/9330-9573-EN1.webp\"><img decoding=\"async\" loading=\"lazy\" width=\"725\" height=\"526\" data-id=\"26009\"  src=\"https:\/\/www.ifbaiano.edu.br\/unidades\/santaines\/files\/2025\/10\/9330-9573-EN1.webp\" alt=\"\" class=\"wp-image-26009\" srcset=\"https:\/\/www.ifbaiano.edu.br\/unidades\/santaines\/files\/2025\/10\/9330-9573-EN1.webp 725w, https:\/\/www.ifbaiano.edu.br\/unidades\/santaines\/files\/2025\/10\/9330-9573-EN1-300x218.webp 300w, https:\/\/www.ifbaiano.edu.br\/unidades\/santaines\/files\/2025\/10\/9330-9573-EN1-100x73.webp 100w\" sizes=\"(max-width: 725px) 100vw, 725px\" \/><\/a><\/figure>\n\n\n\n<figure class=\"wp-block-image size-large\"><a href=\"https:\/\/www.ifbaiano.edu.br\/unidades\/santaines\/files\/2025\/10\/9364-9573-EN2.webp\"><img decoding=\"async\" loading=\"lazy\" width=\"716\" height=\"537\" data-id=\"26011\"  src=\"https:\/\/www.ifbaiano.edu.br\/unidades\/santaines\/files\/2025\/10\/9364-9573-EN2.webp\" alt=\"\" class=\"wp-image-26011\" srcset=\"https:\/\/www.ifbaiano.edu.br\/unidades\/santaines\/files\/2025\/10\/9364-9573-EN2.webp 716w, https:\/\/www.ifbaiano.edu.br\/unidades\/santaines\/files\/2025\/10\/9364-9573-EN2-300x225.webp 300w, https:\/\/www.ifbaiano.edu.br\/unidades\/santaines\/files\/2025\/10\/9364-9573-EN2-100x75.webp 100w\" sizes=\"(max-width: 716px) 100vw, 716px\" \/><\/a><\/figure>\n\n\n\n<figure class=\"wp-block-image size-large\"><a href=\"https:\/\/www.ifbaiano.edu.br\/unidades\/santaines\/files\/2025\/10\/9364-9573-EN3.webp\"><img decoding=\"async\" loading=\"lazy\" width=\"709\" height=\"532\" data-id=\"26010\"  src=\"https:\/\/www.ifbaiano.edu.br\/unidades\/santaines\/files\/2025\/10\/9364-9573-EN3.webp\" alt=\"\" class=\"wp-image-26010\" srcset=\"https:\/\/www.ifbaiano.edu.br\/unidades\/santaines\/files\/2025\/10\/9364-9573-EN3.webp 709w, https:\/\/www.ifbaiano.edu.br\/unidades\/santaines\/files\/2025\/10\/9364-9573-EN3-300x225.webp 300w, https:\/\/www.ifbaiano.edu.br\/unidades\/santaines\/files\/2025\/10\/9364-9573-EN3-100x75.webp 100w\" sizes=\"(max-width: 709px) 100vw, 709px\" \/><\/a><\/figure>\n\n\n\n<figure class=\"wp-block-image size-large\"><a href=\"https:\/\/www.ifbaiano.edu.br\/unidades\/santaines\/files\/2025\/10\/9365-9573-EN5.webp\"><img decoding=\"async\" loading=\"lazy\" width=\"749\" height=\"643\" data-id=\"26012\"  src=\"https:\/\/www.ifbaiano.edu.br\/unidades\/santaines\/files\/2025\/10\/9365-9573-EN5.webp\" alt=\"\" class=\"wp-image-26012\" srcset=\"https:\/\/www.ifbaiano.edu.br\/unidades\/santaines\/files\/2025\/10\/9365-9573-EN5.webp 749w, https:\/\/www.ifbaiano.edu.br\/unidades\/santaines\/files\/2025\/10\/9365-9573-EN5-300x258.webp 300w, https:\/\/www.ifbaiano.edu.br\/unidades\/santaines\/files\/2025\/10\/9365-9573-EN5-100x86.webp 100w\" sizes=\"(max-width: 749px) 100vw, 749px\" \/><\/a><\/figure>\n<\/figure>\n\n\n\n<p>Para&nbsp;<strong>Elen Rosa<\/strong>, diretora-geral do Campus Teixeira de Freitas e medalhista de ouro no xadrez, a iniciativa reflete o cuidado humano que marca o IF Baiano:<\/p>\n\n\n\n<blockquote class=\"wp-block-quote\">\n<p>\u201cEncontrar representantes de cada campus e ver o entusiasmo de todos reflete o prop\u00f3sito maior do IF Baiano: cultivar um ambiente acolhedor e colaborativo, onde o cuidado com as pessoas \u00e9 essencial para o desenvolvimento da nossa institui\u00e7\u00e3o.\u201d<\/p>\n\n\n\n<figure class=\"wp-block-gallery has-nested-images columns-default is-cropped wp-block-gallery-13 is-layout-flex\">\n<figure class=\"wp-block-image\"><img decoding=\"async\" src=\"https:\/\/ifbaiano.edu.br\/portal\/wp-content\/uploads\/2025\/10\/7235-WhatsApp-Image-2025-10-18-at-14.03.17-3.webp\" alt=\"\" class=\"wp-image-37068\" \/><\/figure>\n\n\n\n<figure class=\"wp-block-image size-large\"><a href=\"https:\/\/www.ifbaiano.edu.br\/unidades\/santaines\/files\/2025\/10\/9442-7284-WhatsApp-Image-2025-10-18-at-14.03.17.webp\"><img decoding=\"async\" loading=\"lazy\" width=\"1024\" height=\"768\" src=\"https:\/\/www.ifbaiano.edu.br\/unidades\/santaines\/files\/2025\/10\/9442-7284-WhatsApp-Image-2025-10-18-at-14.03.17-1024x768.webp\" alt=\"\" class=\"wp-image-26014\" srcset=\"https:\/\/www.ifbaiano.edu.br\/unidades\/santaines\/files\/2025\/10\/9442-7284-WhatsApp-Image-2025-10-18-at-14.03.17-1024x768.webp 1024w, https:\/\/www.ifbaiano.edu.br\/unidades\/santaines\/files\/2025\/10\/9442-7284-WhatsApp-Image-2025-10-18-at-14.03.17-300x225.webp 300w, https:\/\/www.ifbaiano.edu.br\/unidades\/santaines\/files\/2025\/10\/9442-7284-WhatsApp-Image-2025-10-18-at-14.03.17-768x576.webp 768w, https:\/\/www.ifbaiano.edu.br\/unidades\/santaines\/files\/2025\/10\/9442-7284-WhatsApp-Image-2025-10-18-at-14.03.17-100x75.webp 100w, https:\/\/www.ifbaiano.edu.br\/unidades\/santaines\/files\/2025\/10\/9442-7284-WhatsApp-Image-2025-10-18-at-14.03.17.webp 1280w\" sizes=\"(max-width: 1024px) 100vw, 1024px\" \/><\/a><\/figure>\n\n\n\n<figure class=\"wp-block-image size-large\"><a href=\"https:\/\/www.ifbaiano.edu.br\/unidades\/santaines\/files\/2025\/10\/9442-7236-WhatsApp-Image-2025-10-18-at-14.03.16.webp\"><img decoding=\"async\" loading=\"lazy\" width=\"1024\" height=\"768\" src=\"https:\/\/www.ifbaiano.edu.br\/unidades\/santaines\/files\/2025\/10\/9442-7236-WhatsApp-Image-2025-10-18-at-14.03.16-1024x768.webp\" alt=\"\" class=\"wp-image-26017\" srcset=\"https:\/\/www.ifbaiano.edu.br\/unidades\/santaines\/files\/2025\/10\/9442-7236-WhatsApp-Image-2025-10-18-at-14.03.16-1024x768.webp 1024w, https:\/\/www.ifbaiano.edu.br\/unidades\/santaines\/files\/2025\/10\/9442-7236-WhatsApp-Image-2025-10-18-at-14.03.16-300x225.webp 300w, https:\/\/www.ifbaiano.edu.br\/unidades\/santaines\/files\/2025\/10\/9442-7236-WhatsApp-Image-2025-10-18-at-14.03.16-768x576.webp 768w, https:\/\/www.ifbaiano.edu.br\/unidades\/santaines\/files\/2025\/10\/9442-7236-WhatsApp-Image-2025-10-18-at-14.03.16-100x75.webp 100w, https:\/\/www.ifbaiano.edu.br\/unidades\/santaines\/files\/2025\/10\/9442-7236-WhatsApp-Image-2025-10-18-at-14.03.16.webp 1440w\" sizes=\"(max-width: 1024px) 100vw, 1024px\" \/><\/a><\/figure>\n\n\n\n<figure class=\"wp-block-image size-large\"><a href=\"https:\/\/www.ifbaiano.edu.br\/unidades\/santaines\/files\/2025\/10\/9442-7236-WhatsApp-Image-2025-10-18-at-14.03.17-1.webp\"><img decoding=\"async\" loading=\"lazy\" width=\"1024\" height=\"768\" src=\"https:\/\/www.ifbaiano.edu.br\/unidades\/santaines\/files\/2025\/10\/9442-7236-WhatsApp-Image-2025-10-18-at-14.03.17-1-1024x768.webp\" alt=\"\" class=\"wp-image-26015\" srcset=\"https:\/\/www.ifbaiano.edu.br\/unidades\/santaines\/files\/2025\/10\/9442-7236-WhatsApp-Image-2025-10-18-at-14.03.17-1-1024x768.webp 1024w, https:\/\/www.ifbaiano.edu.br\/unidades\/santaines\/files\/2025\/10\/9442-7236-WhatsApp-Image-2025-10-18-at-14.03.17-1-300x225.webp 300w, https:\/\/www.ifbaiano.edu.br\/unidades\/santaines\/files\/2025\/10\/9442-7236-WhatsApp-Image-2025-10-18-at-14.03.17-1-768x576.webp 768w, https:\/\/www.ifbaiano.edu.br\/unidades\/santaines\/files\/2025\/10\/9442-7236-WhatsApp-Image-2025-10-18-at-14.03.17-1-100x75.webp 100w, https:\/\/www.ifbaiano.edu.br\/unidades\/santaines\/files\/2025\/10\/9442-7236-WhatsApp-Image-2025-10-18-at-14.03.17-1.webp 1280w\" sizes=\"(max-width: 1024px) 100vw, 1024px\" \/><\/a><\/figure>\n\n\n\n<figure class=\"wp-block-image size-large\"><a href=\"https:\/\/www.ifbaiano.edu.br\/unidades\/santaines\/files\/2025\/10\/9442-8416-WhatsApp-Image-2025-10-15-at-13.22.26.webp\"><img decoding=\"async\" loading=\"lazy\" width=\"1024\" height=\"768\" src=\"https:\/\/www.ifbaiano.edu.br\/unidades\/santaines\/files\/2025\/10\/9442-8416-WhatsApp-Image-2025-10-15-at-13.22.26-1024x768.webp\" alt=\"\" class=\"wp-image-26016\" srcset=\"https:\/\/www.ifbaiano.edu.br\/unidades\/santaines\/files\/2025\/10\/9442-8416-WhatsApp-Image-2025-10-15-at-13.22.26-1024x768.webp 1024w, https:\/\/www.ifbaiano.edu.br\/unidades\/santaines\/files\/2025\/10\/9442-8416-WhatsApp-Image-2025-10-15-at-13.22.26-300x225.webp 300w, https:\/\/www.ifbaiano.edu.br\/unidades\/santaines\/files\/2025\/10\/9442-8416-WhatsApp-Image-2025-10-15-at-13.22.26-768x576.webp 768w, https:\/\/www.ifbaiano.edu.br\/unidades\/santaines\/files\/2025\/10\/9442-8416-WhatsApp-Image-2025-10-15-at-13.22.26-100x75.webp 100w, https:\/\/www.ifbaiano.edu.br\/unidades\/santaines\/files\/2025\/10\/9442-8416-WhatsApp-Image-2025-10-15-at-13.22.26.webp 1440w\" sizes=\"(max-width: 1024px) 100vw, 1024px\" \/><\/a><\/figure>\n<\/figure>\n<\/blockquote>\n\n\n\n<h3 class=\"wp-block-heading\"><strong>Remanso no mapa afetivo do IF Baiano<\/strong><\/h3>\n\n\n\n<p>Encerrando o evento, o reitor&nbsp;<strong>A\u00e9cio Jos\u00e9 Ara\u00fajo Passos Duarte<\/strong>&nbsp;agradeceu o empenho das equipes e o acolhimento da cidade, reconhecendo o desafio e a import\u00e2ncia de realizar o encontro em um local onde o campus ainda est\u00e1 em constru\u00e7\u00e3o:<\/p>\n\n\n\n<blockquote class=\"wp-block-quote\">\n<p>\u201cAgrade\u00e7o a todos que apoiaram o desafio de fazer o evento em Remanso, mesmo sem o campus ainda estar pronto, e agrade\u00e7o o acolhimento da cidade. Esse encontro mostra a for\u00e7a e a uni\u00e3o que fazem do IF Baiano uma institui\u00e7\u00e3o \u00fanica.\u201d<\/p>\n<\/blockquote>\n\n\n\n<p>Assim, entre competi\u00e7\u00f5es, aulas abertas, registros fotogr\u00e1ficos, reencontros e celebra\u00e7\u00f5es \u2014 com direito a passeio pelo Velho Chico e momentos de cuidado com o corpo \u2014 o Encontro dos Servidores de 2025 consolidou-se como um marco de pertencimento, sa\u00fade e alegria. E tamb\u00e9m como um gesto simb\u00f3lico de chegada do&nbsp;<strong>IF Baiano a Remanso<\/strong>, cidade que agora faz parte da hist\u00f3ria e do cora\u00e7\u00e3o da institui\u00e7\u00e3o.<\/p>\n\n\n\n<figure class=\"wp-block-gallery has-nested-images columns-default is-cropped wp-block-gallery-15 is-layout-flex\">\n<figure class=\"wp-block-image\"><img decoding=\"async\" data-id=\"37019\"  src=\"https:\/\/ifbaiano.edu.br\/portal\/wp-content\/uploads\/2025\/10\/3742-IMG_20251016_220648-1024x461.webp\" alt=\"\" class=\"wp-image-37019\" \/><\/figure>\n\n\n\n<figure class=\"wp-block-image size-large\"><a href=\"https:\/\/www.ifbaiano.edu.br\/unidades\/santaines\/files\/2025\/10\/9692-3742-IMG_20251016_220746-1536x691-1.webp\"><img decoding=\"async\" loading=\"lazy\" width=\"1024\" height=\"461\" data-id=\"26021\"  src=\"https:\/\/www.ifbaiano.edu.br\/unidades\/santaines\/files\/2025\/10\/9692-3742-IMG_20251016_220746-1536x691-1-1024x461.webp\" alt=\"\" class=\"wp-image-26021\" srcset=\"https:\/\/www.ifbaiano.edu.br\/unidades\/santaines\/files\/2025\/10\/9692-3742-IMG_20251016_220746-1536x691-1-1024x461.webp 1024w, https:\/\/www.ifbaiano.edu.br\/unidades\/santaines\/files\/2025\/10\/9692-3742-IMG_20251016_220746-1536x691-1-300x135.webp 300w, https:\/\/www.ifbaiano.edu.br\/unidades\/santaines\/files\/2025\/10\/9692-3742-IMG_20251016_220746-1536x691-1-768x346.webp 768w, https:\/\/www.ifbaiano.edu.br\/unidades\/santaines\/files\/2025\/10\/9692-3742-IMG_20251016_220746-1536x691-1-100x45.webp 100w, https:\/\/www.ifbaiano.edu.br\/unidades\/santaines\/files\/2025\/10\/9692-3742-IMG_20251016_220746-1536x691-1.webp 1536w\" sizes=\"(max-width: 1024px) 100vw, 1024px\" \/><\/a><\/figure>\n\n\n\n<figure class=\"wp-block-image size-large\"><a href=\"https:\/\/www.ifbaiano.edu.br\/unidades\/santaines\/files\/2025\/10\/9691-3742-IMG_20251016_220854-1536x691-1.webp\"><img decoding=\"async\" loading=\"lazy\" width=\"1024\" height=\"461\" data-id=\"26018\"  src=\"https:\/\/www.ifbaiano.edu.br\/unidades\/santaines\/files\/2025\/10\/9691-3742-IMG_20251016_220854-1536x691-1-1024x461.webp\" alt=\"\" class=\"wp-image-26018\" srcset=\"https:\/\/www.ifbaiano.edu.br\/unidades\/santaines\/files\/2025\/10\/9691-3742-IMG_20251016_220854-1536x691-1-1024x461.webp 1024w, https:\/\/www.ifbaiano.edu.br\/unidades\/santaines\/files\/2025\/10\/9691-3742-IMG_20251016_220854-1536x691-1-300x135.webp 300w, https:\/\/www.ifbaiano.edu.br\/unidades\/santaines\/files\/2025\/10\/9691-3742-IMG_20251016_220854-1536x691-1-768x346.webp 768w, https:\/\/www.ifbaiano.edu.br\/unidades\/santaines\/files\/2025\/10\/9691-3742-IMG_20251016_220854-1536x691-1-100x45.webp 100w, https:\/\/www.ifbaiano.edu.br\/unidades\/santaines\/files\/2025\/10\/9691-3742-IMG_20251016_220854-1536x691-1.webp 1536w\" sizes=\"(max-width: 1024px) 100vw, 1024px\" \/><\/a><\/figure>\n\n\n\n<figure class=\"wp-block-image size-large\"><a href=\"https:\/\/www.ifbaiano.edu.br\/unidades\/santaines\/files\/2025\/10\/9692-3742-IMG_20251016_220910-1536x691-1.webp\"><img decoding=\"async\" loading=\"lazy\" width=\"1024\" height=\"461\" data-id=\"26025\"  src=\"https:\/\/www.ifbaiano.edu.br\/unidades\/santaines\/files\/2025\/10\/9692-3742-IMG_20251016_220910-1536x691-1-1024x461.webp\" alt=\"\" class=\"wp-image-26025\" srcset=\"https:\/\/www.ifbaiano.edu.br\/unidades\/santaines\/files\/2025\/10\/9692-3742-IMG_20251016_220910-1536x691-1-1024x461.webp 1024w, https:\/\/www.ifbaiano.edu.br\/unidades\/santaines\/files\/2025\/10\/9692-3742-IMG_20251016_220910-1536x691-1-300x135.webp 300w, https:\/\/www.ifbaiano.edu.br\/unidades\/santaines\/files\/2025\/10\/9692-3742-IMG_20251016_220910-1536x691-1-768x346.webp 768w, https:\/\/www.ifbaiano.edu.br\/unidades\/santaines\/files\/2025\/10\/9692-3742-IMG_20251016_220910-1536x691-1-100x45.webp 100w, https:\/\/www.ifbaiano.edu.br\/unidades\/santaines\/files\/2025\/10\/9692-3742-IMG_20251016_220910-1536x691-1.webp 1536w\" sizes=\"(max-width: 1024px) 100vw, 1024px\" \/><\/a><\/figure>\n\n\n\n<figure class=\"wp-block-image size-large\"><a href=\"https:\/\/www.ifbaiano.edu.br\/unidades\/santaines\/files\/2025\/10\/9691-3742-IMG_20251016_221016-1536x691-1.webp\"><img decoding=\"async\" loading=\"lazy\" width=\"1024\" height=\"461\" data-id=\"26020\"  src=\"https:\/\/www.ifbaiano.edu.br\/unidades\/santaines\/files\/2025\/10\/9691-3742-IMG_20251016_221016-1536x691-1-1024x461.webp\" alt=\"\" class=\"wp-image-26020\" srcset=\"https:\/\/www.ifbaiano.edu.br\/unidades\/santaines\/files\/2025\/10\/9691-3742-IMG_20251016_221016-1536x691-1-1024x461.webp 1024w, https:\/\/www.ifbaiano.edu.br\/unidades\/santaines\/files\/2025\/10\/9691-3742-IMG_20251016_221016-1536x691-1-300x135.webp 300w, https:\/\/www.ifbaiano.edu.br\/unidades\/santaines\/files\/2025\/10\/9691-3742-IMG_20251016_221016-1536x691-1-768x346.webp 768w, https:\/\/www.ifbaiano.edu.br\/unidades\/santaines\/files\/2025\/10\/9691-3742-IMG_20251016_221016-1536x691-1-100x45.webp 100w, https:\/\/www.ifbaiano.edu.br\/unidades\/santaines\/files\/2025\/10\/9691-3742-IMG_20251016_221016-1536x691-1.webp 1536w\" sizes=\"(max-width: 1024px) 100vw, 1024px\" \/><\/a><\/figure>\n\n\n\n<figure class=\"wp-block-image size-large\"><a href=\"https:\/\/www.ifbaiano.edu.br\/unidades\/santaines\/files\/2025\/10\/9691-3742-IMG_20251016_221135-1536x691-1.webp\"><img decoding=\"async\" loading=\"lazy\" width=\"1024\" height=\"461\" data-id=\"26022\"  src=\"https:\/\/www.ifbaiano.edu.br\/unidades\/santaines\/files\/2025\/10\/9691-3742-IMG_20251016_221135-1536x691-1-1024x461.webp\" alt=\"\" class=\"wp-image-26022\" srcset=\"https:\/\/www.ifbaiano.edu.br\/unidades\/santaines\/files\/2025\/10\/9691-3742-IMG_20251016_221135-1536x691-1-1024x461.webp 1024w, https:\/\/www.ifbaiano.edu.br\/unidades\/santaines\/files\/2025\/10\/9691-3742-IMG_20251016_221135-1536x691-1-300x135.webp 300w, https:\/\/www.ifbaiano.edu.br\/unidades\/santaines\/files\/2025\/10\/9691-3742-IMG_20251016_221135-1536x691-1-768x346.webp 768w, https:\/\/www.ifbaiano.edu.br\/unidades\/santaines\/files\/2025\/10\/9691-3742-IMG_20251016_221135-1536x691-1-100x45.webp 100w, https:\/\/www.ifbaiano.edu.br\/unidades\/santaines\/files\/2025\/10\/9691-3742-IMG_20251016_221135-1536x691-1.webp 1536w\" sizes=\"(max-width: 1024px) 100vw, 1024px\" \/><\/a><\/figure>\n\n\n\n<figure class=\"wp-block-image size-large\"><a href=\"https:\/\/www.ifbaiano.edu.br\/unidades\/santaines\/files\/2025\/10\/9692-3742-IMG_20251016_221402-1536x691-1.webp\"><img decoding=\"async\" loading=\"lazy\" width=\"1024\" height=\"461\" data-id=\"26019\"  src=\"https:\/\/www.ifbaiano.edu.br\/unidades\/santaines\/files\/2025\/10\/9692-3742-IMG_20251016_221402-1536x691-1-1024x461.webp\" alt=\"\" class=\"wp-image-26019\" srcset=\"https:\/\/www.ifbaiano.edu.br\/unidades\/santaines\/files\/2025\/10\/9692-3742-IMG_20251016_221402-1536x691-1-1024x461.webp 1024w, https:\/\/www.ifbaiano.edu.br\/unidades\/santaines\/files\/2025\/10\/9692-3742-IMG_20251016_221402-1536x691-1-300x135.webp 300w, https:\/\/www.ifbaiano.edu.br\/unidades\/santaines\/files\/2025\/10\/9692-3742-IMG_20251016_221402-1536x691-1-768x346.webp 768w, https:\/\/www.ifbaiano.edu.br\/unidades\/santaines\/files\/2025\/10\/9692-3742-IMG_20251016_221402-1536x691-1-100x45.webp 100w, https:\/\/www.ifbaiano.edu.br\/unidades\/santaines\/files\/2025\/10\/9692-3742-IMG_20251016_221402-1536x691-1.webp 1536w\" sizes=\"(max-width: 1024px) 100vw, 1024px\" \/><\/a><\/figure>\n\n\n\n<figure class=\"wp-block-image size-large\"><a href=\"https:\/\/www.ifbaiano.edu.br\/unidades\/santaines\/files\/2025\/10\/9692-3742-IMG_20251016_221751-1536x691-1.webp\"><img decoding=\"async\" loading=\"lazy\" width=\"1024\" height=\"461\" data-id=\"26023\"  src=\"https:\/\/www.ifbaiano.edu.br\/unidades\/santaines\/files\/2025\/10\/9692-3742-IMG_20251016_221751-1536x691-1-1024x461.webp\" alt=\"\" class=\"wp-image-26023\" srcset=\"https:\/\/www.ifbaiano.edu.br\/unidades\/santaines\/files\/2025\/10\/9692-3742-IMG_20251016_221751-1536x691-1-1024x461.webp 1024w, https:\/\/www.ifbaiano.edu.br\/unidades\/santaines\/files\/2025\/10\/9692-3742-IMG_20251016_221751-1536x691-1-300x135.webp 300w, https:\/\/www.ifbaiano.edu.br\/unidades\/santaines\/files\/2025\/10\/9692-3742-IMG_20251016_221751-1536x691-1-768x346.webp 768w, https:\/\/www.ifbaiano.edu.br\/unidades\/santaines\/files\/2025\/10\/9692-3742-IMG_20251016_221751-1536x691-1-100x45.webp 100w, https:\/\/www.ifbaiano.edu.br\/unidades\/santaines\/files\/2025\/10\/9692-3742-IMG_20251016_221751-1536x691-1.webp 1536w\" sizes=\"(max-width: 1024px) 100vw, 1024px\" \/><\/a><\/figure>\n\n\n\n<figure class=\"wp-block-image size-large\"><a href=\"https:\/\/www.ifbaiano.edu.br\/unidades\/santaines\/files\/2025\/10\/9692-3744-IMG_20251016_221259-1536x691-1.webp\"><img decoding=\"async\" loading=\"lazy\" width=\"1024\" height=\"461\" data-id=\"26024\"  src=\"https:\/\/www.ifbaiano.edu.br\/unidades\/santaines\/files\/2025\/10\/9692-3744-IMG_20251016_221259-1536x691-1-1024x461.webp\" alt=\"\" class=\"wp-image-26024\" srcset=\"https:\/\/www.ifbaiano.edu.br\/unidades\/santaines\/files\/2025\/10\/9692-3744-IMG_20251016_221259-1536x691-1-1024x461.webp 1024w, https:\/\/www.ifbaiano.edu.br\/unidades\/santaines\/files\/2025\/10\/9692-3744-IMG_20251016_221259-1536x691-1-300x135.webp 300w, https:\/\/www.ifbaiano.edu.br\/unidades\/santaines\/files\/2025\/10\/9692-3744-IMG_20251016_221259-1536x691-1-768x346.webp 768w, https:\/\/www.ifbaiano.edu.br\/unidades\/santaines\/files\/2025\/10\/9692-3744-IMG_20251016_221259-1536x691-1-100x45.webp 100w, https:\/\/www.ifbaiano.edu.br\/unidades\/santaines\/files\/2025\/10\/9692-3744-IMG_20251016_221259-1536x691-1.webp 1536w\" sizes=\"(max-width: 1024px) 100vw, 1024px\" \/><\/a><\/figure>\n<\/figure>\n\n\n\n<hr class=\"wp-block-separator has-alpha-channel-opacity\" \/>\n","protected":false},"excerpt":{"rendered":"<p>Entre os dias 14 e 16 de outubro, o Instituto Federal Baiano (IF Baiano) realizou, em Remanso, a 5\u00aa edi\u00e7\u00e3o do&nbsp;Encontro dos Servidores, em celebra\u00e7\u00e3o ao Dia do Servidor P\u00fablico (28 de outubro). O evento reuniu servidores e colaboradores terceirizados das 15 unidades da institui\u00e7\u00e3o em tr\u00eas dias de conviv\u00eancia, pr\u00e1ticas esportivas e momentos de [&hellip;]<\/p>\n","protected":false},"author":86,"featured_media":25991,"comment_status":"closed","ping_status":"closed","sticky":false,"template":"","format":"standard","meta":[],"categories":[4,57],"tags":[],"_links":{"self":[{"href":"https:\/\/www.ifbaiano.edu.br\/unidades\/santaines\/wp-json\/wp\/v2\/posts\/25987"}],"collection":[{"href":"https:\/\/www.ifbaiano.edu.br\/unidades\/santaines\/wp-json\/wp\/v2\/posts"}],"about":[{"href":"https:\/\/www.ifbaiano.edu.br\/unidades\/santaines\/wp-json\/wp\/v2\/types\/post"}],"author":[{"embeddable":true,"href":"https:\/\/www.ifbaiano.edu.br\/unidades\/santaines\/wp-json\/wp\/v2\/users\/86"}],"replies":[{"embeddable":true,"href":"https:\/\/www.ifbaiano.edu.br\/unidades\/santaines\/wp-json\/wp\/v2\/comments?post=25987"}],"version-history":[{"count":1,"href":"https:\/\/www.ifbaiano.edu.br\/unidades\/santaines\/wp-json\/wp\/v2\/posts\/25987\/revisions"}],"predecessor-version":[{"id":26026,"href":"https:\/\/www.ifbaiano.edu.br\/unidades\/santaines\/wp-json\/wp\/v2\/posts\/25987\/revisions\/26026"}],"wp:featuredmedia":[{"embeddable":true,"href":"https:\/\/www.ifbaiano.edu.br\/unidades\/santaines\/wp-json\/wp\/v2\/media\/25991"}],"wp:attachment":[{"href":"https:\/\/www.ifbaiano.edu.br\/unidades\/santaines\/wp-json\/wp\/v2\/media?parent=25987"}],"wp:term":[{"taxonomy":"category","embeddable":true,"href":"https:\/\/www.ifbaiano.edu.br\/unidades\/santaines\/wp-json\/wp\/v2\/categories?post=25987"},{"taxonomy":"post_tag","embeddable":true,"href":"https:\/\/www.ifbaiano.edu.br\/unidades\/santaines\/wp-json\/wp\/v2\/tags?post=25987"}],"curies":[{"name":"wp","href":"https:\/\/api.w.org\/{rel}","templated":true}]}}