{"id":26085,"date":"2025-10-24T16:04:55","date_gmt":"2025-10-24T19:04:55","guid":{"rendered":"https:\/\/www.ifbaiano.edu.br\/unidades\/santaines\/?p=26085"},"modified":"2025-10-27T17:52:29","modified_gmt":"2025-10-27T20:52:29","slug":"campus-santa-ines-divulga-resultado-preliminar-da-homologacao-das-inscricoes-no-prosel-2026","status":"publish","type":"post","link":"https:\/\/www.ifbaiano.edu.br\/unidades\/santaines\/campus-santa-ines-divulga-resultado-preliminar-da-homologacao-das-inscricoes-no-prosel-2026\/","title":{"rendered":"Campus Santa In\u00eas divulga resultado preliminar da homologa\u00e7\u00e3o das inscri\u00e7\u00f5es no PROSEL 2026"},"content":{"rendered":"\n<p>O Instituto Federal Baiano (IF Baiano) \u2013 Campus Santa In\u00eas publicou, nesta sexta-feira (24), o <a href=\"https:\/\/ingresso.ifbaiano.edu.br\/wp-content\/uploads\/2025\/08\/LISTA-PRELIMINAR-DE-INSCRICOES-HOMOLOGADAS-1.pdf\">resultado preliminar da homologa\u00e7\u00e3o das inscri\u00e7\u00f5es<\/a> do Processo Seletivo para ingresso nos Cursos T\u00e9cnicos Integrados ao Ensino M\u00e9dio (Agropecu\u00e1ria, Alimentos, Inform\u00e1tica e Zootecnia) &#8211; Prosel 2026, conforme o Edital n\u00ba 26\/2025 e suas altera\u00e7\u00f5es e divulgou hoje (27), o <a href=\"https:\/\/ingresso.ifbaiano.edu.br\/wp-content\/uploads\/2025\/08\/Comunicado-1-Retificacao-da-Lista-Preliminar-de-Inscricoes-Homologadas.pdf\">Comunicado 01<\/a> que retifica a lista preliminar de inscri\u00e7\u00f5es homologadas.<\/p>\n\n\n\n<p>A lista apresenta os(as) candidatos(as) que tiveram suas inscri\u00e7\u00f5es homologadas e aqueles(as) que, por algum motivo, n\u00e3o tiveram a inscri\u00e7\u00e3o validada nesta etapa. Os casos de n\u00e3o homologa\u00e7\u00e3o se devem, principalmente, \u00e0 aus\u00eancia ou ilegibilidade de documentos obrigat\u00f3rios, como o RG ou CPF e o hist\u00f3rico escolar ou declara\u00e7\u00e3o escolar do ensino fundamental.<\/p>\n\n\n\n<p>O resultado est\u00e1 dispon\u00edvel no site oficial do IF Baiano, na <a href=\"https:\/\/ingresso.ifbaiano.edu.br\/concursos\/integrado-santa-ines-2026\">p\u00e1gina do Processo Seletivo<\/a><\/p>\n\n\n\n<h3 class=\"wp-block-heading\">Prazo para envio de documentos e recursos<\/h3>\n\n\n\n<p>O(A) candidato(a) que teve sua inscri\u00e7\u00e3o <strong>n\u00e3o homologada<\/strong> ter\u00e1 <strong>entre os dias 24 e 29 de outubro de 2025 para interpor recurso <\/strong>referentes \u00e0 lista preliminar de inscri\u00e7\u00f5es homologadas, a fim de <strong>regularizar sua situa\u00e7\u00e3o<\/strong>. Assim, o <a href=\"https:\/\/ingresso.ifbaiano.edu.br\/wp-content\/uploads\/2025\/08\/ANEXO-IV-FORMULARIO-PARA-RECURSO-1.pdf\">formul\u00e1rio de recurso<\/a> (anexo IV do Edital) devidamente preenchido e assinado, dever\u00e1 ser anexado juntamente com os documentos faltantes, no <a href=\"https:\/\/sgc.ifbaiano.edu.br\/edital\/arquivos\/26\/\">Sistema de Gerenciamento de Concursos &#8211; SGC<\/a>, de acordo com as orienta\u00e7\u00f5es dispon\u00edveis no <strong>manual do candidato<\/strong>, acess\u00edvel no mesmo endere\u00e7o eletr\u00f4nico.<\/p>\n\n\n\n<p>Em caso de d\u00favidas, o(a) candidato(a) deve entrar em contato atrav\u00e9s do e-mail <a href=\"mailto:prosel@si.ifbaiano.edu.br\">prosel@si.ifbaiano.edu.br<\/a> ou do telefone\/WhatsApp: <strong>(73) 98180-1269<\/strong>.<\/p>\n\n\n\n<hr class=\"wp-block-separator has-alpha-channel-opacity\" \/>\n\n\n\n<p>Assessoria de Comunica\u00e7\u00e3o \u2013 IF Baiano Campus Santa In\u00eas<\/p>\n\n\n\n<p>\ud83d\udce7 <a href=\"mailto:comunicacao@si.ifbaiano.edu.br\">comunicacao@si.ifbaiano.edu.br<\/a><br>\ud83c\udf10 <a href=\"https:\/\/www.ifbaiano.edu.br\">www.ifbaiano.edu.br<\/a><\/p>\n\n\n\n<p><\/p>\n","protected":false},"excerpt":{"rendered":"<p>O Instituto Federal Baiano (IF Baiano) \u2013 Campus Santa In\u00eas publicou, nesta sexta-feira (24), o resultado preliminar da homologa\u00e7\u00e3o das inscri\u00e7\u00f5es do Processo Seletivo para ingresso nos Cursos T\u00e9cnicos Integrados ao Ensino M\u00e9dio (Agropecu\u00e1ria, Alimentos, Inform\u00e1tica e Zootecnia) &#8211; Prosel 2026, conforme o Edital n\u00ba 26\/2025 e suas altera\u00e7\u00f5es e divulgou hoje (27), o Comunicado [&hellip;]<\/p>\n","protected":false},"author":86,"featured_media":26086,"comment_status":"closed","ping_status":"closed","sticky":false,"template":"","format":"standard","meta":[],"categories":[4,13,5,8,57],"tags":[],"_links":{"self":[{"href":"https:\/\/www.ifbaiano.edu.br\/unidades\/santaines\/wp-json\/wp\/v2\/posts\/26085"}],"collection":[{"href":"https:\/\/www.ifbaiano.edu.br\/unidades\/santaines\/wp-json\/wp\/v2\/posts"}],"about":[{"href":"https:\/\/www.ifbaiano.edu.br\/unidades\/santaines\/wp-json\/wp\/v2\/types\/post"}],"author":[{"embeddable":true,"href":"https:\/\/www.ifbaiano.edu.br\/unidades\/santaines\/wp-json\/wp\/v2\/users\/86"}],"replies":[{"embeddable":true,"href":"https:\/\/www.ifbaiano.edu.br\/unidades\/santaines\/wp-json\/wp\/v2\/comments?post=26085"}],"version-history":[{"count":3,"href":"https:\/\/www.ifbaiano.edu.br\/unidades\/santaines\/wp-json\/wp\/v2\/posts\/26085\/revisions"}],"predecessor-version":[{"id":26091,"href":"https:\/\/www.ifbaiano.edu.br\/unidades\/santaines\/wp-json\/wp\/v2\/posts\/26085\/revisions\/26091"}],"wp:featuredmedia":[{"embeddable":true,"href":"https:\/\/www.ifbaiano.edu.br\/unidades\/santaines\/wp-json\/wp\/v2\/media\/26086"}],"wp:attachment":[{"href":"https:\/\/www.ifbaiano.edu.br\/unidades\/santaines\/wp-json\/wp\/v2\/media?parent=26085"}],"wp:term":[{"taxonomy":"category","embeddable":true,"href":"https:\/\/www.ifbaiano.edu.br\/unidades\/santaines\/wp-json\/wp\/v2\/categories?post=26085"},{"taxonomy":"post_tag","embeddable":true,"href":"https:\/\/www.ifbaiano.edu.br\/unidades\/santaines\/wp-json\/wp\/v2\/tags?post=26085"}],"curies":[{"name":"wp","href":"https:\/\/api.w.org\/{rel}","templated":true}]}}