{"id":26109,"date":"2025-10-31T20:30:14","date_gmt":"2025-10-31T23:30:14","guid":{"rendered":"https:\/\/www.ifbaiano.edu.br\/unidades\/santaines\/?p=26109"},"modified":"2025-10-31T20:30:15","modified_gmt":"2025-10-31T23:30:15","slug":"campus-santa-ines-divulga-homologacao-final-das-inscricoes-do-prosel-2026","status":"publish","type":"post","link":"https:\/\/www.ifbaiano.edu.br\/unidades\/santaines\/campus-santa-ines-divulga-homologacao-final-das-inscricoes-do-prosel-2026\/","title":{"rendered":"Campus Santa In\u00eas Divulga Homologa\u00e7\u00e3o Final das Inscri\u00e7\u00f5es do PROSEL 2026"},"content":{"rendered":"\n<p>O Instituto Federal Baiano (IF Baiano) \u2013 Campus Santa In\u00eas publicou, nesta sexta-feira (31), dois importantes documentos do Processo Seletivo para Ingresso de estudantes nos Cursos T\u00e9cnicos Integrados ao Ensino M\u00e9dio (Agropecu\u00e1ria, Alimentos, Inform\u00e1tica e Zootecnia) \u2013 PROSEL 2026): o <a href=\"https:\/\/ingresso.ifbaiano.edu.br\/wp-content\/uploads\/2025\/08\/Resultado-dos-Recursos-Lista-Preliminar-de-Inscricoes-Homologadas.pdf\">Resultado dos Recursos contra a Lista Preliminar de inscri\u00e7\u00f5es Homologadas<\/a> e a\u00a0<a href=\"https:\/\/ingresso.ifbaiano.edu.br\/wp-content\/uploads\/2025\/08\/Lista-Final-de-Inscricoes-Homologadas.pdf\">Lista Final de Inscri\u00e7\u00f5es Homologadas<\/a>. Esta etapa crucial segue o cronograma retificado pelo <a href=\"https:\/\/ingresso.ifbaiano.edu.br\/wp-content\/uploads\/2025\/08\/Edital-de-Retificacao-No-33-Cronograma.pdf\">Edital n\u00ba 33\/2025<\/a> e marca a conclus\u00e3o do per\u00edodo de regulariza\u00e7\u00e3o das inscri\u00e7\u00f5es.<\/p>\n\n\n\n<p>Os(As) candidatos(as) que tiveram seus recursos deferidos e a documenta\u00e7\u00e3o aprovada nesta fase final agora t\u00eam suas inscri\u00e7\u00f5es homologadas oficialmente, garantindo a continuidade no processo seletivo. A lista completa est\u00e1 dispon\u00edvel no site oficial do IF Baiano, na <a href=\"https:\/\/ingresso.ifbaiano.edu.br\/concursos\/integrado-santa-ines-2026\/\">P\u00e1gina dedicada ao Processo Seletivo<\/a>.<\/p>\n\n\n\n<p>Acompanhe as pr\u00f3ximas etapas do PROSEL 2026 e prepare-se para as pr\u00f3ximas fases do processo.<\/p>\n\n\n\n<p>Para quaisquer d\u00favidas, entre em contato atrav\u00e9s do e-mail&nbsp;<strong><a target=\"_blank\" href=\"https:\/\/www.google.com\/url?sa=E&amp;q=mailto%3Aprosel%40si.ifbaiano.edu.br\" rel=\"noreferrer noopener\">prosel@si.ifbaiano.edu.br<\/a><\/strong>&nbsp;ou pelo telefone\/WhatsApp:&nbsp;<strong>(73) 98180-1269<\/strong>.<\/p>\n\n\n\n<hr class=\"wp-block-separator has-alpha-channel-opacity\" \/>\n\n\n\n<p><strong>Assessoria de Comunica\u00e7\u00e3o \u2013 IF Baiano Campus Santa In\u00eas<\/strong><\/p>\n","protected":false},"excerpt":{"rendered":"<p>O Instituto Federal Baiano (IF Baiano) \u2013 Campus Santa In\u00eas publicou, nesta sexta-feira (31), dois importantes documentos do Processo Seletivo para Ingresso de estudantes nos Cursos T\u00e9cnicos Integrados ao Ensino M\u00e9dio (Agropecu\u00e1ria, Alimentos, Inform\u00e1tica e Zootecnia) \u2013 PROSEL 2026): o Resultado dos Recursos contra a Lista Preliminar de inscri\u00e7\u00f5es Homologadas e a\u00a0Lista Final de Inscri\u00e7\u00f5es [&hellip;]<\/p>\n","protected":false},"author":86,"featured_media":26086,"comment_status":"closed","ping_status":"closed","sticky":false,"template":"","format":"standard","meta":[],"categories":[4,13,5,8,57],"tags":[],"_links":{"self":[{"href":"https:\/\/www.ifbaiano.edu.br\/unidades\/santaines\/wp-json\/wp\/v2\/posts\/26109"}],"collection":[{"href":"https:\/\/www.ifbaiano.edu.br\/unidades\/santaines\/wp-json\/wp\/v2\/posts"}],"about":[{"href":"https:\/\/www.ifbaiano.edu.br\/unidades\/santaines\/wp-json\/wp\/v2\/types\/post"}],"author":[{"embeddable":true,"href":"https:\/\/www.ifbaiano.edu.br\/unidades\/santaines\/wp-json\/wp\/v2\/users\/86"}],"replies":[{"embeddable":true,"href":"https:\/\/www.ifbaiano.edu.br\/unidades\/santaines\/wp-json\/wp\/v2\/comments?post=26109"}],"version-history":[{"count":2,"href":"https:\/\/www.ifbaiano.edu.br\/unidades\/santaines\/wp-json\/wp\/v2\/posts\/26109\/revisions"}],"predecessor-version":[{"id":26111,"href":"https:\/\/www.ifbaiano.edu.br\/unidades\/santaines\/wp-json\/wp\/v2\/posts\/26109\/revisions\/26111"}],"wp:featuredmedia":[{"embeddable":true,"href":"https:\/\/www.ifbaiano.edu.br\/unidades\/santaines\/wp-json\/wp\/v2\/media\/26086"}],"wp:attachment":[{"href":"https:\/\/www.ifbaiano.edu.br\/unidades\/santaines\/wp-json\/wp\/v2\/media?parent=26109"}],"wp:term":[{"taxonomy":"category","embeddable":true,"href":"https:\/\/www.ifbaiano.edu.br\/unidades\/santaines\/wp-json\/wp\/v2\/categories?post=26109"},{"taxonomy":"post_tag","embeddable":true,"href":"https:\/\/www.ifbaiano.edu.br\/unidades\/santaines\/wp-json\/wp\/v2\/tags?post=26109"}],"curies":[{"name":"wp","href":"https:\/\/api.w.org\/{rel}","templated":true}]}}