{"id":26148,"date":"2025-11-05T10:51:15","date_gmt":"2025-11-05T13:51:15","guid":{"rendered":"https:\/\/www.ifbaiano.edu.br\/unidades\/santaines\/?p=26148"},"modified":"2025-11-05T10:51:15","modified_gmt":"2025-11-05T13:51:15","slug":"musica-cinema-literatura-culinaria-e-ricas-discussoes-marcam-as-acoes-do-novembro-negro-2025-nos-campi-do-if-baiano","status":"publish","type":"post","link":"https:\/\/www.ifbaiano.edu.br\/unidades\/santaines\/musica-cinema-literatura-culinaria-e-ricas-discussoes-marcam-as-acoes-do-novembro-negro-2025-nos-campi-do-if-baiano\/","title":{"rendered":"M\u00fasica, cinema, literatura, culin\u00e1ria e ricas discuss\u00f5es marcam as a\u00e7\u00f5es do Novembro Negro \u2013 2025 nos campi do IF Baiano"},"content":{"rendered":"\n<p>Durante o m\u00eas de novembro, diferentes campi do IF Baiano realizam eventos com programa\u00e7\u00f5es variadas promovidas pelos N\u00facleos de Estudos Afro-Brasileiros e Ind\u00edgenas (NEABIs). Embora as a\u00e7\u00f5es dos N\u00facleos ocorram ao longo de todo o ano, \u00e9 neste per\u00edodo que elas ganham ainda mais destaque, impulsionadas pelas mobiliza\u00e7\u00f5es em torno do Dia da Consci\u00eancia Negra, celebrado em 20 de novembro.<\/p>\n\n\n\n<p>A data marca a morte de Zumbi dos Palmares, l\u00edder do Quilombo dos Palmares, o maior e mais duradouro quilombo da hist\u00f3ria colonial brasileira. Zumbi \u00e9 reconhecido como s\u00edmbolo da resist\u00eancia \u00e0 escravid\u00e3o e da luta pela liberdade e pelos direitos do povo negro.<\/p>\n\n\n\n<p>Nesta mat\u00e9ria, voc\u00ea confere a programa\u00e7\u00e3o dos campi que j\u00e1 definiram suas atividades do Novembro Negro. O conte\u00fado ser\u00e1 atualizado \u00e0 medida que novos eventos forem confirmados.<\/p>\n\n\n\n<p><strong>GOVERNADOR MANGABEIRA<\/strong><\/p>\n\n\n\n<p>No IF Baiano \u2013 Campus Governador Mangabeira, o Novembro Negro 2025 tem como eixo a valoriza\u00e7\u00e3o dos saberes tradicionais e das express\u00f5es culturais do Rec\u00f4ncavo Baiano. A programa\u00e7\u00e3o inclui a\u00e7\u00f5es acad\u00eamicas, art\u00edsticas e formativas que dialogam com a ancestralidade e as pol\u00edticas de inclus\u00e3o.<\/p>\n\n\n\n<p>As atividades come\u00e7aram em 23 de outubro com o lan\u00e7amento do edital do Concurso de Posts \u201cMestres e Mestras dos Saberes \u2013 Tesouros Vivos da Mem\u00f3ria do Rec\u00f4ncavo\u201d, e seguem at\u00e9 20 de dezembro, quando ser\u00e3o divulgados os resultados. Entre os destaques est\u00e3o a participa\u00e7\u00e3o de estudantes e servidores no V Copene Nordeste da ABPN, a Exposi\u00e7\u00e3o Afrobarroco, do fot\u00f3grafo e muse\u00f3logo Jomar Lima, e uma mesa-redonda sobre acesso e perman\u00eancia na educa\u00e7\u00e3o, com base na tese \u201cFazer-se universit\u00e1rio pelas pol\u00edticas de diversidade e inclus\u00e3o dos Institutos Federais da Bahia\u201d.<\/p>\n\n\n\n<p>O dia 18 de novembro concentra uma ampla programa\u00e7\u00e3o cultural, com o circuito perform\u00e1tico \u201cConex\u00f5es Afro: Cultura em Movimento\u201d, reunindo viv\u00eancias de samba de roda, capoeira, hip-hop, tran\u00e7as, culin\u00e1ria e artesanato. A tarde traz o Desfile das Joias Raras do Rec\u00f4ncavo Baiano, seguido do Baile da Beleza Black (BBB), com teatro, m\u00fasica e batalhas de rima. A programa\u00e7\u00e3o se encerra em 28 de novembro com uma viagem acad\u00eamica a Salvador, incluindo visitas a museus e espa\u00e7os hist\u00f3ricos dedicados \u00e0 cultura afro-brasileira.<\/p>\n\n\n\n<p><strong>ITABERABA<\/strong><\/p>\n\n\n\n<p>O Campus Itaberaba est\u00e1 realizando durante todo o m\u00eas de novembro interven\u00e7\u00f5es liter\u00e1rias que ocorrem durante os intervalos das aulas. A interven\u00e7\u00e3o chama-se \u201cVozes da literatura negra: mem\u00f3rias que contam\u201d, na qual ser\u00e3o lidos trechos de livros e\/ou poesias oriundos da literatura negra. O Campus tamb\u00e9m fez uma instala\u00e7\u00e3o de varal com os livretos elaborados no contexto do projeto de pesquisa \u201cIntelectualidades negras brasileiras no ensino de sociologia na educa\u00e7\u00e3o b\u00e1sica\u201d, o Varal Intelectualidades Negras.<\/p>\n\n\n\n<p><strong>ITAPETINGA<\/strong><\/p>\n\n\n\n<p>No Campus Itapetinga, as atividades do Novembro Negro est\u00e3o previstas para o per\u00edodo de 26 a 29 de novembro de 2025 (de quarta-feira a s\u00e1bado), a programa\u00e7\u00e3o, por\u00e9m, ainda est\u00e1 em constru\u00e7\u00e3o.&nbsp;<\/p>\n\n\n\n<p><strong>SANTA IN\u00caS<\/strong><\/p>\n\n\n\n<p>O IF Baiano \u2013&nbsp;<em>Campus Santa In\u00eas<\/em>&nbsp;realiza, ao longo de novembro, uma s\u00e9rie de atividades do Novembro Negro 2025, com foco no enfrentamento ao racismo, na valoriza\u00e7\u00e3o da cultura negra e na discuss\u00e3o sobre g\u00eanero e direitos humanos.<\/p>\n\n\n\n<p>A programa\u00e7\u00e3o come\u00e7a no dia 5 de novembro, com a palestra \u201cDireitos Humanos e Educa\u00e7\u00e3o: como enfrentar o racismo dentro e fora da escola?\u201d, ministrada pela Dra. Shirlei Fonseca, voltada para professores e estudantes de Zootecnia. O Cine Sankofa exibe, nos dias 12 e 27 de novembro, o filme&nbsp;<em>Pantera Negra<\/em>&nbsp;e, em seguida,&nbsp;<em>Infiltrado na Klan<\/em>, em sess\u00f5es voltadas a diferentes p\u00fablicos do campus.<\/p>\n\n\n\n<p>No dia 19 de novembro, os estudantes do 3\u00ba ano do Ensino M\u00e9dio apresentam produ\u00e7\u00f5es sobre o tema \u201cDo Imp\u00e9rio \u00e0s a\u00e7\u00f5es afirmativas: como a esfera jur\u00eddica molda e reflete as lutas do povo negro\u201d, atividade coordenada pelo professor Hildon Carade, seguida de um tradicional caruru coletivo.<\/p>\n\n\n\n<p>Encerrando a programa\u00e7\u00e3o, no dia 26 de novembro, ocorre a mesa \u201cAtravessamentos raciais e de g\u00eanero na forma\u00e7\u00e3o de professoras negras egressas do IF Baiano\u201d, com as professoras Aila Cristina Costa de Jesus e Daiane Assis Fran\u00e7a Santos, ambas egressas da institui\u00e7\u00e3o.<\/p>\n\n\n\n<p><strong>SENHOR DO BONFIM<\/strong><\/p>\n\n\n\n<p>Com o tema \u201cO genoc\u00eddio do negro no Brasil: lutas e resist\u00eancias\u201d, o IF Baiano \u2013&nbsp;<em>Campus Senhor do Bonfim<\/em>&nbsp;realiza, ao longo de novembro, uma programa\u00e7\u00e3o voltada \u00e0 reflex\u00e3o sobre o racismo estrutural e \u00e0 valoriza\u00e7\u00e3o das culturas afro-brasileira e ind\u00edgena.<\/p>\n\n\n\n<p>As atividades t\u00eam in\u00edcio entre os dias 4 e 7 de novembro, com mobiliza\u00e7\u00e3o no campus e divulga\u00e7\u00e3o da programa\u00e7\u00e3o. No dia 7, o Cine Enem promove a exibi\u00e7\u00e3o do filme \u00d3 Pa\u00ed, \u00d3, seguida de debate, e o Ciclo de Estudos Afro-brasileiros e Ind\u00edgenas inicia encontros semanais com a exibi\u00e7\u00e3o do document\u00e1rio Abdias do Nascimento.<\/p>\n\n\n\n<p>Entre os destaques da agenda est\u00e3o a palestra \u201cN\u00e3o basta ser preto, ainda quer ser mulher? Intersec\u00e7\u00f5es entre ra\u00e7a e g\u00eanero\u201d, ministrada pela professora Denyse Almeida dos Santos (13\/11), e a mesa de di\u00e1logo \u201cCartografia colaborativa dos territ\u00f3rios quilombolas e ind\u00edgenas\u201d, com participa\u00e7\u00e3o de docentes da Univasf e do IF Baiano (25\/11).<\/p>\n\n\n\n<p>A programa\u00e7\u00e3o inclui ainda a palestra sobre o Programa Universidade para Todos (UPT), com a professora Simone Wanderley (25\/11, \u00e0 noite), a Salada Cultural, com apresenta\u00e7\u00f5es art\u00edsticas e lan\u00e7amentos liter\u00e1rios (26\/11), e o encerramento com a palestra \u201cProcesso de criminaliza\u00e7\u00e3o por tr\u00e1fico de drogas: legitima\u00e7\u00e3o do racismo pelo sistema penal\u201d, ministrada por Mirla Talyne Soares de Oliveira Brito (27\/11).<\/p>\n\n\n\n<p><strong>SERRINHA<\/strong><\/p>\n\n\n\n<p>O IF Baiano \u2013&nbsp;<em>Campus Serrinha<\/em>&nbsp;realiza, nos dias 18 e 19 de novembro, a edi\u00e7\u00e3o 2025 do Novembro Negro, inspirada na filosofia africana Ubuntu \u2013 \u201ceu sou porque n\u00f3s somos\u201d. A proposta \u00e9 construir um espa\u00e7o de reflex\u00e3o, partilha de saberes e fortalecimento de v\u00ednculos comunit\u00e1rios, tendo a interseccionalidade como eixo de enfrentamento \u00e0s m\u00faltiplas opress\u00f5es que marcam as experi\u00eancias negras e ind\u00edgenas.<\/p>\n\n\n\n<p>A programa\u00e7\u00e3o do dia 18 inclui acolhimento com caf\u00e9 coletivo, ambienta\u00e7\u00e3o cultural e poesia, seguido da mesa \u201cEscravid\u00e3o: hist\u00f3ria, mem\u00f3rias e repara\u00e7\u00f5es no s\u00e9culo XXI\u201d, com o professor Dr. Carlos Francisco da Silva J\u00fanior (UEFS) e media\u00e7\u00e3o do professor Thiago Alves, coordenador do NEABI Serrinha. O evento tamb\u00e9m contar\u00e1 com oficinas, rodas de conversa e apresenta\u00e7\u00f5es art\u00edsticas ao longo do dia e da noite, al\u00e9m de uma palestra e uma mostra de recursos did\u00e1ticos produzidos por estudantes do curso de Biologia.<\/p>\n\n\n\n<p>No dia 19 de novembro, o campus se integra \u00e0s atividades do Movimento Negro de Serrinha, com exposi\u00e7\u00f5es e mostras tem\u00e1ticas, como o mural po\u00e9tico \u201cRural Po\u00e9tico: poesias do campo\u201d, orientado pela professora Ariana Reis, e cartazes sobre \u201cA Qu\u00edmica no M\u00eas da Consci\u00eancia Negra\u201d, coordenados pelas professoras Sanny Carvalho e Carlos Noronha. O encerramento ser\u00e1 com o Baile de Favela, no pr\u00f3prio campus, reafirmando a pot\u00eancia cultural e coletiva do evento.<\/p>\n\n\n\n<p><strong>TEIXEIRA DE FREITAS<\/strong><\/p>\n\n\n\n<p>Um dos eventos mais tradicionais do IF Baiano, o Arvorecer Negro chega \u00e0 sua s\u00e9tima edi\u00e7\u00e3o entre os dias 11 e 13 de novembro, no Campus Teixeira de Freitas, com o tema \u201cRitmos da Di\u00e1spora: arte e conhecimentos em movimento\u201d. A programa\u00e7\u00e3o re\u00fane atividades culturais, acad\u00eamicas e formativas que celebram os saberes ancestrais e fortalecem o di\u00e1logo entre arte, educa\u00e7\u00e3o e identidade.<\/p>\n\n\n\n<h4 class=\"wp-block-heading\"><strong>Segunda-feira, 11\/11:<\/strong><\/h4>\n\n\n\n<p>O dia come\u00e7a \u00e0s 07:00h com diversas atividades culturais e exposi\u00e7\u00f5es, como a Mostra Interativa \u201cAbdias Nascimento\u201d e a Exposi\u00e7\u00e3o Memori\u00f4: Centro de Mem\u00f3ria da Tenda de Umbanda Luz Divina de S\u00e3o Jorge, que se estendem at\u00e9 o final do dia. A programa\u00e7\u00e3o da manh\u00e3 inclui a Abertura Oficial e a Mesa Redonda intitulada \u201cArtes e Conhecimentos: Dos Saberes Ancestrais \u00e0 Contemporaneidade\u201d, que ocorre das 09:30h \u00e0s 12:00h, al\u00e9m da Feira de Artesanato e de Agricultura Familiar.<\/p>\n\n\n\n<p>A tarde \u00e9 marcada por minicursos e oficinas. Ser\u00e3o oferecidos minicursos como o de Cacauicultura: cabruca a pleno sol e o Di\u00e1logo Intergeracional e Mem\u00f3ria \u00c9tnico-Racial como Pr\u00e1tica de Educa\u00e7\u00e3o Antirracista. As oficinas abrangem temas diversos, como&nbsp; Culin\u00e1ria Afrodiasp\u00f3rica, Capoeira, Manejo da Pimenta do Reino, Oficina de constru\u00e7\u00e3o e viv\u00eancia de Pife, Racismo Religioso e as religi\u00f5es de matriz africana, e Oficina de Tran\u00e7as entre outras. A noite, das 19:00h \u00e0s 22:00h, \u00e9 reservada para a Roda de Conversa sobre \u201cCultura Negra e economia solid\u00e1ria\u201d.<\/p>\n\n\n\n<h4 class=\"wp-block-heading\"><strong>Ter\u00e7a-feira, 12\/11:<\/strong><\/h4>\n\n\n\n<p>A ter\u00e7a-feira concentra uma vasta oferta de forma\u00e7\u00e3o e discuss\u00e3o. Pela manh\u00e3, das 07:30h \u00e0s 12:00h, diversos minicursos e oficinas est\u00e3o em foco. Entre os minicursos destacam-se: Apenas o Branco produz filosofia?, Avalia\u00e7\u00e3o do Crescimento de Esp\u00e9cies de Menta em Diferentes Substratos, Mem\u00f3ria coletiva e a Esmola de S\u00e3o Benedito em Tapuia (BA), M\u00eddias Digitais na luta contra o racismo, e Saberes que Curam: Cultivo Caseiro de Plantas Medicinais. Simultaneamente, ocorrem oficinas pr\u00e1ticas como Jogos afrocentrados, Manejo do Caf\u00e9 conilon, Manejo produtivo na cacauicultura, Oficina Cultural e Gastron\u00f4mica: Acaraj\u00e9 e Abar\u00e1, e Oficina do Carimb\u00f3 da tia Lu.<\/p>\n\n\n\n<p>O per\u00edodo da tarde, das 13:30h \u00e0s 17:30h, \u00e9 dedicado \u00e0s \u00c1reas Tem\u00e1ticas, com a apresenta\u00e7\u00e3o oral de trabalhos acad\u00eamicos em seis eixos distintos. Abordam-se: Territ\u00f3rios da Ancestralidade, Corpo, Arte e Ancestralidade, Interdisciplinaridade, Crian\u00e7as, Inf\u00e2ncias, Ra\u00e7a\/Etnia, G\u00eaneros e outras Interseccionalidades, Da Pr\u00e1tica \u00e0 Transforma\u00e7\u00e3o, e Agroecologia, plantas medicinais e sustentabilidade.<\/p>\n\n\n\n<h4 class=\"wp-block-heading\"><strong>Quinta-feira, 13\/11:<\/strong><\/h4>\n\n\n\n<p>O \u00faltimo dia do evento, na quinta-feira, das 07:00h \u00e0s 12:00h, \u00e9 dedicado \u00e0 integra\u00e7\u00e3o cultural e \u00e0 s\u00edntese das discuss\u00f5es. Novamente, s\u00e3o apresentadas as Mostras Interativas \u201cAbdias Nascimento\u201d e a homenagem \u00e0 musicalidade de D. Ivone Lara, Lia de Itamarac\u00e1 e D. Edith do Prato. A manh\u00e3 tamb\u00e9m conta com Apresenta\u00e7\u00f5es Musicais do IF Baiano. A Mesa de encerramento discutir\u00e1 as \u201cTramas Ancestrais: Educa\u00e7\u00e3o, Cultura e Saberes em Movimento\u201d, que ser\u00e1 realizada das 08:30h \u00e0s 11:30h, concluindo as atividades centrais do VII Arvorecer Negro.<\/p>\n\n\n\n<p>Mais informa\u00e7\u00f5es no site:<a href=\"https:\/\/www.even3.com.br\/vii-arvorecer-negro-613013\/\">\u00a0https:\/\/www.even3.com.br\/vii-arvorecer-negro-613013\/<\/a><\/p>\n\n\n\n<hr class=\"wp-block-separator has-alpha-channel-opacity\" \/>\n","protected":false},"excerpt":{"rendered":"<p>Durante o m\u00eas de novembro, diferentes campi do IF Baiano realizam eventos com programa\u00e7\u00f5es variadas promovidas pelos N\u00facleos de Estudos Afro-Brasileiros e Ind\u00edgenas (NEABIs). Embora as a\u00e7\u00f5es dos N\u00facleos ocorram ao longo de todo o ano, \u00e9 neste per\u00edodo que elas ganham ainda mais destaque, impulsionadas pelas mobiliza\u00e7\u00f5es em torno do Dia da Consci\u00eancia Negra, [&hellip;]<\/p>\n","protected":false},"author":86,"featured_media":26149,"comment_status":"closed","ping_status":"closed","sticky":false,"template":"","format":"standard","meta":[],"categories":[4,5,57],"tags":[],"_links":{"self":[{"href":"https:\/\/www.ifbaiano.edu.br\/unidades\/santaines\/wp-json\/wp\/v2\/posts\/26148"}],"collection":[{"href":"https:\/\/www.ifbaiano.edu.br\/unidades\/santaines\/wp-json\/wp\/v2\/posts"}],"about":[{"href":"https:\/\/www.ifbaiano.edu.br\/unidades\/santaines\/wp-json\/wp\/v2\/types\/post"}],"author":[{"embeddable":true,"href":"https:\/\/www.ifbaiano.edu.br\/unidades\/santaines\/wp-json\/wp\/v2\/users\/86"}],"replies":[{"embeddable":true,"href":"https:\/\/www.ifbaiano.edu.br\/unidades\/santaines\/wp-json\/wp\/v2\/comments?post=26148"}],"version-history":[{"count":1,"href":"https:\/\/www.ifbaiano.edu.br\/unidades\/santaines\/wp-json\/wp\/v2\/posts\/26148\/revisions"}],"predecessor-version":[{"id":26150,"href":"https:\/\/www.ifbaiano.edu.br\/unidades\/santaines\/wp-json\/wp\/v2\/posts\/26148\/revisions\/26150"}],"wp:featuredmedia":[{"embeddable":true,"href":"https:\/\/www.ifbaiano.edu.br\/unidades\/santaines\/wp-json\/wp\/v2\/media\/26149"}],"wp:attachment":[{"href":"https:\/\/www.ifbaiano.edu.br\/unidades\/santaines\/wp-json\/wp\/v2\/media?parent=26148"}],"wp:term":[{"taxonomy":"category","embeddable":true,"href":"https:\/\/www.ifbaiano.edu.br\/unidades\/santaines\/wp-json\/wp\/v2\/categories?post=26148"},{"taxonomy":"post_tag","embeddable":true,"href":"https:\/\/www.ifbaiano.edu.br\/unidades\/santaines\/wp-json\/wp\/v2\/tags?post=26148"}],"curies":[{"name":"wp","href":"https:\/\/api.w.org\/{rel}","templated":true}]}}