{"id":26231,"date":"2025-11-07T18:04:07","date_gmt":"2025-11-07T21:04:07","guid":{"rendered":"https:\/\/www.ifbaiano.edu.br\/unidades\/santaines\/?p=26231"},"modified":"2025-11-07T18:59:09","modified_gmt":"2025-11-07T21:59:09","slug":"campus-santa-ines-divulga-resultado-final-da-analise-do-historico-escolar-e-convoca-candidatos-para-banca-de-heteroidentificacao","status":"publish","type":"post","link":"https:\/\/www.ifbaiano.edu.br\/unidades\/santaines\/campus-santa-ines-divulga-resultado-final-da-analise-do-historico-escolar-e-convoca-candidatos-para-banca-de-heteroidentificacao\/","title":{"rendered":"Campus Santa In\u00eas divulga resultado final da an\u00e1lise do hist\u00f3rico escolar e convoca candidatos para banca de heteroidentifica\u00e7\u00e3o"},"content":{"rendered":"\n<p>O Instituto Federal Baiano (IF Baiano) \u2013 Campus Santa In\u00eas divulgou, nesta sexta-feira, 7 de novembro, o <a href=\"https:\/\/ingresso.ifbaiano.edu.br\/wp-content\/uploads\/2025\/08\/RESULTADO-FINAL-DA-ANALISE-DO-HISTORICO-ESCOLAR-3.pdf\">resultado final da an\u00e1lise do hist\u00f3rico escolar<\/a> do Processo Seletivo 2026, a <a href=\"https:\/\/ingresso.ifbaiano.edu.br\/wp-content\/uploads\/2025\/08\/RESULTADO-FINAL-DA-ANALISE-DO-HISTORICO-ESCOLAR-3.pdf\">lista de candidatos convocados para a Banca de Heteroidentifica\u00e7\u00e3o<\/a> para ingresso de novos estudantes nos Cursos T\u00e9cnicos Integrados (Agropecu\u00e1ria, Alimentos, Inform\u00e1tica e Zootecnia).<\/p>\n\n\n\n<p>A publica\u00e7\u00e3o segue o cronograma previsto no <a href=\"https:\/\/ingresso.ifbaiano.edu.br\/wp-content\/uploads\/2025\/08\/Edital-de-Retificacao-No-33-Cronograma.pdf\">Edital<\/a>, e marca mais uma etapa importante do processo que seleciona alunos para os cursos t\u00e9cnicos oferecidos pelo campus. <\/p>\n\n\n\n<p>Os candidatos podem consultar os novos documentos na <a href=\"https:\/\/ingresso.ifbaiano.edu.br\/concursos\/integrado-santa-ines-2026\/\">p\u00e1gina oficial do processo seletivo.<\/a> Os documentos trazem, respectivamente, as m\u00e9dias finais confirmadas e indica os candidatos convocados para a pr\u00f3xima etapa, que \u00e9 a banca de heteroidentifica\u00e7\u00e3o. Essa banca \u00e9 destinada aos candidatos que se autodeclararam pretos ou pardos no ato da inscri\u00e7\u00e3o e tem o objetivo de confirmar a veracidade da autodeclara\u00e7\u00e3o, conforme as normas de a\u00e7\u00f5es afirmativas do IF Baiano.<\/p>\n\n\n\n<p>\u00c9 importante que os convocados fiquem atentos \u00e0s orienta\u00e7\u00f5es e prazos divulgados junto \u00e0 lista de convoca\u00e7\u00e3o, pois o comparecimento \u00e0 banca \u00e9 obrigat\u00f3rio para valida\u00e7\u00e3o da vaga.<\/p>\n\n\n\n<p>O processo seletivo segue com as etapas previstas no edital e nos comunicados complementares, que podem ser acompanhados pelo site do IF Baiano.<\/p>\n\n\n\n<hr class=\"wp-block-separator has-alpha-channel-opacity\" \/>\n","protected":false},"excerpt":{"rendered":"<p>O Instituto Federal Baiano (IF Baiano) \u2013 Campus Santa In\u00eas divulgou, nesta sexta-feira, 7 de novembro, o resultado final da an\u00e1lise do hist\u00f3rico escolar do Processo Seletivo 2026, a lista de candidatos convocados para a Banca de Heteroidentifica\u00e7\u00e3o para ingresso de novos estudantes nos Cursos T\u00e9cnicos Integrados (Agropecu\u00e1ria, Alimentos, Inform\u00e1tica e Zootecnia). A publica\u00e7\u00e3o segue [&hellip;]<\/p>\n","protected":false},"author":86,"featured_media":26086,"comment_status":"closed","ping_status":"closed","sticky":false,"template":"","format":"standard","meta":[],"categories":[4,5,8,57],"tags":[],"_links":{"self":[{"href":"https:\/\/www.ifbaiano.edu.br\/unidades\/santaines\/wp-json\/wp\/v2\/posts\/26231"}],"collection":[{"href":"https:\/\/www.ifbaiano.edu.br\/unidades\/santaines\/wp-json\/wp\/v2\/posts"}],"about":[{"href":"https:\/\/www.ifbaiano.edu.br\/unidades\/santaines\/wp-json\/wp\/v2\/types\/post"}],"author":[{"embeddable":true,"href":"https:\/\/www.ifbaiano.edu.br\/unidades\/santaines\/wp-json\/wp\/v2\/users\/86"}],"replies":[{"embeddable":true,"href":"https:\/\/www.ifbaiano.edu.br\/unidades\/santaines\/wp-json\/wp\/v2\/comments?post=26231"}],"version-history":[{"count":4,"href":"https:\/\/www.ifbaiano.edu.br\/unidades\/santaines\/wp-json\/wp\/v2\/posts\/26231\/revisions"}],"predecessor-version":[{"id":26238,"href":"https:\/\/www.ifbaiano.edu.br\/unidades\/santaines\/wp-json\/wp\/v2\/posts\/26231\/revisions\/26238"}],"wp:featuredmedia":[{"embeddable":true,"href":"https:\/\/www.ifbaiano.edu.br\/unidades\/santaines\/wp-json\/wp\/v2\/media\/26086"}],"wp:attachment":[{"href":"https:\/\/www.ifbaiano.edu.br\/unidades\/santaines\/wp-json\/wp\/v2\/media?parent=26231"}],"wp:term":[{"taxonomy":"category","embeddable":true,"href":"https:\/\/www.ifbaiano.edu.br\/unidades\/santaines\/wp-json\/wp\/v2\/categories?post=26231"},{"taxonomy":"post_tag","embeddable":true,"href":"https:\/\/www.ifbaiano.edu.br\/unidades\/santaines\/wp-json\/wp\/v2\/tags?post=26231"}],"curies":[{"name":"wp","href":"https:\/\/api.w.org\/{rel}","templated":true}]}}