{"id":26250,"date":"2025-11-10T16:19:24","date_gmt":"2025-11-10T19:19:24","guid":{"rendered":"https:\/\/www.ifbaiano.edu.br\/unidades\/santaines\/?p=26250"},"modified":"2025-11-11T07:34:37","modified_gmt":"2025-11-11T10:34:37","slug":"congresso-das-entidades-de-base-ceb-reune-estudantes-do-if-baiano-para-fortalecer-o-movimento-estudantil","status":"publish","type":"post","link":"https:\/\/www.ifbaiano.edu.br\/unidades\/santaines\/congresso-das-entidades-de-base-ceb-reune-estudantes-do-if-baiano-para-fortalecer-o-movimento-estudantil\/","title":{"rendered":"Movimento estudantil do Campus Santa In\u00eas fortalece protagonismo no III Congresso das Entidades de Base (CEB) do IF Baiano"},"content":{"rendered":"\n<p>Nos dias 4 e 5 de novembro, o Instituto Federal Baiano (IF Baiano) sediou, na Unidade Administrativa Jo\u00e3o Batista, em Salvador, o VIII Congresso das Entidades de Base (CEB). Organizado pelo movimento estudantil, o evento reuniu cerca de 100 participantes, entre representantes de Centros Acad\u00eamicos, Gr\u00eamios Estudantis, lideran\u00e7as discentes e servidores de todos os 14 campi da institui\u00e7\u00e3o.<\/p>\n\n\n\n<figure class=\"wp-block-gallery has-nested-images columns-default is-cropped wp-block-gallery-1 is-layout-flex\">\n<figure class=\"wp-block-image size-large\"><a href=\"https:\/\/www.ifbaiano.edu.br\/unidades\/santaines\/files\/2025\/11\/1940-bc98effb-ece4-4617-a4eb-e33ef3cbb99c.webp\"><img decoding=\"async\" loading=\"lazy\" width=\"1024\" height=\"699\" data-id=\"26255\"  src=\"https:\/\/www.ifbaiano.edu.br\/unidades\/santaines\/files\/2025\/11\/1940-bc98effb-ece4-4617-a4eb-e33ef3cbb99c-1024x699.webp\" alt=\"\" class=\"wp-image-26255\" srcset=\"https:\/\/www.ifbaiano.edu.br\/unidades\/santaines\/files\/2025\/11\/1940-bc98effb-ece4-4617-a4eb-e33ef3cbb99c-1024x699.webp 1024w, https:\/\/www.ifbaiano.edu.br\/unidades\/santaines\/files\/2025\/11\/1940-bc98effb-ece4-4617-a4eb-e33ef3cbb99c-300x205.webp 300w, https:\/\/www.ifbaiano.edu.br\/unidades\/santaines\/files\/2025\/11\/1940-bc98effb-ece4-4617-a4eb-e33ef3cbb99c-768x524.webp 768w, https:\/\/www.ifbaiano.edu.br\/unidades\/santaines\/files\/2025\/11\/1940-bc98effb-ece4-4617-a4eb-e33ef3cbb99c-100x68.webp 100w, https:\/\/www.ifbaiano.edu.br\/unidades\/santaines\/files\/2025\/11\/1940-bc98effb-ece4-4617-a4eb-e33ef3cbb99c.webp 1058w\" sizes=\"(max-width: 1024px) 100vw, 1024px\" \/><\/a><\/figure>\n<\/figure>\n\n\n\n<p>A abertura do congresso contou com a presen\u00e7a da deputada federal <strong>Alice Portugal<\/strong> e do reitor do IF Baiano, <strong>A\u00e9cio Jos\u00e9 Ara\u00fajo Passos Duarte<\/strong><strong>,<\/strong> que destacaram a import\u00e2ncia da participa\u00e7\u00e3o da juventude na defesa dos direitos sociais e da educa\u00e7\u00e3o p\u00fablica. A Diretora-geral do Campus Santa In\u00eas, <strong>Genilda Lima<\/strong><strong>,<\/strong> tamb\u00e9m esteve presente, juntamente com demais gestores da institui\u00e7\u00e3o, refor\u00e7ando o compromisso das dire\u00e7\u00f5es com o di\u00e1logo e o fortalecimento do movimento estudantil.<\/p>\n\n\n\n<p>Durante o encontro, foram realizados momentos de forma\u00e7\u00e3o, escuta, debates e delibera\u00e7\u00e3o coletiva, com foco na constru\u00e7\u00e3o de estrat\u00e9gias conjuntas em defesa da educa\u00e7\u00e3o p\u00fablica, inclusiva e democr\u00e1tica. De acordo com <strong>Anderson Sousa<\/strong>, presidente do Diret\u00f3rio Central dos Estudantes (DCE), o CEB se consolidou como \u201cum espa\u00e7o de di\u00e1logo, forma\u00e7\u00e3o e delibera\u00e7\u00e3o entre estudantes, com trocas de experi\u00eancias e constru\u00e7\u00e3o coletiva para o fortalecimento do movimento estudantil\u201d. Ele destacou ainda que o evento trouxe acolhimento, aprendizados e refor\u00e7ou o sentimento de pertencimento e motiva\u00e7\u00e3o para continuidade da luta por melhorias.<\/p>\n\n\n\n<p>Ao longo dos dois dias de atividades, foram discutidos temas como assist\u00eancia estudantil, inclus\u00e3o, alimenta\u00e7\u00e3o, reivindica\u00e7\u00f5es estudantis e o fortalecimento do ensino, pesquisa e extens\u00e3o. As reuni\u00f5es e rodas de conversa favoreceram o planejamento de a\u00e7\u00f5es conjuntas voltadas \u00e0 perman\u00eancia e ao \u00eaxito dos estudantes, considerando as diferentes realidades dos campi.<\/p>\n\n\n\n<p>Para <strong>Lucas Queiroz Nunes<\/strong>, presidente do Gr\u00eamio Estudantil Carlos Lamarca, o congresso representou um importante exerc\u00edcio de unidade. \u201cFoi um ambiente de debate, de negocia\u00e7\u00e3o e de cuidado. Quando nos sentamos entre os nossos e buscamos juntos solu\u00e7\u00f5es, percebemos o quanto a uni\u00e3o entre os estudantes \u00e9 eficiente\u201d, afirmou.<\/p>\n\n\n\n<p>A maturidade pol\u00edtica do encontro tamb\u00e9m foi destacada por <strong>Giuliah Alba<\/strong><strong>,<\/strong> secret\u00e1ria-geral do Colegiado Acad\u00eamico de Zootecnia (CAZOO). \u201cFoi extremamente positivo testemunhar a for\u00e7a da organiza\u00e7\u00e3o de base. O evento foi harmonioso, marcado pela troca respeitosa de ideias e pela unidade em torno de objetivos comuns\u201d, avaliou.<\/p>\n\n\n\n<p>Para a Diretora Geral do Campus Santa In\u00eas, <strong>Genilda Lima<\/strong>, \u201cParticipar do CEB \u00e9 reconhecer a for\u00e7a do protagonismo estudantil no processo de constru\u00e7\u00e3o institucional. Esses espa\u00e7os de encontro e di\u00e1logo ampliam a consci\u00eancia coletiva e fortalecem a forma\u00e7\u00e3o cidad\u00e3. Ver estudantes debatendo, organizando e construindo caminhos reafirma o sentido de existir do IF Baiano enquanto espa\u00e7o democr\u00e1tico, inclusivo e transformador.\u201d<\/p>\n\n\n\n<p>Ao final do congresso, o depoimento da estudante <strong>Ana Rute Borges<\/strong>, coordenadora de finan\u00e7as e patrim\u00f4nio do DCE e vice-presidenta do Centro Acad\u00eamico de Biologia (CABio), refor\u00e7ou o sentido coletivo do encontro:<\/p>\n\n\n\n<p>\u201cO VIII CEB mostrou que o movimento estudantil precisa da participa\u00e7\u00e3o e colabora\u00e7\u00e3o de todos \u2014 estudantes, diretores, pr\u00f3-reitores e o reitor. As mesas-redondas compartilharam experi\u00eancias e esclareceram quest\u00f5es da nossa realidade. O Encontro de Mulheres, por exemplo, nos fez refletir sobre como o movimento pode ser aliado na luta das mulheres que enfrentam desafios diariamente. Participar desses momentos refor\u00e7a a import\u00e2ncia de estarmos juntos, com prop\u00f3sito, consci\u00eancia e vontade de transformar.\u201d<\/p>\n\n\n\n<p>O Congresso das Entidades de Base reafirmou o IF Baiano como um espa\u00e7o de di\u00e1logo vivo, participa\u00e7\u00e3o democr\u00e1tica e protagonismo estudantil, fortalecendo a representa\u00e7\u00e3o discente e contribuindo para a constru\u00e7\u00e3o de uma institui\u00e7\u00e3o cada vez mais coletiva e inclusiva.<\/p>\n\n\n\n<figure class=\"wp-block-gallery has-nested-images columns-default is-cropped wp-block-gallery-3 is-layout-flex\">\n<figure class=\"wp-block-image size-large\"><a href=\"https:\/\/www.ifbaiano.edu.br\/unidades\/santaines\/files\/2025\/11\/1939-75c7bec7-b438-4946-9d31-fd8c0fbf7ae9.webp\"><img decoding=\"async\" loading=\"lazy\" width=\"1024\" height=\"463\" data-id=\"26253\"  src=\"https:\/\/www.ifbaiano.edu.br\/unidades\/santaines\/files\/2025\/11\/1939-75c7bec7-b438-4946-9d31-fd8c0fbf7ae9-1024x463.webp\" alt=\"\" class=\"wp-image-26253\" srcset=\"https:\/\/www.ifbaiano.edu.br\/unidades\/santaines\/files\/2025\/11\/1939-75c7bec7-b438-4946-9d31-fd8c0fbf7ae9-1024x463.webp 1024w, https:\/\/www.ifbaiano.edu.br\/unidades\/santaines\/files\/2025\/11\/1939-75c7bec7-b438-4946-9d31-fd8c0fbf7ae9-300x136.webp 300w, https:\/\/www.ifbaiano.edu.br\/unidades\/santaines\/files\/2025\/11\/1939-75c7bec7-b438-4946-9d31-fd8c0fbf7ae9-768x347.webp 768w, https:\/\/www.ifbaiano.edu.br\/unidades\/santaines\/files\/2025\/11\/1939-75c7bec7-b438-4946-9d31-fd8c0fbf7ae9-100x45.webp 100w, https:\/\/www.ifbaiano.edu.br\/unidades\/santaines\/files\/2025\/11\/1939-75c7bec7-b438-4946-9d31-fd8c0fbf7ae9.webp 1035w\" sizes=\"(max-width: 1024px) 100vw, 1024px\" \/><\/a><\/figure>\n\n\n\n<figure class=\"wp-block-image size-large\"><a href=\"https:\/\/www.ifbaiano.edu.br\/unidades\/santaines\/files\/2025\/11\/1937-c6736677-dd1b-4fc3-8d68-2857771d8769.webp\"><img decoding=\"async\" loading=\"lazy\" width=\"1024\" height=\"576\" data-id=\"26252\"  src=\"https:\/\/www.ifbaiano.edu.br\/unidades\/santaines\/files\/2025\/11\/1937-c6736677-dd1b-4fc3-8d68-2857771d8769-1024x576.webp\" alt=\"\" class=\"wp-image-26252\" srcset=\"https:\/\/www.ifbaiano.edu.br\/unidades\/santaines\/files\/2025\/11\/1937-c6736677-dd1b-4fc3-8d68-2857771d8769-1024x576.webp 1024w, https:\/\/www.ifbaiano.edu.br\/unidades\/santaines\/files\/2025\/11\/1937-c6736677-dd1b-4fc3-8d68-2857771d8769-300x169.webp 300w, https:\/\/www.ifbaiano.edu.br\/unidades\/santaines\/files\/2025\/11\/1937-c6736677-dd1b-4fc3-8d68-2857771d8769-768x432.webp 768w, https:\/\/www.ifbaiano.edu.br\/unidades\/santaines\/files\/2025\/11\/1937-c6736677-dd1b-4fc3-8d68-2857771d8769-1536x864.webp 1536w, https:\/\/www.ifbaiano.edu.br\/unidades\/santaines\/files\/2025\/11\/1937-c6736677-dd1b-4fc3-8d68-2857771d8769-100x56.webp 100w, https:\/\/www.ifbaiano.edu.br\/unidades\/santaines\/files\/2025\/11\/1937-c6736677-dd1b-4fc3-8d68-2857771d8769.webp 1920w\" sizes=\"(max-width: 1024px) 100vw, 1024px\" \/><\/a><\/figure>\n\n\n\n<figure class=\"wp-block-image size-large\"><a href=\"https:\/\/www.ifbaiano.edu.br\/unidades\/santaines\/files\/2025\/11\/1935-b4a4818f-db9b-4313-a634-0ec024ce3c94.webp\"><img decoding=\"async\" loading=\"lazy\" width=\"1024\" height=\"478\" data-id=\"26251\"  src=\"https:\/\/www.ifbaiano.edu.br\/unidades\/santaines\/files\/2025\/11\/1935-b4a4818f-db9b-4313-a634-0ec024ce3c94-1024x478.webp\" alt=\"\" class=\"wp-image-26251\" srcset=\"https:\/\/www.ifbaiano.edu.br\/unidades\/santaines\/files\/2025\/11\/1935-b4a4818f-db9b-4313-a634-0ec024ce3c94-1024x478.webp 1024w, https:\/\/www.ifbaiano.edu.br\/unidades\/santaines\/files\/2025\/11\/1935-b4a4818f-db9b-4313-a634-0ec024ce3c94-300x140.webp 300w, https:\/\/www.ifbaiano.edu.br\/unidades\/santaines\/files\/2025\/11\/1935-b4a4818f-db9b-4313-a634-0ec024ce3c94-768x359.webp 768w, https:\/\/www.ifbaiano.edu.br\/unidades\/santaines\/files\/2025\/11\/1935-b4a4818f-db9b-4313-a634-0ec024ce3c94-1536x717.webp 1536w, https:\/\/www.ifbaiano.edu.br\/unidades\/santaines\/files\/2025\/11\/1935-b4a4818f-db9b-4313-a634-0ec024ce3c94-100x47.webp 100w, https:\/\/www.ifbaiano.edu.br\/unidades\/santaines\/files\/2025\/11\/1935-b4a4818f-db9b-4313-a634-0ec024ce3c94.webp 1600w\" sizes=\"(max-width: 1024px) 100vw, 1024px\" \/><\/a><\/figure>\n\n\n\n<figure class=\"wp-block-image size-large\"><a href=\"https:\/\/www.ifbaiano.edu.br\/unidades\/santaines\/files\/2025\/11\/1939-01aeeff6-c7de-4393-8f00-228ae65c7295.webp\"><img decoding=\"async\" loading=\"lazy\" width=\"1024\" height=\"571\" data-id=\"26254\"  src=\"https:\/\/www.ifbaiano.edu.br\/unidades\/santaines\/files\/2025\/11\/1939-01aeeff6-c7de-4393-8f00-228ae65c7295-1024x571.webp\" alt=\"\" class=\"wp-image-26254\" srcset=\"https:\/\/www.ifbaiano.edu.br\/unidades\/santaines\/files\/2025\/11\/1939-01aeeff6-c7de-4393-8f00-228ae65c7295-1024x571.webp 1024w, https:\/\/www.ifbaiano.edu.br\/unidades\/santaines\/files\/2025\/11\/1939-01aeeff6-c7de-4393-8f00-228ae65c7295-300x167.webp 300w, https:\/\/www.ifbaiano.edu.br\/unidades\/santaines\/files\/2025\/11\/1939-01aeeff6-c7de-4393-8f00-228ae65c7295-768x428.webp 768w, https:\/\/www.ifbaiano.edu.br\/unidades\/santaines\/files\/2025\/11\/1939-01aeeff6-c7de-4393-8f00-228ae65c7295-100x56.webp 100w, https:\/\/www.ifbaiano.edu.br\/unidades\/santaines\/files\/2025\/11\/1939-01aeeff6-c7de-4393-8f00-228ae65c7295.webp 1080w\" sizes=\"(max-width: 1024px) 100vw, 1024px\" \/><\/a><\/figure>\n\n\n\n<figure class=\"wp-block-image size-large\"><a href=\"https:\/\/www.ifbaiano.edu.br\/unidades\/santaines\/files\/2025\/11\/5401-600.webp\"><img decoding=\"async\" loading=\"lazy\" width=\"1024\" height=\"577\" data-id=\"26159\"  src=\"https:\/\/www.ifbaiano.edu.br\/unidades\/santaines\/files\/2025\/11\/5401-600-1024x577.webp\" alt=\"\" class=\"wp-image-26159\" srcset=\"https:\/\/www.ifbaiano.edu.br\/unidades\/santaines\/files\/2025\/11\/5401-600-1024x577.webp 1024w, https:\/\/www.ifbaiano.edu.br\/unidades\/santaines\/files\/2025\/11\/5401-600-300x169.webp 300w, https:\/\/www.ifbaiano.edu.br\/unidades\/santaines\/files\/2025\/11\/5401-600-768x433.webp 768w, https:\/\/www.ifbaiano.edu.br\/unidades\/santaines\/files\/2025\/11\/5401-600-100x56.webp 100w, https:\/\/www.ifbaiano.edu.br\/unidades\/santaines\/files\/2025\/11\/5401-600.webp 1536w\" sizes=\"(max-width: 1024px) 100vw, 1024px\" \/><\/a><\/figure>\n<\/figure>\n\n\n\n<hr class=\"wp-block-separator has-alpha-channel-opacity\" \/>\n","protected":false},"excerpt":{"rendered":"<p>Nos dias 4 e 5 de novembro, o Instituto Federal Baiano (IF Baiano) sediou, na Unidade Administrativa Jo\u00e3o Batista, em Salvador, o VIII Congresso das Entidades de Base (CEB). Organizado pelo movimento estudantil, o evento reuniu cerca de 100 participantes, entre representantes de Centros Acad\u00eamicos, Gr\u00eamios Estudantis, lideran\u00e7as discentes e servidores de todos os 14 [&hellip;]<\/p>\n","protected":false},"author":86,"featured_media":26254,"comment_status":"closed","ping_status":"closed","sticky":false,"template":"","format":"standard","meta":[],"categories":[4,57],"tags":[],"_links":{"self":[{"href":"https:\/\/www.ifbaiano.edu.br\/unidades\/santaines\/wp-json\/wp\/v2\/posts\/26250"}],"collection":[{"href":"https:\/\/www.ifbaiano.edu.br\/unidades\/santaines\/wp-json\/wp\/v2\/posts"}],"about":[{"href":"https:\/\/www.ifbaiano.edu.br\/unidades\/santaines\/wp-json\/wp\/v2\/types\/post"}],"author":[{"embeddable":true,"href":"https:\/\/www.ifbaiano.edu.br\/unidades\/santaines\/wp-json\/wp\/v2\/users\/86"}],"replies":[{"embeddable":true,"href":"https:\/\/www.ifbaiano.edu.br\/unidades\/santaines\/wp-json\/wp\/v2\/comments?post=26250"}],"version-history":[{"count":3,"href":"https:\/\/www.ifbaiano.edu.br\/unidades\/santaines\/wp-json\/wp\/v2\/posts\/26250\/revisions"}],"predecessor-version":[{"id":26265,"href":"https:\/\/www.ifbaiano.edu.br\/unidades\/santaines\/wp-json\/wp\/v2\/posts\/26250\/revisions\/26265"}],"wp:featuredmedia":[{"embeddable":true,"href":"https:\/\/www.ifbaiano.edu.br\/unidades\/santaines\/wp-json\/wp\/v2\/media\/26254"}],"wp:attachment":[{"href":"https:\/\/www.ifbaiano.edu.br\/unidades\/santaines\/wp-json\/wp\/v2\/media?parent=26250"}],"wp:term":[{"taxonomy":"category","embeddable":true,"href":"https:\/\/www.ifbaiano.edu.br\/unidades\/santaines\/wp-json\/wp\/v2\/categories?post=26250"},{"taxonomy":"post_tag","embeddable":true,"href":"https:\/\/www.ifbaiano.edu.br\/unidades\/santaines\/wp-json\/wp\/v2\/tags?post=26250"}],"curies":[{"name":"wp","href":"https:\/\/api.w.org\/{rel}","templated":true}]}}