{"id":26302,"date":"2025-11-13T08:02:38","date_gmt":"2025-11-13T11:02:38","guid":{"rendered":"https:\/\/www.ifbaiano.edu.br\/unidades\/santaines\/?p=26302"},"modified":"2025-11-13T08:03:58","modified_gmt":"2025-11-13T11:03:58","slug":"if-baiano-firma-parceria-para-ampliar-acoes-de-qualidade-de-vida","status":"publish","type":"post","link":"https:\/\/www.ifbaiano.edu.br\/unidades\/santaines\/if-baiano-firma-parceria-para-ampliar-acoes-de-qualidade-de-vida\/","title":{"rendered":"IF Baiano firma parceria para ampliar a\u00e7\u00f5es de qualidade de vida"},"content":{"rendered":"\n<p>Servidores e colaboradores do Instituto Federal Baiano (IF Baiano) passam a contar com uma nova ferramenta de promo\u00e7\u00e3o \u00e0 sa\u00fade e ao bem-estar. A institui\u00e7\u00e3o firmou parceria com a Wellhub (antigo Gympass), \u2014 plataforma que oferece acesso a academias, aulas presenciais, terapias e conte\u00fados voltados ao equil\u00edbrio f\u00edsico e mental.<\/p>\n\n\n\n<p>Com a novidade, ser\u00e1 poss\u00edvel escolher entre centenas de academias credenciadas e modalidades diversas, como yoga, pilates, dan\u00e7a e muscula\u00e7\u00e3o, al\u00e9m de ter acesso a apoio psicol\u00f3gico online, conte\u00fados sobre alimenta\u00e7\u00e3o saud\u00e1vel e pr\u00e1ticas de autocuidado, tudo de forma pr\u00e1tica pelo celular.<br>A iniciativa integra as a\u00e7\u00f5es da Coordena\u00e7\u00e3o de Aten\u00e7\u00e3o \u00e0 Sa\u00fade e Qualidade de Vida (COASQ) e busca incentivar h\u00e1bitos mais saud\u00e1veis, ampliando o acesso a servi\u00e7os de cuidado integral.<\/p>\n\n\n\n<p>\u201cO Wellhub chega para fortalecer o cuidado com quem trabalha na institui\u00e7\u00e3o. A ideia \u00e9 oferecer aos servidores e colaboradores ferramentas que favore\u00e7am a manuten\u00e7\u00e3o da sa\u00fade f\u00edsica e mental, de forma acess\u00edvel e personalizada\u201d, explica Marcela Sacramento, coordenadora da COASQ. <\/p>\n\n\n\n<p>A diretora de Gest\u00e3o de Pessoas, Luciana Cleide Damasceno, refor\u00e7a que a parceria \u00e9 um passo importante para tornar o cuidado com a sa\u00fade parte da rotina profissional. \u201cMais do que um benef\u00edcio, o acesso \u00e0 Wellhub \u00e9 um convite para que cada servidor encontre tempo e incentivo para cuidar de si. Um servidor saud\u00e1vel \u00e9 tamb\u00e9m um servidor mais feliz e produtivo\u201d, afirma.<\/p>\n\n\n\n<p>A equipe da COASQ j\u00e1 est\u00e1 em treinamento para realizar os cadastros e, em breve, ser\u00e3o divulgadas as orienta\u00e7\u00f5es para ades\u00e3o \u00e0 plataforma.<\/p>\n\n\n\n<hr class=\"wp-block-separator has-alpha-channel-opacity\" \/>\n","protected":false},"excerpt":{"rendered":"<p>Servidores e colaboradores do Instituto Federal Baiano (IF Baiano) passam a contar com uma nova ferramenta de promo\u00e7\u00e3o \u00e0 sa\u00fade e ao bem-estar. A institui\u00e7\u00e3o firmou parceria com a Wellhub (antigo Gympass), \u2014 plataforma que oferece acesso a academias, aulas presenciais, terapias e conte\u00fados voltados ao equil\u00edbrio f\u00edsico e mental. Com a novidade, ser\u00e1 poss\u00edvel [&hellip;]<\/p>\n","protected":false},"author":86,"featured_media":26303,"comment_status":"closed","ping_status":"closed","sticky":false,"template":"","format":"standard","meta":[],"categories":[38,57],"tags":[],"_links":{"self":[{"href":"https:\/\/www.ifbaiano.edu.br\/unidades\/santaines\/wp-json\/wp\/v2\/posts\/26302"}],"collection":[{"href":"https:\/\/www.ifbaiano.edu.br\/unidades\/santaines\/wp-json\/wp\/v2\/posts"}],"about":[{"href":"https:\/\/www.ifbaiano.edu.br\/unidades\/santaines\/wp-json\/wp\/v2\/types\/post"}],"author":[{"embeddable":true,"href":"https:\/\/www.ifbaiano.edu.br\/unidades\/santaines\/wp-json\/wp\/v2\/users\/86"}],"replies":[{"embeddable":true,"href":"https:\/\/www.ifbaiano.edu.br\/unidades\/santaines\/wp-json\/wp\/v2\/comments?post=26302"}],"version-history":[{"count":2,"href":"https:\/\/www.ifbaiano.edu.br\/unidades\/santaines\/wp-json\/wp\/v2\/posts\/26302\/revisions"}],"predecessor-version":[{"id":26306,"href":"https:\/\/www.ifbaiano.edu.br\/unidades\/santaines\/wp-json\/wp\/v2\/posts\/26302\/revisions\/26306"}],"wp:featuredmedia":[{"embeddable":true,"href":"https:\/\/www.ifbaiano.edu.br\/unidades\/santaines\/wp-json\/wp\/v2\/media\/26303"}],"wp:attachment":[{"href":"https:\/\/www.ifbaiano.edu.br\/unidades\/santaines\/wp-json\/wp\/v2\/media?parent=26302"}],"wp:term":[{"taxonomy":"category","embeddable":true,"href":"https:\/\/www.ifbaiano.edu.br\/unidades\/santaines\/wp-json\/wp\/v2\/categories?post=26302"},{"taxonomy":"post_tag","embeddable":true,"href":"https:\/\/www.ifbaiano.edu.br\/unidades\/santaines\/wp-json\/wp\/v2\/tags?post=26302"}],"curies":[{"name":"wp","href":"https:\/\/api.w.org\/{rel}","templated":true}]}}