{"id":26336,"date":"2025-11-24T08:16:30","date_gmt":"2025-11-24T11:16:30","guid":{"rendered":"https:\/\/www.ifbaiano.edu.br\/unidades\/santaines\/?p=26336"},"modified":"2025-11-24T16:57:12","modified_gmt":"2025-11-24T19:57:12","slug":"campus-santa-ines-debate-mudancas-climaticas-e-planeta-agua-na-22a-semana-nacional-de-ciencia-e-tecnologia","status":"publish","type":"post","link":"https:\/\/www.ifbaiano.edu.br\/unidades\/santaines\/campus-santa-ines-debate-mudancas-climaticas-e-planeta-agua-na-22a-semana-nacional-de-ciencia-e-tecnologia\/","title":{"rendered":"Campus Santa In\u00eas debate mudan\u00e7as clim\u00e1ticas e \u201cPlaneta \u00c1gua\u201d na 22\u00aa Semana Nacional de Ci\u00eancia e Tecnologia"},"content":{"rendered":"\n<p>Entre os dias<strong>25 e 27 de novembro de 2025<\/strong>\u00a0(de ter\u00e7a a quinta-feira), o Instituto Federal Baiano \u2013 Campus Santa In\u00eas abrir\u00e1 suas portas para a realiza\u00e7\u00e3o da\u00a0<strong>22\u00aa Semana Nacional de Ci\u00eancia e Tecnologia (SNCT)<\/strong>. Com o tema\u00a0<em>\u201cPlaneta \u00c1gua: cultura oce\u00e2nica para enfrentar as mudan\u00e7as clim\u00e1ticas no meu territ\u00f3rio\u201d<\/em>, o evento busca conectar quest\u00f5es ambientais globais com a realidade local do Vale do Jiquiri\u00e7\u00e1.<\/p>\n\n\n\n<p>As atividades visam integrar alunos, servidores, colaboradores em torno da ci\u00eancia, sustentabilidade e cultura, ocupando diferentes espa\u00e7os do campus, como o Pavilh\u00e3o dos Cursos Superiores e o pavilh\u00e3o de Agropecu\u00e1ria.<\/p>\n\n\n\n<h3 class=\"wp-block-heading\">Ter\u00e7a-feira: Abertura com talentos da casa<\/h3>\n\n\n\n<p>A programa\u00e7\u00e3o come\u00e7a na noite de <strong>ter\u00e7a-feira (25\/11)<\/strong>, \u00e0s<strong> 19h30<\/strong>, com uma Roda de Conversa que promete ser inspiradora no Audit\u00f3rio. O encontro \u00e9 voltado para servidores, colaboradores e estudantes, com destaque especial para a participa\u00e7\u00e3o dos alunos dos cursos superiores e alunos do Ensino M\u00e9dio, principalmente os residentes no campus.<\/p>\n\n\n\n<p>A mesa redonda reunir\u00e1 diferentes vis\u00f5es sobre a ci\u00eancia e a educa\u00e7\u00e3o, com as presen\u00e7as confirmadas da\u00a0<strong>Professora Adriana Concei\u00e7\u00e3o<\/strong> e da T\u00e9cnica em Laborat\u00f3rio <strong>Fabiane Barreto<\/strong>.<\/p>\n\n\n\n<p>Um dos momentos mais aguardados da noite ser\u00e1 a participa\u00e7\u00e3o do egresso do curso de Licenciatura em Ci\u00eancias Biol\u00f3gicas,<strong> Professor Rafael da Silva Santos<\/strong>, acompanhado de seu orientado, o estudante <strong>Jo\u00e3o Ferreira Santos<\/strong>. Jo\u00e3o ganhou destaque nacional ao vencer o concurso de reda\u00e7\u00e3o do Senado Federal, tornando-se um <strong>Jovem Senador<\/strong>. A dupla compartilhar\u00e1 experi\u00eancias sobre como a educa\u00e7\u00e3o cient\u00edfica pode transformar vidas. O encerramento do dia est\u00e1 previsto para as 23h.<\/p>\n\n\n\n<h3 class=\"wp-block-heading\">Quarta-feira: A estreia da I Feira de Ci\u00eancias<\/h3>\n\n\n\n<p>A grande novidade da programa\u00e7\u00e3o acontece na\u00a0<strong>quarta-feira (26\/11)<\/strong>, com a realiza\u00e7\u00e3o da\u00a0<strong>I Feira de Ci\u00eancias<\/strong>, que traz o tema <em>&#8220;Emerg\u00eancia clim\u00e1tica e direitos da natureza&#8221;<\/em>.<\/p>\n\n\n\n<p>Organizada pelos professores da \u00e1rea de Ci\u00eancias da Natureza e Matem\u00e1tica, a feira ocupar\u00e1 o\u00a0<strong>Pavilh\u00e3o de Agropecu\u00e1ria<\/strong>, das <strong>14h30 \u00e0s 17h30<\/strong>. O espa\u00e7o ser\u00e1 palco para a exposi\u00e7\u00e3o de trabalhos desenvolvidos ao longo do ano letivo de 2025 pelos estudantes dos Cursos T\u00e9cnicos Integrados ao Ensino M\u00e9dio (Agropecu\u00e1ria, Alimentos, Inform\u00e1tica e Zootecnia). \u00c9 uma oportunidade para a comunidade ver de perto a aplica\u00e7\u00e3o pr\u00e1tica do conhecimento produzido em sala de aula voltado para solu\u00e7\u00f5es ambientais.<\/p>\n\n\n\n<h3 class=\"wp-block-heading\">Quinta-feira: Um dia inteiro de atividades<\/h3>\n\n\n\n<p><strong>Quinta-feira (27\/11)<\/strong>, a programa\u00e7\u00e3o retorna com for\u00e7a total a partir das <strong>8h da manh\u00e3<\/strong> no Pavilh\u00e3o dos Cursos Superiores. O dia ser\u00e1 dedicado \u00e0 pr\u00e1tica e \u00e0 demonstra\u00e7\u00e3o do conhecimento.<\/p>\n\n\n\n<p>Durante a manh\u00e3, os visitantes poder\u00e3o conferir estandes interativos, participar de oficinas pr\u00e1ticas e prestigiar a exposi\u00e7\u00e3o de trabalhos cient\u00edficos. No per\u00edodo da tarde, a feira continua com a visita\u00e7\u00e3o aos estandes, somada a uma programa\u00e7\u00e3o de atividades culturais, refor\u00e7ando que ci\u00eancia e arte caminham juntas.<\/p>\n\n\n\n<p>O evento \u00e9 uma oportunidade imperd\u00edvel para quem deseja entender melhor como as mudan\u00e7as clim\u00e1ticas afetam o nosso dia a dia e o que podemos fazer para preservar o nosso &#8220;Planeta \u00c1gua&#8221;.<\/p>\n\n\n\n<hr class=\"wp-block-separator has-alpha-channel-opacity\" \/>\n","protected":false},"excerpt":{"rendered":"<p>Evento acontece de 25 a 27 de novembro e contar\u00e1 com a I Feira de Ci\u00eancias, oficinas e a presen\u00e7a de destaque do vencedor do projeto Jovem Senador.<\/p>\n","protected":false},"author":86,"featured_media":26337,"comment_status":"closed","ping_status":"closed","sticky":false,"template":"","format":"standard","meta":[],"categories":[4,38,19,12,13,5,37,57],"tags":[],"_links":{"self":[{"href":"https:\/\/www.ifbaiano.edu.br\/unidades\/santaines\/wp-json\/wp\/v2\/posts\/26336"}],"collection":[{"href":"https:\/\/www.ifbaiano.edu.br\/unidades\/santaines\/wp-json\/wp\/v2\/posts"}],"about":[{"href":"https:\/\/www.ifbaiano.edu.br\/unidades\/santaines\/wp-json\/wp\/v2\/types\/post"}],"author":[{"embeddable":true,"href":"https:\/\/www.ifbaiano.edu.br\/unidades\/santaines\/wp-json\/wp\/v2\/users\/86"}],"replies":[{"embeddable":true,"href":"https:\/\/www.ifbaiano.edu.br\/unidades\/santaines\/wp-json\/wp\/v2\/comments?post=26336"}],"version-history":[{"count":4,"href":"https:\/\/www.ifbaiano.edu.br\/unidades\/santaines\/wp-json\/wp\/v2\/posts\/26336\/revisions"}],"predecessor-version":[{"id":26399,"href":"https:\/\/www.ifbaiano.edu.br\/unidades\/santaines\/wp-json\/wp\/v2\/posts\/26336\/revisions\/26399"}],"wp:featuredmedia":[{"embeddable":true,"href":"https:\/\/www.ifbaiano.edu.br\/unidades\/santaines\/wp-json\/wp\/v2\/media\/26337"}],"wp:attachment":[{"href":"https:\/\/www.ifbaiano.edu.br\/unidades\/santaines\/wp-json\/wp\/v2\/media?parent=26336"}],"wp:term":[{"taxonomy":"category","embeddable":true,"href":"https:\/\/www.ifbaiano.edu.br\/unidades\/santaines\/wp-json\/wp\/v2\/categories?post=26336"},{"taxonomy":"post_tag","embeddable":true,"href":"https:\/\/www.ifbaiano.edu.br\/unidades\/santaines\/wp-json\/wp\/v2\/tags?post=26336"}],"curies":[{"name":"wp","href":"https:\/\/api.w.org\/{rel}","templated":true}]}}