{"id":26400,"date":"2025-11-24T20:30:53","date_gmt":"2025-11-24T23:30:53","guid":{"rendered":"https:\/\/www.ifbaiano.edu.br\/unidades\/santaines\/?p=26400"},"modified":"2025-11-28T14:42:53","modified_gmt":"2025-11-28T17:42:53","slug":"campus-santa-ines-abre-selecao-para-bolsas-de-monitoria-confira-quem-pode-participar-como-se-inscrever-e-quais-sao-as-vagas-disponiveis","status":"publish","type":"post","link":"https:\/\/www.ifbaiano.edu.br\/unidades\/santaines\/campus-santa-ines-abre-selecao-para-bolsas-de-monitoria-confira-quem-pode-participar-como-se-inscrever-e-quais-sao-as-vagas-disponiveis\/","title":{"rendered":"Campus Santa In\u00eas abre sele\u00e7\u00e3o para bolsas de monitoria: confira quem pode participar, como se inscrever e quais s\u00e3o as vagas dispon\u00edveis"},"content":{"rendered":"\n<p>O IF Baiano \u2013 Campus Santa In\u00eas publicou o <strong><a href=\"https:\/\/www.ifbaiano.edu.br\/unidades\/santaines\/files\/2025\/11\/EDITAL-PROCESSO-SELETIVO-PARA-CONCESSAO-DE-BOLSAS-DE-MONITORIA.pdf\">Edital n\u00ba 35\/2025<\/a><\/strong>, que regulamenta o processo seletivo para concess\u00e3o de <strong>bolsas de monitoria<\/strong> voltadas aos Cursos T\u00e9cnicos Integrados ao Ensino M\u00e9dio e aos Cursos Superiores de Gradua\u00e7\u00e3o. O edital j\u00e1 est\u00e1 dispon\u00edvel e as inscri\u00e7\u00f5es ficam abertas <strong>de 26 a 30 de novembro de 2025<\/strong>.<\/p>\n\n\n\n<p>A sele\u00e7\u00e3o oferece <strong>7 bolsas<\/strong>, distribu\u00eddas entre os cursos de Licenciatura em Ci\u00eancias Biol\u00f3gicas, Bacharelado em Zootecnia e Cursos T\u00e9cnicos Integrados, com foco em disciplinas espec\u00edficas. A monitoria \u00e9 uma atividade acad\u00eamica reconhecida institucionalmente e tem como prop\u00f3sito fortalecer o processo de ensino aprendizagem, estimular o protagonismo discente e incentivar pr\u00e1ticas educativas integradas \u00e0 vida acad\u00eamica.<\/p>\n\n\n\n<p>Segundo o edital, o Campus Santa In\u00eas disp\u00f5e de <strong>7 bolsas de monitoria<\/strong>, com vig\u00eancia entre <strong>fevereiro de 2025 e dezembro de 2026<\/strong>. Cada bolsa tem valor mensal de <strong>R$ 300,00<\/strong> e dura\u00e7\u00e3o m\u00e1xima de <strong>10 meses<\/strong> ap\u00f3s assinatura do termo.<\/p>\n\n\n\n<p>A distribui\u00e7\u00e3o por curso \u00e9 a seguinte:<\/p>\n\n\n\n<ul>\n<li><strong>Bacharelado em Zootecnia:<\/strong> 4 vagas<\/li>\n\n\n\n<li><strong>Licenciatura em Ci\u00eancias Biol\u00f3gicas:<\/strong> 1 vaga<\/li>\n\n\n\n<li><strong>Cursos T\u00e9cnicos Integrados:<\/strong> 2 vagas<\/li>\n<\/ul>\n\n\n\n<p>Al\u00e9m das vagas com bolsa, candidatos classificados mas n\u00e3o contemplados poder\u00e3o atuar como <strong>monitores volunt\u00e1rios<\/strong>, caso haja acordo com o docente orientador.<\/p>\n\n\n\n<h2 class=\"wp-block-heading\"><strong>Quem pode se inscrever?<\/strong><\/h2>\n\n\n\n<p>Podem concorrer \u00e0s vagas estudantes <strong>regularmente matriculados<\/strong> no IF Baiano \u2013 Campus Santa In\u00eas que atendam aos seguintes requisitos:<\/p>\n\n\n\n<ul>\n<li>Ter sido <strong>aprovado<\/strong> anteriormente na disciplina para a qual deseja concorrer;<\/li>\n\n\n\n<li>Ter <strong>compatibilidade de hor\u00e1rios<\/strong> com as atividades de monitoria;<\/li>\n\n\n\n<li>N\u00e3o ter desistido de monitorias anteriores;<\/li>\n\n\n\n<li>N\u00e3o estar respondendo a <strong>processo disciplinar<\/strong>.<\/li>\n<\/ul>\n\n\n\n<p>Os candidatos devem apresentar:<\/p>\n\n\n\n<ul>\n<li>Formul\u00e1rio de inscri\u00e7\u00e3o preenchido (online);<\/li>\n\n\n\n<li>Hist\u00f3rico escolar emitido pelo SUAP;<\/li>\n\n\n\n<li>Documento oficial com foto;<\/li>\n\n\n\n<li>CPF<\/li>\n<\/ul>\n\n\n\n<p>As inscri\u00e7\u00f5es ser\u00e3o realizadas <strong><a href=\"https:\/\/forms.gle\/eWHrF45nUmVu1aZj7\">exclusivamente online<\/a><\/strong>, entre <strong>26 e 30 de novembro de 2025<\/strong>. Para interposi\u00e7\u00e3o de recursos em qualquer fase do processo, o candidato deve usar o <a href=\"https:\/\/forms.gle\/SaTvnySEtjYx8Aa26\">formul\u00e1rio pr\u00f3prio<\/a>.<\/p>\n\n\n\n<h2 class=\"wp-block-heading\"><strong>Como ser\u00e1 a sele\u00e7\u00e3o?<\/strong><\/h2>\n\n\n\n<p>A sele\u00e7\u00e3o consiste <strong>exclusivamente na an\u00e1lise do hist\u00f3rico escolar<\/strong>, conforme barema presente no edital. A nota final ser\u00e1 composta por: <strong>M\u00e9dia geral do hist\u00f3rico<\/strong> (peso m\u00e1ximo: 40 pontos); <strong>M\u00e9dia da disciplina da monitoria<\/strong> (peso m\u00e1ximo: 60 pontos). Em caso de empate, os crit\u00e9rios de desempate ser\u00e3o:<\/p>\n\n\n\n<ol>\n<li>Melhor desempenho na disciplina da monitoria;<\/li>\n\n\n\n<li>Maior idade;<\/li>\n\n\n\n<li>Experi\u00eancia anterior como monitor.<\/li>\n<\/ol>\n\n\n\n<p>Os candidatos devem acompanhar todas as publica\u00e7\u00f5es desse Processo Seletivo  no <a href=\"http:\/\/ifbaiano.edu.br\/unidades\/santaines\">site oficial do Campus<\/a>.<\/p>\n\n\n\n<h2 class=\"wp-block-heading\"><strong>Cronograma resumido<\/strong><\/h2>\n\n\n\n<ul>\n<li><strong>Inscri\u00e7\u00f5es:<\/strong> 26 a 30\/11\/2025<\/li>\n\n\n\n<li><strong>Homologa\u00e7\u00e3o das inscri\u00e7\u00f5es:<\/strong> 01\/12<\/li>\n\n\n\n<li><strong>Recursos:<\/strong> 02\/12<\/li>\n\n\n\n<li><strong>Per\u00edodo de sele\u00e7\u00e3o (an\u00e1lise):<\/strong> 04 a 05\/12<\/li>\n\n\n\n<li><strong>Resultado preliminar:<\/strong> 08\/12<\/li>\n\n\n\n<li><strong>Recursos:<\/strong> 09\/12<\/li>\n\n\n\n<li><strong>Resultado final:<\/strong> 11\/12<\/li>\n\n\n\n<li><strong>Assinatura do Termo de Compromisso:<\/strong> 12\/12\/2025 a 02\/02\/2026<\/li>\n<\/ul>\n\n\n\n<p><em>As datas podem sofrer altera\u00e7\u00f5es em caso de necessidade institucional.<\/em><\/p>\n\n\n\n<h2 class=\"wp-block-heading\"><strong>Como funciona a monitoria?<\/strong><\/h2>\n\n\n\n<p>Os monitores dever\u00e3o cumprir <strong>8 a 10 horas semanais<\/strong>, distribu\u00eddas entre:<\/p>\n\n\n\n<ul>\n<li>Atividades de sala e laborat\u00f3rio<\/li>\n\n\n\n<li>Atendimento a estudantes<\/li>\n\n\n\n<li>Planejamento com o docente orientador<\/li>\n\n\n\n<li>Registros e relat\u00f3rios peri\u00f3dicos<\/li>\n<\/ul>\n\n\n\n<p>A atua\u00e7\u00e3o n\u00e3o pode ocorrer em hor\u00e1rio de aula do estudante e deve ser compat\u00edvel com sua carga hor\u00e1ria oficial. Ao final das atividades, o monitor recebe <strong>certifica\u00e7\u00e3o institucional<\/strong>, o que contribui para seu percurso formativo.<\/p>\n\n\n\n<h2 class=\"wp-block-heading\"><strong>Precisa de ajuda ou tem d\u00favidas?<\/strong><\/h2>\n\n\n\n<p>A Comiss\u00e3o Local de Sele\u00e7\u00e3o disponibiliza o e-mail institucional para esclarecimentos: <strong><a>selecaomonitoria@si.ifbaiano.edu.br<\/a><\/strong><\/p>\n\n\n\n<h2 class=\"wp-block-heading\"><strong>Por que participar?<\/strong><\/h2>\n\n\n\n<p>A monitoria \u00e9 uma das experi\u00eancias acad\u00eamicas mais valorizadas dentro e fora do IF Baiano. Ela contribui para o desenvolvimento pessoal, fortalece a vida acad\u00eamica, amplia conhecimentos e pode ser um diferencial na forma\u00e7\u00e3o profissional e curricular do estudante. Se voc\u00ea se identifica com a disciplina, tem bom desempenho e deseja apoiar outros estudantes, esta \u00e9 uma oportunidade de ampliar seus horizontes dentro da institui\u00e7\u00e3o.<\/p>\n\n\n\n<hr class=\"wp-block-separator has-alpha-channel-opacity\" \/>\n","protected":false},"excerpt":{"rendered":"<p>O IF Baiano \u2013 Campus Santa In\u00eas publicou o Edital n\u00ba 35\/2025, que regulamenta o processo seletivo para concess\u00e3o de bolsas de monitoria voltadas aos Cursos T\u00e9cnicos Integrados ao Ensino M\u00e9dio e aos Cursos Superiores de Gradua\u00e7\u00e3o. O edital j\u00e1 est\u00e1 dispon\u00edvel e as inscri\u00e7\u00f5es ficam abertas de 26 a 30 de novembro de 2025. [&hellip;]<\/p>\n","protected":false},"author":86,"featured_media":26426,"comment_status":"closed","ping_status":"closed","sticky":false,"template":"","format":"standard","meta":[],"categories":[4,5,57],"tags":[],"_links":{"self":[{"href":"https:\/\/www.ifbaiano.edu.br\/unidades\/santaines\/wp-json\/wp\/v2\/posts\/26400"}],"collection":[{"href":"https:\/\/www.ifbaiano.edu.br\/unidades\/santaines\/wp-json\/wp\/v2\/posts"}],"about":[{"href":"https:\/\/www.ifbaiano.edu.br\/unidades\/santaines\/wp-json\/wp\/v2\/types\/post"}],"author":[{"embeddable":true,"href":"https:\/\/www.ifbaiano.edu.br\/unidades\/santaines\/wp-json\/wp\/v2\/users\/86"}],"replies":[{"embeddable":true,"href":"https:\/\/www.ifbaiano.edu.br\/unidades\/santaines\/wp-json\/wp\/v2\/comments?post=26400"}],"version-history":[{"count":1,"href":"https:\/\/www.ifbaiano.edu.br\/unidades\/santaines\/wp-json\/wp\/v2\/posts\/26400\/revisions"}],"predecessor-version":[{"id":26402,"href":"https:\/\/www.ifbaiano.edu.br\/unidades\/santaines\/wp-json\/wp\/v2\/posts\/26400\/revisions\/26402"}],"wp:featuredmedia":[{"embeddable":true,"href":"https:\/\/www.ifbaiano.edu.br\/unidades\/santaines\/wp-json\/wp\/v2\/media\/26426"}],"wp:attachment":[{"href":"https:\/\/www.ifbaiano.edu.br\/unidades\/santaines\/wp-json\/wp\/v2\/media?parent=26400"}],"wp:term":[{"taxonomy":"category","embeddable":true,"href":"https:\/\/www.ifbaiano.edu.br\/unidades\/santaines\/wp-json\/wp\/v2\/categories?post=26400"},{"taxonomy":"post_tag","embeddable":true,"href":"https:\/\/www.ifbaiano.edu.br\/unidades\/santaines\/wp-json\/wp\/v2\/tags?post=26400"}],"curies":[{"name":"wp","href":"https:\/\/api.w.org\/{rel}","templated":true}]}}