{"id":26404,"date":"2025-11-24T20:35:50","date_gmt":"2025-11-24T23:35:50","guid":{"rendered":"https:\/\/www.ifbaiano.edu.br\/unidades\/santaines\/?p=26404"},"modified":"2025-11-24T20:35:51","modified_gmt":"2025-11-24T23:35:51","slug":"jeif-2025-reunira-atletas-de-14-cidades-da-bahia-em-senhor-do-bonfim-e-movimentara-a-cidade-em-dezembro","status":"publish","type":"post","link":"https:\/\/www.ifbaiano.edu.br\/unidades\/santaines\/jeif-2025-reunira-atletas-de-14-cidades-da-bahia-em-senhor-do-bonfim-e-movimentara-a-cidade-em-dezembro\/","title":{"rendered":"JEIF 2025 reunir\u00e1 atletas de 14 cidades da Bahia em Senhor do Bonfim e movimentar\u00e1 a cidade em dezembro"},"content":{"rendered":"\n<p>Entre os dias&nbsp;<strong>1\u00ba e 6 de dezembro<\/strong>, a cidade de&nbsp;<strong>Senhor do Bonfim<\/strong>&nbsp;ser\u00e1 palco da edi\u00e7\u00e3o 2025 dos&nbsp;<strong>Jogos Escolares do IF Baiano (JEIF)<\/strong>, que reunir\u00e1&nbsp;<strong>quase 600 atletas<\/strong>&nbsp;de&nbsp;<strong>14 campi<\/strong>&nbsp;da institui\u00e7\u00e3o. Durante seis dias, estudantes de diferentes regi\u00f5es da Bahia participar\u00e3o de competi\u00e7\u00f5es em diversas modalidades, transformando o munic\u00edpio em um grande centro de integra\u00e7\u00e3o esportiva \u2014 e tamb\u00e9m em um polo de intensa movimenta\u00e7\u00e3o na rede hoteleira e no com\u00e9rcio local.<\/p>\n\n\n\n<p>As disputas envolver\u00e3o futsal, futebol 7, voleibol, v\u00f4lei de praia, handebol, basquete, atletismo, nata\u00e7\u00e3o, t\u00eanis de mesa e xadrez, sempre nas categorias feminina e masculina. Para o professor Nilton Santos, a amplitude esportiva reflete o compromisso institucional com a forma\u00e7\u00e3o integral dos jovens. Segundo ele, \u201ca diversidade de modalidades demonstra o compromisso do IFBaiano com o desenvolvimento dos estudantes e a valoriza\u00e7\u00e3o do esporte como ferramenta de forma\u00e7\u00e3o\u201d.<\/p>\n\n\n\n<p>Al\u00e9m de celebrarem o esporte, os jogos tamb\u00e9m t\u00eam um papel importante na trajet\u00f3ria dos atletas dentro da Rede Federal. \u00c9 no JEIF que s\u00e3o selecionados os estudantes que representar\u00e3o o Instituto no&nbsp;<strong>JIF 2026<\/strong>. \u201cO JIF \u00e9 considerado o maior marco esportivo poss\u00edvel para um atleta dentro da Rede Federal, especialmente para aqueles que chegam \u00e0 etapa nacional, vivenciando assim uma experi\u00eancia \u00fanica e inesquec\u00edvel. Todo esse processo come\u00e7a nos jogos internos de cada campus\u201d, destaca Nilton.<\/p>\n\n\n\n<p>Os participantes ficar\u00e3o hospedados em hot\u00e9is de Senhor do Bonfim e receber\u00e3o bolsas de manuten\u00e7\u00e3o durante todo o per\u00edodo, assegurando condi\u00e7\u00f5es adequadas de perman\u00eancia. O evento, que cresce a cada ano, tamb\u00e9m reconhece o esfor\u00e7o de docentes, gestores, motoristas, equipes de sa\u00fade e comunica\u00e7\u00e3o. \u201cParabenizamos todos os professores, professoras e volunt\u00e1rios que se dedicaram ao treinamento e acompanhamento das equipes, buscando sempre aprimorar o desempenho dos estudantes e conquistar o t\u00e3o sonhado primeiro lugar\u201d, ressalta Nilton.<\/p>\n\n\n\n<h3 class=\"wp-block-heading\"><strong>Jogos Acad\u00eamicos<\/strong><\/h3>\n\n\n\n<p>Atendendo a uma demanda hist\u00f3rica, o IF Baiano realizar\u00e1 ainda neste ano a&nbsp;<strong>primeira edi\u00e7\u00e3o dos Jogos Acad\u00eamicos<\/strong>, voltados exclusivamente aos estudantes dos cursos superiores e subsequentes. O evento acontecer\u00e1 nos dias&nbsp;<strong>12 e 13 de dezembro<\/strong>, em&nbsp;<strong>Ribeira do Pombal<\/strong>, reunindo integrantes de v\u00e1rios campi em competi\u00e7\u00f5es de futsal, futv\u00f4lei, voleibol, v\u00f4lei de praia, baleado, xadrez e domin\u00f3.<\/p>\n\n\n\n<p>A iniciativa nasceu de uma articula\u00e7\u00e3o dos pr\u00f3prios estudantes, que reivindicaram um espa\u00e7o de celebra\u00e7\u00e3o esportiva pr\u00f3prio \u2014 semelhante ao que j\u00e1 existia para os cursos integrados. Com apoio dos professores e da Reitoria, o evento foi inclu\u00eddo no calend\u00e1rio oficial do IF Baiano.<\/p>\n\n\n\n<p>Assim como no JEIF, os participantes dos Jogos Acad\u00eamicos receber\u00e3o bolsas para alimenta\u00e7\u00e3o e hospedagem, refor\u00e7ando a pol\u00edtica de igualdade de condi\u00e7\u00f5es entre todos os estudantes. A expectativa \u00e9 que o novo evento fortale\u00e7a os v\u00ednculos entre os campi, incentive o protagonismo estudantil e abra caminho para novas edi\u00e7\u00f5es e descobertas de talentos.<\/p>\n\n\n\n<p>Em dezembro, tanto em Senhor do Bonfim quanto em Ribeira do Pombal, o esporte ocupar\u00e1 o centro das aten\u00e7\u00f5es, celebrando a integra\u00e7\u00e3o e o potencial transformador dessas pr\u00e1ticas como parte fundamental da forma\u00e7\u00e3o dos estudantes do IF Baiano.<\/p>\n\n\n\n<hr class=\"wp-block-separator has-alpha-channel-opacity\" \/>\n","protected":false},"excerpt":{"rendered":"<p>Entre os dias&nbsp;1\u00ba e 6 de dezembro, a cidade de&nbsp;Senhor do Bonfim&nbsp;ser\u00e1 palco da edi\u00e7\u00e3o 2025 dos&nbsp;Jogos Escolares do IF Baiano (JEIF), que reunir\u00e1&nbsp;quase 600 atletas&nbsp;de&nbsp;14 campi&nbsp;da institui\u00e7\u00e3o. Durante seis dias, estudantes de diferentes regi\u00f5es da Bahia participar\u00e3o de competi\u00e7\u00f5es em diversas modalidades, transformando o munic\u00edpio em um grande centro de integra\u00e7\u00e3o esportiva \u2014 e [&hellip;]<\/p>\n","protected":false},"author":86,"featured_media":26405,"comment_status":"closed","ping_status":"closed","sticky":false,"template":"","format":"standard","meta":[],"categories":[4,57],"tags":[],"_links":{"self":[{"href":"https:\/\/www.ifbaiano.edu.br\/unidades\/santaines\/wp-json\/wp\/v2\/posts\/26404"}],"collection":[{"href":"https:\/\/www.ifbaiano.edu.br\/unidades\/santaines\/wp-json\/wp\/v2\/posts"}],"about":[{"href":"https:\/\/www.ifbaiano.edu.br\/unidades\/santaines\/wp-json\/wp\/v2\/types\/post"}],"author":[{"embeddable":true,"href":"https:\/\/www.ifbaiano.edu.br\/unidades\/santaines\/wp-json\/wp\/v2\/users\/86"}],"replies":[{"embeddable":true,"href":"https:\/\/www.ifbaiano.edu.br\/unidades\/santaines\/wp-json\/wp\/v2\/comments?post=26404"}],"version-history":[{"count":1,"href":"https:\/\/www.ifbaiano.edu.br\/unidades\/santaines\/wp-json\/wp\/v2\/posts\/26404\/revisions"}],"predecessor-version":[{"id":26406,"href":"https:\/\/www.ifbaiano.edu.br\/unidades\/santaines\/wp-json\/wp\/v2\/posts\/26404\/revisions\/26406"}],"wp:featuredmedia":[{"embeddable":true,"href":"https:\/\/www.ifbaiano.edu.br\/unidades\/santaines\/wp-json\/wp\/v2\/media\/26405"}],"wp:attachment":[{"href":"https:\/\/www.ifbaiano.edu.br\/unidades\/santaines\/wp-json\/wp\/v2\/media?parent=26404"}],"wp:term":[{"taxonomy":"category","embeddable":true,"href":"https:\/\/www.ifbaiano.edu.br\/unidades\/santaines\/wp-json\/wp\/v2\/categories?post=26404"},{"taxonomy":"post_tag","embeddable":true,"href":"https:\/\/www.ifbaiano.edu.br\/unidades\/santaines\/wp-json\/wp\/v2\/tags?post=26404"}],"curies":[{"name":"wp","href":"https:\/\/api.w.org\/{rel}","templated":true}]}}