{"id":26407,"date":"2025-11-24T20:40:05","date_gmt":"2025-11-24T23:40:05","guid":{"rendered":"https:\/\/www.ifbaiano.edu.br\/unidades\/santaines\/?p=26407"},"modified":"2025-11-24T20:40:06","modified_gmt":"2025-11-24T23:40:06","slug":"sorteio-define-numeracao-das-candidatas-a-reitoria-do-if-baiano","status":"publish","type":"post","link":"https:\/\/www.ifbaiano.edu.br\/unidades\/santaines\/sorteio-define-numeracao-das-candidatas-a-reitoria-do-if-baiano\/","title":{"rendered":"Sorteio define numera\u00e7\u00e3o das candidatas \u00e0 Reitoria do IF Baiano"},"content":{"rendered":"\n<figure class=\"wp-block-image\"><img decoding=\"async\" src=\"https:\/\/ifbaiano.edu.br\/portal\/wp-content\/uploads\/2025\/11\/5207-WhatsApp-Image-2025-11-21-at-11.06.46-1024x577.webp\" alt=\"\" class=\"wp-image-37358\" \/><\/figure>\n\n\n\n<p>O Instituto Federal Baiano realizou, nesta sexta-feira (21), na Reitoria, o sorteio que definiu a numera\u00e7\u00e3o das candidatas ao cargo de reitora para o pr\u00f3ximo pleito institucional. A atividade foi conduzida pela Comiss\u00e3o Eleitoral Central, com a presen\u00e7a das quatro candidatas, e marca o in\u00edcio oficial da campanha eleitoral.<\/p>\n\n\n\n<p>Ap\u00f3s o sorteio, a numera\u00e7\u00e3o ficou definida da seguinte forma:<\/p>\n\n\n\n<ul>\n<li><strong>1 \u2013 Luciana Mazzutti<\/strong><strong><\/strong><\/li>\n\n\n\n<li><strong>2 \u2013 Camila Santana<\/strong><strong><\/strong><\/li>\n\n\n\n<li><strong>3 \u2013 Ozenice Silva<\/strong><strong><\/strong><\/li>\n\n\n\n<li><strong>4 \u2013 Hildonice Batista<\/strong><strong><\/strong><\/li>\n<\/ul>\n\n\n\n<figure class=\"wp-block-image\"><img decoding=\"async\" src=\"https:\/\/ifbaiano.edu.br\/portal\/wp-content\/uploads\/2025\/11\/5194-WhatsApp-Image-2025-11-21-at-11.14.40-1024x577.webp\" alt=\"\" class=\"wp-image-37357\" \/><\/figure>\n\n\n\n<p>A defini\u00e7\u00e3o dos n\u00fameros organiza a identifica\u00e7\u00e3o das candidaturas na c\u00e9dula de vota\u00e7\u00e3o, assim como ao longo de toda a campanha, nos materiais institucionais de divulga\u00e7\u00e3o e nas pe\u00e7as das pr\u00f3prias candidatas, garantindo padroniza\u00e7\u00e3o na comunica\u00e7\u00e3o com a comunidade acad\u00eamica.<\/p>\n\n\n\n<p>O presidente da Comiss\u00e3o Eleitoral Central, Guilherme Mota, destacou o papel do sorteio no andamento do processo:<br><br>\u201cEsta etapa cumpre uma fun\u00e7\u00e3o essencial de organiza\u00e7\u00e3o do pleito. Realizamos o sorteio na Reitoria, com a presen\u00e7a das candidatas e de seus apoiadores, seguindo o que est\u00e1 previsto nas normas eleitorais. Nosso compromisso \u00e9 conduzir cada fase com seriedade, transpar\u00eancia e respeito \u00e0s regras, para que a comunidade do IF Baiano tenha seguran\u00e7a em todo o processo.\u201d<\/p>\n\n\n\n<figure class=\"wp-block-image\"><img decoding=\"async\" src=\"https:\/\/ifbaiano.edu.br\/portal\/wp-content\/uploads\/2025\/11\/5176-WhatsApp-Image-2025-11-21-at-11.14.41-1024x577.webp\" alt=\"\" class=\"wp-image-37356\" \/><\/figure>\n\n\n\n<p>O presidente da comiss\u00e3o destacou ainda a import\u00e2ncia de todos(as) participarem desse processo democr\u00e1tico que definir\u00e1 os rumos institucionais nos pr\u00f3ximos quatro anos, com \u00eanfase no envolvimento discente:<br><br>\u201cGostaria de refor\u00e7ar, especialmente para os nossos estudantes, que verifiquem com anteced\u00eancia suas credenciais de acesso ao sistema de vota\u00e7\u00e3o. \u00c9 fundamental que essa confer\u00eancia seja feita at\u00e9 o dia 7 de dezembro, para que qualquer ajuste possa ser realizado a tempo e ningu\u00e9m deixe de votar por um problema t\u00e9cnico. A participa\u00e7\u00e3o discente \u00e9 decisiva para os rumos do IF Baiano nos pr\u00f3ximos quatro anos.\u201d<\/p>\n\n\n\n<p>A vota\u00e7\u00e3o ocorrer\u00e1 pelo sistema Helios e o acesso \u00e9 feito com as mesmas credenciais de acesso ao SUAP.<br><br><strong>Cronograma do processo eleitoral para reitora do IF Baiano<\/strong><\/p>\n\n\n\n<ul>\n<li><strong>In\u00edcio da campanha eleitoral:<\/strong><strong><br><\/strong>A partir de&nbsp;<strong>21 de novembro<\/strong>, \u00e0s&nbsp;<strong>14h<\/strong><strong><\/strong><\/li>\n\n\n\n<li><strong>Debate entre as candidatas:<\/strong><strong><br><\/strong>Dia&nbsp;<strong>4 de dezembro<\/strong>, \u00e0s&nbsp;<strong>19h<\/strong>, com transmiss\u00e3o pela&nbsp;<strong>TV Bem Baiano<\/strong><strong><\/strong><\/li>\n\n\n\n<li><strong>Dia da elei\u00e7\u00e3o:<\/strong><strong><br><\/strong>Dia&nbsp;<strong>9 de dezembro das 8h \u00e0s 21h (pelo sistema Helios)<\/strong><strong><\/strong><\/li>\n\n\n\n<li><strong>Apura\u00e7\u00e3o das elei\u00e7\u00f5es<br><\/strong>Dia&nbsp;<strong>10 de dezembro, a partir das 9h, com transmiss\u00e3o pela TV Bem Baiano&nbsp;<\/strong><\/li>\n<\/ul>\n\n\n\n<p><br>Ao longo de todo o processo, a Comiss\u00e3o Eleitoral Central seguir\u00e1 coordenando as etapas previstas em edital, garantindo que estudantes, servidoras e servidores tenham acesso \u00e0s informa\u00e7\u00f5es necess\u00e1rias para exercerem o voto de forma consciente.<\/p>\n\n\n\n<hr class=\"wp-block-separator has-alpha-channel-opacity\" \/>\n","protected":false},"excerpt":{"rendered":"<p>O Instituto Federal Baiano realizou, nesta sexta-feira (21), na Reitoria, o sorteio que definiu a numera\u00e7\u00e3o das candidatas ao cargo de reitora para o pr\u00f3ximo pleito institucional. A atividade foi conduzida pela Comiss\u00e3o Eleitoral Central, com a presen\u00e7a das quatro candidatas, e marca o in\u00edcio oficial da campanha eleitoral. Ap\u00f3s o sorteio, a numera\u00e7\u00e3o ficou [&hellip;]<\/p>\n","protected":false},"author":86,"featured_media":26408,"comment_status":"closed","ping_status":"closed","sticky":false,"template":"","format":"standard","meta":[],"categories":[10,57],"tags":[],"_links":{"self":[{"href":"https:\/\/www.ifbaiano.edu.br\/unidades\/santaines\/wp-json\/wp\/v2\/posts\/26407"}],"collection":[{"href":"https:\/\/www.ifbaiano.edu.br\/unidades\/santaines\/wp-json\/wp\/v2\/posts"}],"about":[{"href":"https:\/\/www.ifbaiano.edu.br\/unidades\/santaines\/wp-json\/wp\/v2\/types\/post"}],"author":[{"embeddable":true,"href":"https:\/\/www.ifbaiano.edu.br\/unidades\/santaines\/wp-json\/wp\/v2\/users\/86"}],"replies":[{"embeddable":true,"href":"https:\/\/www.ifbaiano.edu.br\/unidades\/santaines\/wp-json\/wp\/v2\/comments?post=26407"}],"version-history":[{"count":1,"href":"https:\/\/www.ifbaiano.edu.br\/unidades\/santaines\/wp-json\/wp\/v2\/posts\/26407\/revisions"}],"predecessor-version":[{"id":26409,"href":"https:\/\/www.ifbaiano.edu.br\/unidades\/santaines\/wp-json\/wp\/v2\/posts\/26407\/revisions\/26409"}],"wp:featuredmedia":[{"embeddable":true,"href":"https:\/\/www.ifbaiano.edu.br\/unidades\/santaines\/wp-json\/wp\/v2\/media\/26408"}],"wp:attachment":[{"href":"https:\/\/www.ifbaiano.edu.br\/unidades\/santaines\/wp-json\/wp\/v2\/media?parent=26407"}],"wp:term":[{"taxonomy":"category","embeddable":true,"href":"https:\/\/www.ifbaiano.edu.br\/unidades\/santaines\/wp-json\/wp\/v2\/categories?post=26407"},{"taxonomy":"post_tag","embeddable":true,"href":"https:\/\/www.ifbaiano.edu.br\/unidades\/santaines\/wp-json\/wp\/v2\/tags?post=26407"}],"curies":[{"name":"wp","href":"https:\/\/api.w.org\/{rel}","templated":true}]}}