{"id":26410,"date":"2025-11-26T13:09:30","date_gmt":"2025-11-26T16:09:30","guid":{"rendered":"https:\/\/www.ifbaiano.edu.br\/unidades\/santaines\/?p=26410"},"modified":"2025-11-26T13:45:54","modified_gmt":"2025-11-26T16:45:54","slug":"campus-santa-ines-altera-cronograma-do-processo-seletivo-2026-confira-as-novas-datas","status":"publish","type":"post","link":"https:\/\/www.ifbaiano.edu.br\/unidades\/santaines\/campus-santa-ines-altera-cronograma-do-processo-seletivo-2026-confira-as-novas-datas\/","title":{"rendered":"Campus Santa In\u00eas altera cronograma do Processo Seletivo 2026; confira as novas datas"},"content":{"rendered":"\n<p>Os candidatos que participam do Processo Seletivo para ingresso nos Cursos T\u00e9cnicos Integrados ao Ensino M\u00e9dio do\u00a0<strong>IF Baiano \u2013 Campus Santa In\u00eas<\/strong>\u00a0devem ficar atentos a uma mudan\u00e7a importante no calend\u00e1rio. A institui\u00e7\u00e3o publicou, nesta ter\u00e7a-feira (25), o\u00a0<strong><a href=\"https:\/\/ingresso.ifbaiano.edu.br\/wp-content\/uploads\/2025\/08\/EDITAL-DE-RETIFICACAO-No-37_2025.pdf\">Edital de Retifica\u00e7\u00e3o n\u00ba 37\/2025<\/a><\/strong>, que altera as datas das pr\u00f3ximas etapas da sele\u00e7\u00e3o regida pelo Edital n\u00ba 26\/2025. A principal mudan\u00e7a diz respeito ao per\u00edodo de\u00a0<strong>matr\u00edculas<\/strong>.<\/p>\n\n\n\n<h3 class=\"wp-block-heading\">O que muda na pr\u00e1tica?<\/h3>\n\n\n\n<p>Com a publica\u00e7\u00e3o do novo documento, algumas mudan\u00e7as importantes aconteceram. Diferente do cronograma anterior, as matr\u00edculas da&nbsp;<strong>Primeira Chamada<\/strong>&nbsp;ocorrer\u00e3o ainda este ano, entre os dias&nbsp;<strong>08 e 17 de dezembro de 2025<\/strong>.<\/p>\n\n\n\n<p>O <strong>Resultado Final<\/strong>&nbsp;do processo seletivo ser\u00e1 divulgado no dia&nbsp;<strong>1\u00ba de dezembro de 2025<\/strong>. Nesta mesma data ser\u00e1 publicado o edital com as regras para a matr\u00edcula, que come\u00e7a uma semana depois. <\/p>\n\n\n\n<p><strong>Uma dica importante:<\/strong> O candidato j\u00e1 pode come\u00e7ar a organizar a documenta\u00e7\u00e3o pessoal e escolar. Assim que o resultado sair no dia 01 de dezembro, ele ter\u00e1 poucos dias para efetivar a entrada no Instituto Federal Baiano &#8211; Campus Santa In\u00eas.<\/p>\n\n\n\n<h3 class=\"wp-block-heading\">Confira as principais datas atualizadas (Cronograma Oficial):<\/h3>\n\n\n\n<p>Abaixo, listamos as datas cruciais que passam a valer a partir de agora, conforme o quadro &#8220;LEIA-SE&#8221; da retifica\u00e7\u00e3o:<\/p>\n\n\n\n<ul>\n<li><strong>01\/12\/2025:<\/strong>&nbsp;Divulga\u00e7\u00e3o do Resultado Final e do Edital de Matr\u00edcula.<\/li>\n\n\n\n<li><strong>08\/12 a 17\/12\/2025:<\/strong>&nbsp;Per\u00edodo de&nbsp;<strong>Matr\u00edcula da 1\u00aa Chamada<\/strong><\/li>\n\n\n\n<li><strong>22\/12\/2025:<\/strong>&nbsp;Publica\u00e7\u00e3o da 2\u00aa Chamada.<\/li>\n\n\n\n<li><strong>05\/01 a 09\/01\/2026:<\/strong> Matr\u00edcula da Segunda Chamada<\/li>\n\n\n\n<li><strong>14\/01\/2026:<\/strong>&nbsp;Publica\u00e7\u00e3o da Chamada P\u00fablica (para vagas remanescentes, se houver).<\/li>\n\n\n\n<li><strong>26\/01\/2026:<\/strong>&nbsp;Realiza\u00e7\u00e3o da Chamada P\u00fablica.<\/li>\n\n\n\n<li><strong>17\/03\/2026:<\/strong>&nbsp;Previs\u00e3o de in\u00edcio das aulas.<\/li>\n<\/ul>\n\n\n\n<h3 class=\"wp-block-heading\">Onde acompanhar<\/h3>\n\n\n\n<p>Todas as listas de resultados, editais de matr\u00edcula e demais comunicados oficiais continuam sendo publicados no <a href=\"https:\/\/ingresso.ifbaiano.edu.br\/concursos\/integrado-santa-ines-2026\/\">endere\u00e7o eletr\u00f4nico oficial do processo seletivo<\/a>.<\/p>\n\n\n\n<p>O Diretor-Geral Substituto do campus, Ozeias Pires Silva, refor\u00e7a que as demais disposi\u00e7\u00f5es do edital original (n\u00ba 26\/2025) que n\u00e3o foram mencionadas nesta retifica\u00e7\u00e3o permanecem inalteradas.<\/p>\n\n\n\n<hr class=\"wp-block-separator has-alpha-channel-opacity\" \/>\n","protected":false},"excerpt":{"rendered":"<p>A retifica\u00e7\u00e3o antecipa o per\u00edodo de matr\u00edculas da primeira chamada para dezembro de 2025. O in\u00edcio das aulas est\u00e1 mantido para mar\u00e7o de 2026.<\/p>\n","protected":false},"author":86,"featured_media":26086,"comment_status":"closed","ping_status":"closed","sticky":false,"template":"","format":"standard","meta":[],"categories":[4,13,5,8,57],"tags":[],"_links":{"self":[{"href":"https:\/\/www.ifbaiano.edu.br\/unidades\/santaines\/wp-json\/wp\/v2\/posts\/26410"}],"collection":[{"href":"https:\/\/www.ifbaiano.edu.br\/unidades\/santaines\/wp-json\/wp\/v2\/posts"}],"about":[{"href":"https:\/\/www.ifbaiano.edu.br\/unidades\/santaines\/wp-json\/wp\/v2\/types\/post"}],"author":[{"embeddable":true,"href":"https:\/\/www.ifbaiano.edu.br\/unidades\/santaines\/wp-json\/wp\/v2\/users\/86"}],"replies":[{"embeddable":true,"href":"https:\/\/www.ifbaiano.edu.br\/unidades\/santaines\/wp-json\/wp\/v2\/comments?post=26410"}],"version-history":[{"count":4,"href":"https:\/\/www.ifbaiano.edu.br\/unidades\/santaines\/wp-json\/wp\/v2\/posts\/26410\/revisions"}],"predecessor-version":[{"id":26416,"href":"https:\/\/www.ifbaiano.edu.br\/unidades\/santaines\/wp-json\/wp\/v2\/posts\/26410\/revisions\/26416"}],"wp:featuredmedia":[{"embeddable":true,"href":"https:\/\/www.ifbaiano.edu.br\/unidades\/santaines\/wp-json\/wp\/v2\/media\/26086"}],"wp:attachment":[{"href":"https:\/\/www.ifbaiano.edu.br\/unidades\/santaines\/wp-json\/wp\/v2\/media?parent=26410"}],"wp:term":[{"taxonomy":"category","embeddable":true,"href":"https:\/\/www.ifbaiano.edu.br\/unidades\/santaines\/wp-json\/wp\/v2\/categories?post=26410"},{"taxonomy":"post_tag","embeddable":true,"href":"https:\/\/www.ifbaiano.edu.br\/unidades\/santaines\/wp-json\/wp\/v2\/tags?post=26410"}],"curies":[{"name":"wp","href":"https:\/\/api.w.org\/{rel}","templated":true}]}}