{"id":26417,"date":"2025-11-27T17:03:02","date_gmt":"2025-11-27T20:03:02","guid":{"rendered":"https:\/\/www.ifbaiano.edu.br\/unidades\/santaines\/?p=26417"},"modified":"2025-11-27T21:38:51","modified_gmt":"2025-11-28T00:38:51","slug":"debate-entre-candidatas-a-direcao-geral-do-if-baiano-campus-santa-ines-acontece-no-dia-3-de-dezembro","status":"publish","type":"post","link":"https:\/\/www.ifbaiano.edu.br\/unidades\/santaines\/debate-entre-candidatas-a-direcao-geral-do-if-baiano-campus-santa-ines-acontece-no-dia-3-de-dezembro\/","title":{"rendered":"Debate entre candidatas \u00e0 Dire\u00e7\u00e3o-geral do IF Baiano \u2013 Campus Santa In\u00eas acontece no dia 3 de dezembro"},"content":{"rendered":"\n<p>A comunidade acad\u00eamica do IF Baiano \u2013 Campus Santa In\u00eas ter\u00e1 a oportunidade de acompanhar, no dia <strong>3 de dezembro de 2025<\/strong>, o debate oficial entre as candidatas ao cargo de <strong>Diretora-Geral para o quadri\u00eanio 2026\u20132030<\/strong>. O encontro est\u00e1 marcado para <strong>14h<\/strong>, no <strong>audit\u00f3rio ao lado da Biblioteca<\/strong>, com <strong>transmiss\u00e3o ao vivo<\/strong> pelo <a href=\"https:\/\/www.youtube.com\/watch?v=7mNmaskD0bg\">canal do campus no YouTube<\/a>.<\/p>\n\n\n\n<p>A a\u00e7\u00e3o integra as etapas do processo eleitoral institucional e tem como prop\u00f3sito apresentar \u00e0 comunidade acad\u00eamica as propostas das candidatas, fortalecendo os princ\u00edpios de <strong>participa\u00e7\u00e3o, transpar\u00eancia e democracia<\/strong> que orientam o pleito. O evento \u00e9 coordenado pela <strong>Comiss\u00e3o Eleitoral Local<\/strong>, constitu\u00edda pela <strong><a href=\"https:\/\/ifbaiano.edu.br\/portal\/wp-content\/uploads\/2025\/10\/Portaria-12.2025.pdf\">Portaria n\u00ba 12\/2025 \u2013 OS-CONSUP\/IFBAIANO<\/a><\/strong>, de 30 de outubro de 2025.<\/p>\n\n\n\n<p><strong>Como ser\u00e1 o debate<\/strong><\/p>\n\n\n\n<p>Segundo o <a href=\"https:\/\/www.ifbaiano.edu.br\/unidades\/santaines\/files\/2025\/11\/Regulamento-do-Debate-DG-2025.pdf\">regulamento publicado pela Comiss\u00e3o Eleitoral Local<\/a>, o debate ser\u00e1 dividido em <strong>sete blocos<\/strong>, envolvendo apresenta\u00e7\u00e3o de programas de gest\u00e3o, perguntas entre as candidatas, quest\u00f5es elaboradas pela comunidade e considera\u00e7\u00f5es finais. O encontro ter\u00e1 dura\u00e7\u00e3o m\u00e1xima de <strong>2h30<\/strong>.<\/p>\n\n\n\n<p>A condu\u00e7\u00e3o ser\u00e1 feita por um mediador indicado pela Comiss\u00e3o, respons\u00e1vel por assegurar o cumprimento das regras, dos tempos de fala e do respeito ao decoro acad\u00eamico.<\/p>\n\n\n\n<p>O p\u00fablico poder\u00e1 acompanhar presencialmente, em \u00e1rea reservada, ou virtualmente pela transmiss\u00e3o oficial, dispon\u00edvel <strong><a href=\"https:\/\/www.youtube.com\/watch?v=7mNmaskD0bg\">no canal do YouTube do Campus<\/a><\/strong>.<\/p>\n\n\n\n<p><strong>Participa\u00e7\u00e3o da comunidade: envio de perguntas<\/strong><\/p>\n\n\n\n<p>A comunidade interna poder\u00e1 contribuir enviando perguntas \u00e0s candidatas. De acordo com o <a href=\"https:\/\/www.ifbaiano.edu.br\/unidades\/santaines\/files\/2025\/11\/Regulamento-do-Debate-DG-2025.pdf\">regulamento<\/a>, o envio ser\u00e1 feito por meio de <a href=\"https:\/\/www.ifbaiano.edu.br\/unidades\/santaines\/files\/2025\/11\/Formulario-de-submissao-de-perguntas-Debate-DG.pdf\">formul\u00e1rio pr\u00f3prio<\/a>, e as perguntas devem ser encaminhadas para o e-mail <a href=\"mailto:comissao.local@si.ifbaiano.edu.br\">comissao.local@si.ifbaiano.edu.br<\/a>, com at\u00e9 <strong>tr\u00eas dias de anteced\u00eancia<\/strong> do debate.<\/p>\n\n\n\n<p>O <strong>Formul\u00e1rio de Submiss\u00e3o de Perguntas<\/strong> estabelece crit\u00e9rios importantes:<\/p>\n\n\n\n<ul>\n<li>As perguntas devem abordar temas institucionais relevantes ao funcionamento e \u00e0 gest\u00e3o do campus.<\/li>\n\n\n\n<li>Devem ser formuladas de maneira clara, objetiva e dirigida a <strong>todas<\/strong> as candidatas.<\/li>\n\n\n\n<li>N\u00e3o ser\u00e3o aceitos conte\u00fados ofensivos, quest\u00f5es pessoais ou perguntas m\u00faltiplas.<\/li>\n\n\n\n<li>O segmento do autor (discente, docente ou TAE) deve ser informado, garantindo <strong>anonimato<\/strong> na leitura durante o evento.<\/li>\n<\/ul>\n\n\n\n<p>As perguntas selecionadas compor\u00e3o o bloco espec\u00edfico destinado \u00e0 participa\u00e7\u00e3o da comunidade.<\/p>\n\n\n\n<p><strong>Regras gerais e organiza\u00e7\u00e3o<\/strong><\/p>\n\n\n\n<p>O debate seguir\u00e1 normas que asseguram \u00e9tica, isonomia entre as candidatas e integridade do processo eleitoral. Entre os principais pontos regulamentados est\u00e3o:<\/p>\n\n\n\n<ul>\n<li>Proibi\u00e7\u00e3o de ataques pessoais e de termos discriminat\u00f3rios.<\/li>\n\n\n\n<li>Direito de resposta, quando necess\u00e1rio, conforme julgamento da comiss\u00e3o avaliadora.<\/li>\n\n\n\n<li>Proibi\u00e7\u00e3o de equipamentos sonoros ou dispositivos que possam interferir no andamento do debate.<\/li>\n\n\n\n<li>Permiss\u00e3o apenas de anota\u00e7\u00f5es: aparelhos eletr\u00f4nicos n\u00e3o poder\u00e3o ser utilizados pelas candidatas.<\/li>\n\n\n\n<li>Participa\u00e7\u00e3o de int\u00e9rprete de Libras, quando necess\u00e1rio, garantindo acessibilidade.<\/li>\n<\/ul>\n\n\n\n<p>Antes do evento, a Comiss\u00e3o Eleitoral Local realizar\u00e1 uma reuni\u00e3o com as candidatas para alinhamento das regras e esclarecimento de d\u00favidas.<\/p>\n\n\n\n<p><strong>Import\u00e2ncia da participa\u00e7\u00e3o<\/strong><\/p>\n\n\n\n<p>O debate \u00e9 um momento fundamental para que a comunidade conhe\u00e7a as propostas, avalie os projetos em disputa e fortale\u00e7a a pr\u00e1tica democr\u00e1tica dentro da institui\u00e7\u00e3o.<\/p>\n\n\n\n<p>O IF Baiano \u2013 Campus Santa In\u00eas convida todos os servidores, estudantes e demais interessados a acompanharem o encontro presencialmente ou pela transmiss\u00e3o ao vivo.<\/p>\n\n\n\n<p><strong>Participe, informe-se e ajude a construir o futuro do nosso campus.<\/strong><\/p>\n\n\n\n<hr class=\"wp-block-separator has-alpha-channel-opacity\" \/>\n","protected":false},"excerpt":{"rendered":"<p>est\u00e1 marcado para 14h, no audit\u00f3rio ao lado da Biblioteca, com transmiss\u00e3o ao vivo pelo canal do campus no YouTube.<\/p>\n","protected":false},"author":86,"featured_media":26418,"comment_status":"closed","ping_status":"closed","sticky":false,"template":"","format":"standard","meta":[],"categories":[4,38,19,5,57],"tags":[],"_links":{"self":[{"href":"https:\/\/www.ifbaiano.edu.br\/unidades\/santaines\/wp-json\/wp\/v2\/posts\/26417"}],"collection":[{"href":"https:\/\/www.ifbaiano.edu.br\/unidades\/santaines\/wp-json\/wp\/v2\/posts"}],"about":[{"href":"https:\/\/www.ifbaiano.edu.br\/unidades\/santaines\/wp-json\/wp\/v2\/types\/post"}],"author":[{"embeddable":true,"href":"https:\/\/www.ifbaiano.edu.br\/unidades\/santaines\/wp-json\/wp\/v2\/users\/86"}],"replies":[{"embeddable":true,"href":"https:\/\/www.ifbaiano.edu.br\/unidades\/santaines\/wp-json\/wp\/v2\/comments?post=26417"}],"version-history":[{"count":3,"href":"https:\/\/www.ifbaiano.edu.br\/unidades\/santaines\/wp-json\/wp\/v2\/posts\/26417\/revisions"}],"predecessor-version":[{"id":26425,"href":"https:\/\/www.ifbaiano.edu.br\/unidades\/santaines\/wp-json\/wp\/v2\/posts\/26417\/revisions\/26425"}],"wp:featuredmedia":[{"embeddable":true,"href":"https:\/\/www.ifbaiano.edu.br\/unidades\/santaines\/wp-json\/wp\/v2\/media\/26418"}],"wp:attachment":[{"href":"https:\/\/www.ifbaiano.edu.br\/unidades\/santaines\/wp-json\/wp\/v2\/media?parent=26417"}],"wp:term":[{"taxonomy":"category","embeddable":true,"href":"https:\/\/www.ifbaiano.edu.br\/unidades\/santaines\/wp-json\/wp\/v2\/categories?post=26417"},{"taxonomy":"post_tag","embeddable":true,"href":"https:\/\/www.ifbaiano.edu.br\/unidades\/santaines\/wp-json\/wp\/v2\/tags?post=26417"}],"curies":[{"name":"wp","href":"https:\/\/api.w.org\/{rel}","templated":true}]}}