{"id":26428,"date":"2025-12-01T11:53:50","date_gmt":"2025-12-01T14:53:50","guid":{"rendered":"https:\/\/www.ifbaiano.edu.br\/unidades\/santaines\/?p=26428"},"modified":"2025-12-01T11:53:51","modified_gmt":"2025-12-01T14:53:51","slug":"if-baiano-campus-santa-ines-divulga-lista-de-inscricoes-homologadas-para-selecao-de-monitoria","status":"publish","type":"post","link":"https:\/\/www.ifbaiano.edu.br\/unidades\/santaines\/if-baiano-campus-santa-ines-divulga-lista-de-inscricoes-homologadas-para-selecao-de-monitoria\/","title":{"rendered":"IF Baiano &#8211; Campus Santa In\u00eas divulga lista de inscri\u00e7\u00f5es homologadas para sele\u00e7\u00e3o de monitoria"},"content":{"rendered":"\n<p>O Instituto Federal Baiano \u2013 Campus Santa In\u00eas divulgou, nesta segunda-feira (1\u00ba), a<a href=\"https:\/\/www.ifbaiano.edu.br\/unidades\/santaines\/files\/2025\/12\/Homologacao-das-inscricoes-de-monitoria-2025.pdf\"> lista de homologa\u00e7\u00e3o das inscri\u00e7\u00f5es<\/a> referente ao\u00a0<strong><a href=\"https:\/\/www.ifbaiano.edu.br\/unidades\/santaines\/files\/2025\/11\/EDITAL-PROCESSO-SELETIVO-PARA-CONCESSAO-DE-BOLSAS-DE-MONITORIA.pdf\">Edital n\u00ba 35\/2025<\/a><\/strong>, que visa a sele\u00e7\u00e3o de estudantes para o Programa de Monitoria de Ensino. O documento traz a rela\u00e7\u00e3o dos candidatos aptos a prosseguirem no processo seletivo e aqueles que tiveram suas inscri\u00e7\u00f5es indeferidas.<\/p>\n\n\n\n<p>O processo seletivo oferta&nbsp;<strong>07 bolsas<\/strong>&nbsp;distribu\u00eddas entre cursos de n\u00edvel superior (Bacharelado em Zootecnia e Licenciatura em Ci\u00eancias Biol\u00f3gicas) e cursos t\u00e9cnicos integrados ao ensino m\u00e9dio. Os selecionados receber\u00e3o uma bolsa mensal no valor de&nbsp;<strong>R$ 300,00<\/strong>, com vig\u00eancia prevista de fevereiro de 2025 a dezembro de 2026.<\/p>\n\n\n\n<p><strong>Entenda a situa\u00e7\u00e3o da inscri\u00e7\u00e3o<\/strong><\/p>\n\n\n\n<p>Na lista publicada pela Comiss\u00e3o de Sele\u00e7\u00e3o, os estudantes podem verificar se sua candidatura consta como\u00a0<strong>&#8220;Homologada&#8221;<\/strong>\u00a0ou\u00a0<strong>&#8220;Indeferida&#8221;<\/strong>. Para os casos de indeferimento, a comiss\u00e3o indicou o item do edital que n\u00e3o foi cumprido. As principais raz\u00f5es observadas no documento de homologa\u00e7\u00e3o foram:<\/p>\n\n\n\n<ul>\n<li><strong>Item 9.3 &#8211; I:<\/strong>&nbsp;Candidato n\u00e3o foi aprovado anteriormente no componente curricular pleiteado.<\/li>\n\n\n\n<li><strong>Item 9.4:<\/strong>&nbsp;Aus\u00eancia ou irregularidade na documenta\u00e7\u00e3o exigida (Ficha de inscri\u00e7\u00e3o, Hist\u00f3rico Escolar, documento com foto ou CPF).<\/li>\n<\/ul>\n\n\n\n<p><strong>Prazo para Recursos<\/strong><\/p>\n\n\n\n<p>Conforme o cronograma oficial (Anexo I do edital de abertura), os candidatos que discordarem do resultado da homologa\u00e7\u00e3o t\u00eam apenas esta\u00a0<strong>ter\u00e7a-feira, dia 02 de dezembro de 2025<\/strong>, para interpor recurso. O procedimento deve ser realizado atrav\u00e9s do <a href=\"https:\/\/forms.gle\/SaTvnySEtjYx8Aa26\">formul\u00e1rio eletr\u00f4nico espec\u00edfico<\/a> indicado no edital. O resultado da an\u00e1lise dos recursos ser\u00e1 divulgado no dia 03 de dezembro.<\/p>\n\n\n\n<p><strong>Pr\u00f3ximas Etapas<\/strong><\/p>\n\n\n\n<p>Ap\u00f3s a fase de recursos, o processo seguir\u00e1 para a etapa de sele\u00e7\u00e3o propriamente dita, que ocorrer\u00e1 entre os dias\u00a0<strong>04 e 05 de dezembro<\/strong>. A classifica\u00e7\u00e3o ser\u00e1 baseada na An\u00e1lise do Hist\u00f3rico Escolar (Anexo II do edital 35\/2025), considerando crit\u00e9rios como m\u00e9dia na disciplina, m\u00e9dia global e desempenho acad\u00eamico.<\/p>\n\n\n\n<p>O resultado preliminar da classifica\u00e7\u00e3o est\u00e1 previsto para o dia\u00a0<strong>08 de dezembro de 2025<\/strong>. Os estudantes s\u00e3o orientados a acompanhar todas as publica\u00e7\u00f5es na p\u00e1gina oficial do Campus para n\u00e3o perderem os prazos e as convoca\u00e7\u00f5es.<\/p>\n\n\n\n<hr class=\"wp-block-separator has-alpha-channel-opacity\" \/>\n","protected":false},"excerpt":{"rendered":"<p>Candidatos devem conferir a situa\u00e7\u00e3o de suas inscri\u00e7\u00f5es; prazo para interposi\u00e7\u00e3o de recursos ocorre nesta segunda-feira (02\/12).<\/p>\n","protected":false},"author":86,"featured_media":26426,"comment_status":"closed","ping_status":"closed","sticky":false,"template":"","format":"standard","meta":[],"categories":[4,5,8,57],"tags":[],"_links":{"self":[{"href":"https:\/\/www.ifbaiano.edu.br\/unidades\/santaines\/wp-json\/wp\/v2\/posts\/26428"}],"collection":[{"href":"https:\/\/www.ifbaiano.edu.br\/unidades\/santaines\/wp-json\/wp\/v2\/posts"}],"about":[{"href":"https:\/\/www.ifbaiano.edu.br\/unidades\/santaines\/wp-json\/wp\/v2\/types\/post"}],"author":[{"embeddable":true,"href":"https:\/\/www.ifbaiano.edu.br\/unidades\/santaines\/wp-json\/wp\/v2\/users\/86"}],"replies":[{"embeddable":true,"href":"https:\/\/www.ifbaiano.edu.br\/unidades\/santaines\/wp-json\/wp\/v2\/comments?post=26428"}],"version-history":[{"count":1,"href":"https:\/\/www.ifbaiano.edu.br\/unidades\/santaines\/wp-json\/wp\/v2\/posts\/26428\/revisions"}],"predecessor-version":[{"id":26430,"href":"https:\/\/www.ifbaiano.edu.br\/unidades\/santaines\/wp-json\/wp\/v2\/posts\/26428\/revisions\/26430"}],"wp:featuredmedia":[{"embeddable":true,"href":"https:\/\/www.ifbaiano.edu.br\/unidades\/santaines\/wp-json\/wp\/v2\/media\/26426"}],"wp:attachment":[{"href":"https:\/\/www.ifbaiano.edu.br\/unidades\/santaines\/wp-json\/wp\/v2\/media?parent=26428"}],"wp:term":[{"taxonomy":"category","embeddable":true,"href":"https:\/\/www.ifbaiano.edu.br\/unidades\/santaines\/wp-json\/wp\/v2\/categories?post=26428"},{"taxonomy":"post_tag","embeddable":true,"href":"https:\/\/www.ifbaiano.edu.br\/unidades\/santaines\/wp-json\/wp\/v2\/tags?post=26428"}],"curies":[{"name":"wp","href":"https:\/\/api.w.org\/{rel}","templated":true}]}}