{"id":26431,"date":"2025-12-01T14:43:17","date_gmt":"2025-12-01T17:43:17","guid":{"rendered":"https:\/\/www.ifbaiano.edu.br\/unidades\/santaines\/?p=26431"},"modified":"2025-12-01T14:43:18","modified_gmt":"2025-12-01T17:43:18","slug":"if-baiano-campus-santa-ines-celebra-a-semana-nacional-de-ciencia-e-tecnologia-com-tres-dias-de-atividades-e-integracao-com-a-comunidade","status":"publish","type":"post","link":"https:\/\/www.ifbaiano.edu.br\/unidades\/santaines\/if-baiano-campus-santa-ines-celebra-a-semana-nacional-de-ciencia-e-tecnologia-com-tres-dias-de-atividades-e-integracao-com-a-comunidade\/","title":{"rendered":"IF Baiano \u2013 Campus Santa In\u00eas celebra a Semana Nacional de Ci\u00eancia e Tecnologia com tr\u00eas dias de atividades e integra\u00e7\u00e3o com a comunidade"},"content":{"rendered":"\n<p>Entre os dias 25 e 27 de novembro, o IF Baiano \u2013 Campus Santa In\u00eas promoveu a Semana Nacional de Ci\u00eancia e Tecnologia (SNCT), realizada juntamente com a Feira de Ci\u00eancias. O evento reuniu cerca de 700 participantes, entre estudantes, servidores, colaboradores e visitantes dos munic\u00edpios de Santa In\u00eas e Cravol\u00e2ndia e Mutu\u00edpe, fortalecendo o di\u00e1logo entre ci\u00eancia, educa\u00e7\u00e3o e sociedade.<\/p>\n\n\n\n<p><strong>Abertura destaca trajet\u00f3ria de egresso e a for\u00e7a da ci\u00eancia regional<\/strong><\/p>\n\n\n\n<p>A programa\u00e7\u00e3o teve in\u00edcio na noite de 25 de novembro, com uma bela apresenta\u00e7\u00e3o da instrumentista, estudante do Curso T\u00e9cnico em Alimentos, Lorena Nascimento, na sequ\u00eancia uma roda de conversa no pavilh\u00e3o dos cursos superiores. A mesa foi composta pelas servidoras Fabiane Barreto, T\u00e9cnica em Laborat\u00f3rio (Biologia) e doutora em Meio Ambiente, e Adriana Concei\u00e7\u00e3o, professora do Campus, tamb\u00e9m doutora em Agroecologia e Desenvolvimento Territorial.<\/p>\n\n\n\n<figure class=\"wp-block-gallery has-nested-images columns-default is-cropped wp-block-gallery-1 is-layout-flex\">\n<figure class=\"wp-block-image size-large\"><a href=\"https:\/\/www.ifbaiano.edu.br\/unidades\/santaines\/files\/2025\/12\/0372-IMG_4666.webp\"><img decoding=\"async\" loading=\"lazy\" width=\"1024\" height=\"683\" data-id=\"26434\"  src=\"https:\/\/www.ifbaiano.edu.br\/unidades\/santaines\/files\/2025\/12\/0372-IMG_4666-1024x683.webp\" alt=\"\" class=\"wp-image-26434\" srcset=\"https:\/\/www.ifbaiano.edu.br\/unidades\/santaines\/files\/2025\/12\/0372-IMG_4666-1024x683.webp 1024w, https:\/\/www.ifbaiano.edu.br\/unidades\/santaines\/files\/2025\/12\/0372-IMG_4666-300x200.webp 300w, https:\/\/www.ifbaiano.edu.br\/unidades\/santaines\/files\/2025\/12\/0372-IMG_4666-768x512.webp 768w, https:\/\/www.ifbaiano.edu.br\/unidades\/santaines\/files\/2025\/12\/0372-IMG_4666-1536x1024.webp 1536w, https:\/\/www.ifbaiano.edu.br\/unidades\/santaines\/files\/2025\/12\/0372-IMG_4666-100x67.webp 100w, https:\/\/www.ifbaiano.edu.br\/unidades\/santaines\/files\/2025\/12\/0372-IMG_4666.webp 1620w\" sizes=\"(max-width: 1024px) 100vw, 1024px\" \/><\/a><\/figure>\n\n\n\n<figure class=\"wp-block-image size-large\"><a href=\"https:\/\/www.ifbaiano.edu.br\/unidades\/santaines\/files\/2025\/12\/0399-IMG_4690.webp\"><img decoding=\"async\" loading=\"lazy\" width=\"1024\" height=\"683\" data-id=\"26439\"  src=\"https:\/\/www.ifbaiano.edu.br\/unidades\/santaines\/files\/2025\/12\/0399-IMG_4690-1024x683.webp\" alt=\"\" class=\"wp-image-26439\" srcset=\"https:\/\/www.ifbaiano.edu.br\/unidades\/santaines\/files\/2025\/12\/0399-IMG_4690-1024x683.webp 1024w, https:\/\/www.ifbaiano.edu.br\/unidades\/santaines\/files\/2025\/12\/0399-IMG_4690-300x200.webp 300w, https:\/\/www.ifbaiano.edu.br\/unidades\/santaines\/files\/2025\/12\/0399-IMG_4690-768x512.webp 768w, https:\/\/www.ifbaiano.edu.br\/unidades\/santaines\/files\/2025\/12\/0399-IMG_4690-1536x1024.webp 1536w, https:\/\/www.ifbaiano.edu.br\/unidades\/santaines\/files\/2025\/12\/0399-IMG_4690-100x67.webp 100w, https:\/\/www.ifbaiano.edu.br\/unidades\/santaines\/files\/2025\/12\/0399-IMG_4690.webp 1620w\" sizes=\"(max-width: 1024px) 100vw, 1024px\" \/><\/a><\/figure>\n\n\n\n<figure class=\"wp-block-image size-large\"><a href=\"https:\/\/www.ifbaiano.edu.br\/unidades\/santaines\/files\/2025\/12\/0412-IMG_4696.webp\"><img decoding=\"async\" loading=\"lazy\" width=\"1024\" height=\"683\" data-id=\"26441\"  src=\"https:\/\/www.ifbaiano.edu.br\/unidades\/santaines\/files\/2025\/12\/0412-IMG_4696-1024x683.webp\" alt=\"\" class=\"wp-image-26441\" srcset=\"https:\/\/www.ifbaiano.edu.br\/unidades\/santaines\/files\/2025\/12\/0412-IMG_4696-1024x683.webp 1024w, https:\/\/www.ifbaiano.edu.br\/unidades\/santaines\/files\/2025\/12\/0412-IMG_4696-300x200.webp 300w, https:\/\/www.ifbaiano.edu.br\/unidades\/santaines\/files\/2025\/12\/0412-IMG_4696-768x512.webp 768w, https:\/\/www.ifbaiano.edu.br\/unidades\/santaines\/files\/2025\/12\/0412-IMG_4696-1536x1024.webp 1536w, https:\/\/www.ifbaiano.edu.br\/unidades\/santaines\/files\/2025\/12\/0412-IMG_4696-100x67.webp 100w, https:\/\/www.ifbaiano.edu.br\/unidades\/santaines\/files\/2025\/12\/0412-IMG_4696.webp 1620w\" sizes=\"(max-width: 1024px) 100vw, 1024px\" \/><\/a><\/figure>\n\n\n\n<figure class=\"wp-block-image size-large\"><a href=\"https:\/\/www.ifbaiano.edu.br\/unidades\/santaines\/files\/2025\/12\/0364-IMG_4675.webp\"><img decoding=\"async\" loading=\"lazy\" width=\"1024\" height=\"683\" data-id=\"26432\"  src=\"https:\/\/www.ifbaiano.edu.br\/unidades\/santaines\/files\/2025\/12\/0364-IMG_4675-1024x683.webp\" alt=\"\" class=\"wp-image-26432\" srcset=\"https:\/\/www.ifbaiano.edu.br\/unidades\/santaines\/files\/2025\/12\/0364-IMG_4675-1024x683.webp 1024w, https:\/\/www.ifbaiano.edu.br\/unidades\/santaines\/files\/2025\/12\/0364-IMG_4675-300x200.webp 300w, https:\/\/www.ifbaiano.edu.br\/unidades\/santaines\/files\/2025\/12\/0364-IMG_4675-768x512.webp 768w, https:\/\/www.ifbaiano.edu.br\/unidades\/santaines\/files\/2025\/12\/0364-IMG_4675-1536x1024.webp 1536w, https:\/\/www.ifbaiano.edu.br\/unidades\/santaines\/files\/2025\/12\/0364-IMG_4675-100x67.webp 100w, https:\/\/www.ifbaiano.edu.br\/unidades\/santaines\/files\/2025\/12\/0364-IMG_4675.webp 1620w\" sizes=\"(max-width: 1024px) 100vw, 1024px\" \/><\/a><\/figure>\n\n\n\n<figure class=\"wp-block-image size-large\"><a href=\"https:\/\/www.ifbaiano.edu.br\/unidades\/santaines\/files\/2025\/12\/0392-IMG_4682.webp\"><img decoding=\"async\" loading=\"lazy\" width=\"1024\" height=\"683\" data-id=\"26438\"  src=\"https:\/\/www.ifbaiano.edu.br\/unidades\/santaines\/files\/2025\/12\/0392-IMG_4682-1024x683.webp\" alt=\"\" class=\"wp-image-26438\" srcset=\"https:\/\/www.ifbaiano.edu.br\/unidades\/santaines\/files\/2025\/12\/0392-IMG_4682-1024x683.webp 1024w, https:\/\/www.ifbaiano.edu.br\/unidades\/santaines\/files\/2025\/12\/0392-IMG_4682-300x200.webp 300w, https:\/\/www.ifbaiano.edu.br\/unidades\/santaines\/files\/2025\/12\/0392-IMG_4682-768x512.webp 768w, https:\/\/www.ifbaiano.edu.br\/unidades\/santaines\/files\/2025\/12\/0392-IMG_4682-1536x1024.webp 1536w, https:\/\/www.ifbaiano.edu.br\/unidades\/santaines\/files\/2025\/12\/0392-IMG_4682-100x67.webp 100w, https:\/\/www.ifbaiano.edu.br\/unidades\/santaines\/files\/2025\/12\/0392-IMG_4682.webp 1620w\" sizes=\"(max-width: 1024px) 100vw, 1024px\" \/><\/a><\/figure>\n\n\n\n<figure class=\"wp-block-image size-large\"><a href=\"https:\/\/www.ifbaiano.edu.br\/unidades\/santaines\/files\/2025\/12\/0377-IMG_4677.webp\"><img decoding=\"async\" loading=\"lazy\" width=\"1024\" height=\"683\" data-id=\"26435\"  src=\"https:\/\/www.ifbaiano.edu.br\/unidades\/santaines\/files\/2025\/12\/0377-IMG_4677-1024x683.webp\" alt=\"\" class=\"wp-image-26435\" srcset=\"https:\/\/www.ifbaiano.edu.br\/unidades\/santaines\/files\/2025\/12\/0377-IMG_4677-1024x683.webp 1024w, https:\/\/www.ifbaiano.edu.br\/unidades\/santaines\/files\/2025\/12\/0377-IMG_4677-300x200.webp 300w, https:\/\/www.ifbaiano.edu.br\/unidades\/santaines\/files\/2025\/12\/0377-IMG_4677-768x512.webp 768w, https:\/\/www.ifbaiano.edu.br\/unidades\/santaines\/files\/2025\/12\/0377-IMG_4677-1536x1024.webp 1536w, https:\/\/www.ifbaiano.edu.br\/unidades\/santaines\/files\/2025\/12\/0377-IMG_4677-100x67.webp 100w, https:\/\/www.ifbaiano.edu.br\/unidades\/santaines\/files\/2025\/12\/0377-IMG_4677.webp 1620w\" sizes=\"(max-width: 1024px) 100vw, 1024px\" \/><\/a><\/figure>\n<\/figure>\n\n\n\n<p>A noite de abertura contou ainda com a participa\u00e7\u00e3o especial do egresso Rafael Santos, formado nos cursos T\u00e9cnico em Agropecu\u00e1ria (Integrado ao Ensino M\u00e9dio) e Licenciatura em Ci\u00eancias Biol\u00f3gicas, atualmente professor da rede estadual e eleito melhor professor da Bahia, reconhecimento concedido pelo Senado Federal. Junto a ele esteve seu orientado, Pedro Ferreira Santos, premiado como Jovem Senador. Ambos foram homenageados como exemplos inspiradores de trajet\u00f3rias cient\u00edficas iniciadas no Campus Santa In\u00eas.<\/p>\n\n\n\n<p>A professora Adriana Concei\u00e7\u00e3o fala sobre a import\u00e2ncia de eventos dessa natureza com debates e apresenta\u00e7\u00f5es de diversos trabalhos e temas relevantes \u201cdebatendo, especialmente, o tema: Cultura Oce\u00e2nica e mostrando que estamos conectados, sofrendo influ\u00eancias e sendo influenciados pelos oceanos, aproximando os participantes dessa tem\u00e1tica t\u00e3o importante que foi um dos temas da COP30\u201d.<\/p>\n\n\n\n<p>A estudante \u00c9rica, da Licenciatura em Ci\u00eancias Biol\u00f3gicas, destacou a import\u00e2ncia desse momento: \u201cGostei bastante. A tem\u00e1tica foi muito interessante e a abordagem tamb\u00e9m. A representatividade foi maravilhosa, especialmente por serem todos do Vale do Jiquiri\u00e7\u00e1. Sou f\u00e3 do professor Rafael; a trajet\u00f3ria dele \u00e9 inspiradora.\u201d<\/p>\n\n\n\n<p><strong>Feira de Ci\u00eancias re\u00fane estudantes e promove viv\u00eancias pr\u00e1ticas<\/strong><\/p>\n\n\n\n<p>No dia 26, durante a tarde, ocorreu a Feira de Ci\u00eancias, que mobilizou grande participa\u00e7\u00e3o dos estudantes dos Cursos T\u00e9cnicos Integrados. Foram apresentados experimentos, prot\u00f3tipos e pesquisas que despertaram curiosidade e entusiasmo entre os visitantes.<\/p>\n\n\n\n<figure class=\"wp-block-gallery has-nested-images columns-default is-cropped wp-block-gallery-3 is-layout-flex\">\n<figure class=\"wp-block-image size-large\"><a href=\"https:\/\/www.ifbaiano.edu.br\/unidades\/santaines\/files\/2025\/12\/0422-IMG_4880.webp\"><img decoding=\"async\" loading=\"lazy\" width=\"1024\" height=\"683\" data-id=\"26443\"  src=\"https:\/\/www.ifbaiano.edu.br\/unidades\/santaines\/files\/2025\/12\/0422-IMG_4880-1024x683.webp\" alt=\"\" class=\"wp-image-26443\" srcset=\"https:\/\/www.ifbaiano.edu.br\/unidades\/santaines\/files\/2025\/12\/0422-IMG_4880-1024x683.webp 1024w, https:\/\/www.ifbaiano.edu.br\/unidades\/santaines\/files\/2025\/12\/0422-IMG_4880-300x200.webp 300w, https:\/\/www.ifbaiano.edu.br\/unidades\/santaines\/files\/2025\/12\/0422-IMG_4880-768x512.webp 768w, https:\/\/www.ifbaiano.edu.br\/unidades\/santaines\/files\/2025\/12\/0422-IMG_4880-1536x1024.webp 1536w, https:\/\/www.ifbaiano.edu.br\/unidades\/santaines\/files\/2025\/12\/0422-IMG_4880-100x67.webp 100w, https:\/\/www.ifbaiano.edu.br\/unidades\/santaines\/files\/2025\/12\/0422-IMG_4880.webp 1620w\" sizes=\"(max-width: 1024px) 100vw, 1024px\" \/><\/a><\/figure>\n\n\n\n<figure class=\"wp-block-image size-large\"><a href=\"https:\/\/www.ifbaiano.edu.br\/unidades\/santaines\/files\/2025\/12\/0428-IMG_4884.webp\"><img decoding=\"async\" loading=\"lazy\" width=\"1024\" height=\"683\" data-id=\"26444\"  src=\"https:\/\/www.ifbaiano.edu.br\/unidades\/santaines\/files\/2025\/12\/0428-IMG_4884-1024x683.webp\" alt=\"\" class=\"wp-image-26444\" srcset=\"https:\/\/www.ifbaiano.edu.br\/unidades\/santaines\/files\/2025\/12\/0428-IMG_4884-1024x683.webp 1024w, https:\/\/www.ifbaiano.edu.br\/unidades\/santaines\/files\/2025\/12\/0428-IMG_4884-300x200.webp 300w, https:\/\/www.ifbaiano.edu.br\/unidades\/santaines\/files\/2025\/12\/0428-IMG_4884-768x512.webp 768w, https:\/\/www.ifbaiano.edu.br\/unidades\/santaines\/files\/2025\/12\/0428-IMG_4884-1536x1024.webp 1536w, https:\/\/www.ifbaiano.edu.br\/unidades\/santaines\/files\/2025\/12\/0428-IMG_4884-100x67.webp 100w, https:\/\/www.ifbaiano.edu.br\/unidades\/santaines\/files\/2025\/12\/0428-IMG_4884.webp 1620w\" sizes=\"(max-width: 1024px) 100vw, 1024px\" \/><\/a><\/figure>\n\n\n\n<figure class=\"wp-block-image size-large\"><a href=\"https:\/\/www.ifbaiano.edu.br\/unidades\/santaines\/files\/2025\/12\/0432-IMG_4895.webp\"><img decoding=\"async\" loading=\"lazy\" width=\"1024\" height=\"683\" data-id=\"26445\"  src=\"https:\/\/www.ifbaiano.edu.br\/unidades\/santaines\/files\/2025\/12\/0432-IMG_4895-1024x683.webp\" alt=\"\" class=\"wp-image-26445\" srcset=\"https:\/\/www.ifbaiano.edu.br\/unidades\/santaines\/files\/2025\/12\/0432-IMG_4895-1024x683.webp 1024w, https:\/\/www.ifbaiano.edu.br\/unidades\/santaines\/files\/2025\/12\/0432-IMG_4895-300x200.webp 300w, https:\/\/www.ifbaiano.edu.br\/unidades\/santaines\/files\/2025\/12\/0432-IMG_4895-768x512.webp 768w, https:\/\/www.ifbaiano.edu.br\/unidades\/santaines\/files\/2025\/12\/0432-IMG_4895-1536x1024.webp 1536w, https:\/\/www.ifbaiano.edu.br\/unidades\/santaines\/files\/2025\/12\/0432-IMG_4895-100x67.webp 100w, https:\/\/www.ifbaiano.edu.br\/unidades\/santaines\/files\/2025\/12\/0432-IMG_4895.webp 1620w\" sizes=\"(max-width: 1024px) 100vw, 1024px\" \/><\/a><\/figure>\n\n\n\n<figure class=\"wp-block-image size-large\"><a href=\"https:\/\/www.ifbaiano.edu.br\/unidades\/santaines\/files\/2025\/12\/0436-IMG_4898.webp\"><img decoding=\"async\" loading=\"lazy\" width=\"1024\" height=\"683\" data-id=\"26446\"  src=\"https:\/\/www.ifbaiano.edu.br\/unidades\/santaines\/files\/2025\/12\/0436-IMG_4898-1024x683.webp\" alt=\"\" class=\"wp-image-26446\" srcset=\"https:\/\/www.ifbaiano.edu.br\/unidades\/santaines\/files\/2025\/12\/0436-IMG_4898-1024x683.webp 1024w, https:\/\/www.ifbaiano.edu.br\/unidades\/santaines\/files\/2025\/12\/0436-IMG_4898-300x200.webp 300w, https:\/\/www.ifbaiano.edu.br\/unidades\/santaines\/files\/2025\/12\/0436-IMG_4898-768x512.webp 768w, https:\/\/www.ifbaiano.edu.br\/unidades\/santaines\/files\/2025\/12\/0436-IMG_4898-1536x1024.webp 1536w, https:\/\/www.ifbaiano.edu.br\/unidades\/santaines\/files\/2025\/12\/0436-IMG_4898-100x67.webp 100w, https:\/\/www.ifbaiano.edu.br\/unidades\/santaines\/files\/2025\/12\/0436-IMG_4898.webp 1620w\" sizes=\"(max-width: 1024px) 100vw, 1024px\" \/><\/a><\/figure>\n\n\n\n<figure class=\"wp-block-image size-large\"><a href=\"https:\/\/www.ifbaiano.edu.br\/unidades\/santaines\/files\/2025\/12\/0441-IMG_4910.webp\"><img decoding=\"async\" loading=\"lazy\" width=\"1024\" height=\"683\" data-id=\"26447\"  src=\"https:\/\/www.ifbaiano.edu.br\/unidades\/santaines\/files\/2025\/12\/0441-IMG_4910-1024x683.webp\" alt=\"\" class=\"wp-image-26447\" srcset=\"https:\/\/www.ifbaiano.edu.br\/unidades\/santaines\/files\/2025\/12\/0441-IMG_4910-1024x683.webp 1024w, https:\/\/www.ifbaiano.edu.br\/unidades\/santaines\/files\/2025\/12\/0441-IMG_4910-300x200.webp 300w, https:\/\/www.ifbaiano.edu.br\/unidades\/santaines\/files\/2025\/12\/0441-IMG_4910-768x512.webp 768w, https:\/\/www.ifbaiano.edu.br\/unidades\/santaines\/files\/2025\/12\/0441-IMG_4910-1536x1024.webp 1536w, https:\/\/www.ifbaiano.edu.br\/unidades\/santaines\/files\/2025\/12\/0441-IMG_4910-100x67.webp 100w, https:\/\/www.ifbaiano.edu.br\/unidades\/santaines\/files\/2025\/12\/0441-IMG_4910.webp 1620w\" sizes=\"(max-width: 1024px) 100vw, 1024px\" \/><\/a><\/figure>\n\n\n\n<figure class=\"wp-block-image size-large\"><a href=\"https:\/\/www.ifbaiano.edu.br\/unidades\/santaines\/files\/2025\/12\/0446-IMG_4918.webp\"><img decoding=\"async\" loading=\"lazy\" width=\"1024\" height=\"683\" data-id=\"26448\"  src=\"https:\/\/www.ifbaiano.edu.br\/unidades\/santaines\/files\/2025\/12\/0446-IMG_4918-1024x683.webp\" alt=\"\" class=\"wp-image-26448\" srcset=\"https:\/\/www.ifbaiano.edu.br\/unidades\/santaines\/files\/2025\/12\/0446-IMG_4918-1024x683.webp 1024w, https:\/\/www.ifbaiano.edu.br\/unidades\/santaines\/files\/2025\/12\/0446-IMG_4918-300x200.webp 300w, https:\/\/www.ifbaiano.edu.br\/unidades\/santaines\/files\/2025\/12\/0446-IMG_4918-768x512.webp 768w, https:\/\/www.ifbaiano.edu.br\/unidades\/santaines\/files\/2025\/12\/0446-IMG_4918-1536x1024.webp 1536w, https:\/\/www.ifbaiano.edu.br\/unidades\/santaines\/files\/2025\/12\/0446-IMG_4918-100x67.webp 100w, https:\/\/www.ifbaiano.edu.br\/unidades\/santaines\/files\/2025\/12\/0446-IMG_4918.webp 1620w\" sizes=\"(max-width: 1024px) 100vw, 1024px\" \/><\/a><\/figure>\n<\/figure>\n\n\n\n<p>O professor do campus, Juscivaldo Santos, relatou a satisfa\u00e7\u00e3o com o envolvimento dos alunos: \u201cImpressionou-me a vontade deles apresentarem. Chamavam o p\u00fablico e repetiam as explica\u00e7\u00f5es com alegria. Muitos venceram a timidez e a dificuldade de falar em p\u00fablico.\u201d<\/p>\n\n\n\n<p>Para o Tamb\u00e9m professor do campus, Guilherme Cardoso, a motiva\u00e7\u00e3o dos estudantes ficou evidente: \u201cFizeram um excelente trabalho. O engajamento e a criatividade foram surpreendentes. Pela dimens\u00e3o da Feira, acredito at\u00e9 que poderia ser realizada ao longo de todo o dia na pr\u00f3xima edi\u00e7\u00e3o.\u201d<\/p>\n\n\n\n<p>A coordenadora de Ensino, Tharcilla Pess\u00f4a, refor\u00e7ou a relev\u00e2ncia pedag\u00f3gica da atividade: \u201cA feira de ci\u00eancias estimula a curiosidade, o pensamento cr\u00edtico e a criatividade. Os alunos aprendem de forma pr\u00e1tica a comunicar ideias e trabalhar em equipe. Muitos participaram pela primeira vez e j\u00e1 est\u00e3o ansiosos pela pr\u00f3xima edi\u00e7\u00e3o.\u201d<\/p>\n\n\n\n<p><strong>Minicursos, estandes e integra\u00e7\u00e3o marcam o terceiro dia<\/strong><\/p>\n\n\n\n<p>O \u00faltimo dia da SNCT, 27 de novembro, contou com programa\u00e7\u00e3o cont\u00ednua pela manh\u00e3 e \u00e0 tarde, reunindo estandes tem\u00e1ticos, minicursos e apresenta\u00e7\u00f5es de trabalhos. Estudantes das escolas municipais de Santa In\u00eas e Cravol\u00e2ndia tamb\u00e9m participaram, ampliando a integra\u00e7\u00e3o entre institui\u00e7\u00f5es e aproximando a comunidade da produ\u00e7\u00e3o cient\u00edfica do Campus.<\/p>\n\n\n\n<p>A estudante Yasmin Munis, do Curso T\u00e9cnico Integrado em Zootecnia, avaliou a experi\u00eancia como transformadora: \u201c\u201cA Semana de Ci\u00eancia e Tecnologia foi extremamente enriquecedora. As palestras, oficinas e exposi\u00e7\u00f5es ampliaram nossos conhecimentos e fortaleceram nosso interesse pela pesquisa. Foi uma oportunidade de aprender coletivamente e se inspirar para um futuro mais tecnol\u00f3gico e criativo.\u201d<\/p>\n\n\n\n<p>O aluno Vin\u00edcius Dias, do Bacharelado em Zootecnia, destacou a troca de saberes proporcionada pelos estandes, especialmente o do Grupo de Estudos em Caprinos e Ovinos (GECO), que apresentou ra\u00e7as da regi\u00e3o, equipamentos, anatomia e uma degusta\u00e7\u00e3o de produtos derivados da caprinovinicultura.<br>\u201cEventos como esse s\u00e3o importantes para a forma\u00e7\u00e3o. O estande mostrou alimentos pouco consumidos na regi\u00e3o e permitiu ao p\u00fablico conhecer e valorizar a caprinovinocultura\u201d, comentou.<\/p>\n\n\n\n<p>A professora Caroline Pereira Correia, que tamb\u00e9m integrou a comiss\u00e3o organizadora, ressaltou o impacto da programa\u00e7\u00e3o: \u201cFoi uma experi\u00eancia enriquecedora, de grande troca de conhecimentos e pr\u00e1ticas cient\u00edficas essenciais. A SNCT refor\u00e7a a ci\u00eancia como instrumento de transforma\u00e7\u00e3o social. O ambiente foi acolhedor e muito inspirador.\u201d<\/p>\n\n\n\n<p><strong>Organiza\u00e7\u00e3o coletiva e compromisso com a ci\u00eancia<\/strong><\/p>\n\n\n\n<p>Para o professor Fred Juli\u00e3o, presidente da comiss\u00e3o organizadora, o evento demonstrou o potencial do Campus mesmo diante de desafios: \u201cQuando se deseja algo e se trabalha no coletivo, torna-se realidade. Em tempos de limita\u00e7\u00e3o or\u00e7ament\u00e1ria, mostramos o quanto o IF Baiano \u00e9 formado por profissionais altamente qualificados.\u201d<\/p>\n\n\n\n<p>A estudante Ana Rute, da comiss\u00e3o organizadora, celebrou o resultado: \u201cO evento foi lindo. Parabenizo toda a comiss\u00e3o. Voc\u00eas arrasam!\u201d<\/p>\n\n\n\n<p><strong>Ci\u00eancia para formar o presente e transformar o futuro<\/strong><\/p>\n\n\n\n<p>Ao longo de tr\u00eas dias, a SNCT no IF Baiano \u2013 Campus Santa In\u00eas consolidou-se como um espa\u00e7o de aprendizado, inova\u00e7\u00e3o e integra\u00e7\u00e3o social, fortalecendo a forma\u00e7\u00e3o cr\u00edtica dos estudantes e aproximando a comunidade das pr\u00e1ticas cient\u00edficas.<\/p>\n\n\n\n<p>Estudantes, egressos, professores e visitantes puderam vivenciar a ci\u00eancia de forma colaborativa, criativa e significativa \u2014 reafirmando o compromisso do Campus com a educa\u00e7\u00e3o transformadora e com a constru\u00e7\u00e3o de novos caminhos para o futuro.<\/p>\n\n\n\n<figure class=\"wp-block-gallery has-nested-images columns-default is-cropped wp-block-gallery-5 is-layout-flex\">\n<figure class=\"wp-block-image size-large\"><a href=\"https:\/\/www.ifbaiano.edu.br\/unidades\/santaines\/files\/2025\/12\/0466-IMG_5414.webp\"><img decoding=\"async\" loading=\"lazy\" width=\"1024\" height=\"683\" data-id=\"26453\"  src=\"https:\/\/www.ifbaiano.edu.br\/unidades\/santaines\/files\/2025\/12\/0466-IMG_5414-1024x683.webp\" alt=\"\" class=\"wp-image-26453\" srcset=\"https:\/\/www.ifbaiano.edu.br\/unidades\/santaines\/files\/2025\/12\/0466-IMG_5414-1024x683.webp 1024w, https:\/\/www.ifbaiano.edu.br\/unidades\/santaines\/files\/2025\/12\/0466-IMG_5414-300x200.webp 300w, https:\/\/www.ifbaiano.edu.br\/unidades\/santaines\/files\/2025\/12\/0466-IMG_5414-768x512.webp 768w, https:\/\/www.ifbaiano.edu.br\/unidades\/santaines\/files\/2025\/12\/0466-IMG_5414-1536x1024.webp 1536w, https:\/\/www.ifbaiano.edu.br\/unidades\/santaines\/files\/2025\/12\/0466-IMG_5414-100x67.webp 100w, https:\/\/www.ifbaiano.edu.br\/unidades\/santaines\/files\/2025\/12\/0466-IMG_5414.webp 1620w\" sizes=\"(max-width: 1024px) 100vw, 1024px\" \/><\/a><\/figure>\n\n\n\n<figure class=\"wp-block-image size-large\"><a href=\"https:\/\/www.ifbaiano.edu.br\/unidades\/santaines\/files\/2025\/12\/0483-IMG_5411.webp\"><img decoding=\"async\" loading=\"lazy\" width=\"1024\" height=\"683\" data-id=\"26457\"  src=\"https:\/\/www.ifbaiano.edu.br\/unidades\/santaines\/files\/2025\/12\/0483-IMG_5411-1024x683.webp\" alt=\"\" class=\"wp-image-26457\" srcset=\"https:\/\/www.ifbaiano.edu.br\/unidades\/santaines\/files\/2025\/12\/0483-IMG_5411-1024x683.webp 1024w, https:\/\/www.ifbaiano.edu.br\/unidades\/santaines\/files\/2025\/12\/0483-IMG_5411-300x200.webp 300w, https:\/\/www.ifbaiano.edu.br\/unidades\/santaines\/files\/2025\/12\/0483-IMG_5411-768x512.webp 768w, https:\/\/www.ifbaiano.edu.br\/unidades\/santaines\/files\/2025\/12\/0483-IMG_5411-1536x1024.webp 1536w, https:\/\/www.ifbaiano.edu.br\/unidades\/santaines\/files\/2025\/12\/0483-IMG_5411-100x67.webp 100w, https:\/\/www.ifbaiano.edu.br\/unidades\/santaines\/files\/2025\/12\/0483-IMG_5411.webp 1620w\" sizes=\"(max-width: 1024px) 100vw, 1024px\" \/><\/a><\/figure>\n\n\n\n<figure class=\"wp-block-image size-large\"><a href=\"https:\/\/www.ifbaiano.edu.br\/unidades\/santaines\/files\/2025\/12\/0474-IMG_5434.webp\"><img decoding=\"async\" loading=\"lazy\" width=\"1024\" height=\"683\" data-id=\"26455\"  src=\"https:\/\/www.ifbaiano.edu.br\/unidades\/santaines\/files\/2025\/12\/0474-IMG_5434-1024x683.webp\" alt=\"\" class=\"wp-image-26455\" srcset=\"https:\/\/www.ifbaiano.edu.br\/unidades\/santaines\/files\/2025\/12\/0474-IMG_5434-1024x683.webp 1024w, https:\/\/www.ifbaiano.edu.br\/unidades\/santaines\/files\/2025\/12\/0474-IMG_5434-300x200.webp 300w, https:\/\/www.ifbaiano.edu.br\/unidades\/santaines\/files\/2025\/12\/0474-IMG_5434-768x512.webp 768w, https:\/\/www.ifbaiano.edu.br\/unidades\/santaines\/files\/2025\/12\/0474-IMG_5434-1536x1024.webp 1536w, https:\/\/www.ifbaiano.edu.br\/unidades\/santaines\/files\/2025\/12\/0474-IMG_5434-100x67.webp 100w, https:\/\/www.ifbaiano.edu.br\/unidades\/santaines\/files\/2025\/12\/0474-IMG_5434.webp 1620w\" sizes=\"(max-width: 1024px) 100vw, 1024px\" \/><\/a><\/figure>\n\n\n\n<figure class=\"wp-block-image size-large\"><a href=\"https:\/\/www.ifbaiano.edu.br\/unidades\/santaines\/files\/2025\/12\/0454-IMG_5394.webp\"><img decoding=\"async\" loading=\"lazy\" width=\"1024\" height=\"683\" data-id=\"26450\"  src=\"https:\/\/www.ifbaiano.edu.br\/unidades\/santaines\/files\/2025\/12\/0454-IMG_5394-1024x683.webp\" alt=\"\" class=\"wp-image-26450\" srcset=\"https:\/\/www.ifbaiano.edu.br\/unidades\/santaines\/files\/2025\/12\/0454-IMG_5394-1024x683.webp 1024w, https:\/\/www.ifbaiano.edu.br\/unidades\/santaines\/files\/2025\/12\/0454-IMG_5394-300x200.webp 300w, https:\/\/www.ifbaiano.edu.br\/unidades\/santaines\/files\/2025\/12\/0454-IMG_5394-768x512.webp 768w, https:\/\/www.ifbaiano.edu.br\/unidades\/santaines\/files\/2025\/12\/0454-IMG_5394-1536x1024.webp 1536w, https:\/\/www.ifbaiano.edu.br\/unidades\/santaines\/files\/2025\/12\/0454-IMG_5394-100x67.webp 100w, https:\/\/www.ifbaiano.edu.br\/unidades\/santaines\/files\/2025\/12\/0454-IMG_5394.webp 1620w\" sizes=\"(max-width: 1024px) 100vw, 1024px\" \/><\/a><\/figure>\n\n\n\n<figure class=\"wp-block-image size-large\"><a href=\"https:\/\/www.ifbaiano.edu.br\/unidades\/santaines\/files\/2025\/12\/0462-IMG_5401.webp\"><img decoding=\"async\" loading=\"lazy\" width=\"1024\" height=\"683\" data-id=\"26452\"  src=\"https:\/\/www.ifbaiano.edu.br\/unidades\/santaines\/files\/2025\/12\/0462-IMG_5401-1024x683.webp\" alt=\"\" class=\"wp-image-26452\" srcset=\"https:\/\/www.ifbaiano.edu.br\/unidades\/santaines\/files\/2025\/12\/0462-IMG_5401-1024x683.webp 1024w, https:\/\/www.ifbaiano.edu.br\/unidades\/santaines\/files\/2025\/12\/0462-IMG_5401-300x200.webp 300w, https:\/\/www.ifbaiano.edu.br\/unidades\/santaines\/files\/2025\/12\/0462-IMG_5401-768x512.webp 768w, https:\/\/www.ifbaiano.edu.br\/unidades\/santaines\/files\/2025\/12\/0462-IMG_5401-1536x1024.webp 1536w, https:\/\/www.ifbaiano.edu.br\/unidades\/santaines\/files\/2025\/12\/0462-IMG_5401-100x67.webp 100w, https:\/\/www.ifbaiano.edu.br\/unidades\/santaines\/files\/2025\/12\/0462-IMG_5401.webp 1620w\" sizes=\"(max-width: 1024px) 100vw, 1024px\" \/><\/a><\/figure>\n\n\n\n<figure class=\"wp-block-image size-large\"><a href=\"https:\/\/www.ifbaiano.edu.br\/unidades\/santaines\/files\/2025\/12\/0487-IMG_5441.webp\"><img decoding=\"async\" loading=\"lazy\" width=\"1024\" height=\"683\" data-id=\"26458\"  src=\"https:\/\/www.ifbaiano.edu.br\/unidades\/santaines\/files\/2025\/12\/0487-IMG_5441-1024x683.webp\" alt=\"\" class=\"wp-image-26458\" srcset=\"https:\/\/www.ifbaiano.edu.br\/unidades\/santaines\/files\/2025\/12\/0487-IMG_5441-1024x683.webp 1024w, https:\/\/www.ifbaiano.edu.br\/unidades\/santaines\/files\/2025\/12\/0487-IMG_5441-300x200.webp 300w, https:\/\/www.ifbaiano.edu.br\/unidades\/santaines\/files\/2025\/12\/0487-IMG_5441-768x512.webp 768w, https:\/\/www.ifbaiano.edu.br\/unidades\/santaines\/files\/2025\/12\/0487-IMG_5441-1536x1024.webp 1536w, https:\/\/www.ifbaiano.edu.br\/unidades\/santaines\/files\/2025\/12\/0487-IMG_5441-100x67.webp 100w, https:\/\/www.ifbaiano.edu.br\/unidades\/santaines\/files\/2025\/12\/0487-IMG_5441.webp 1620w\" sizes=\"(max-width: 1024px) 100vw, 1024px\" \/><\/a><\/figure>\n<\/figure>\n\n\n\n<hr class=\"wp-block-separator has-alpha-channel-opacity\" \/>\n\n\n\n<p><\/p>\n","protected":false},"excerpt":{"rendered":"<p>Entre os dias 25 e 27 de novembro, o IF Baiano \u2013 Campus Santa In\u00eas promoveu a Semana Nacional de Ci\u00eancia e Tecnologia (SNCT), realizada juntamente com a Feira de Ci\u00eancias. O evento reuniu cerca de 700 participantes, entre estudantes, servidores, colaboradores e visitantes dos munic\u00edpios de Santa In\u00eas e Cravol\u00e2ndia e Mutu\u00edpe, fortalecendo o [&hellip;]<\/p>\n","protected":false},"author":86,"featured_media":26440,"comment_status":"closed","ping_status":"closed","sticky":false,"template":"","format":"standard","meta":[],"categories":[4,5,23,57],"tags":[],"_links":{"self":[{"href":"https:\/\/www.ifbaiano.edu.br\/unidades\/santaines\/wp-json\/wp\/v2\/posts\/26431"}],"collection":[{"href":"https:\/\/www.ifbaiano.edu.br\/unidades\/santaines\/wp-json\/wp\/v2\/posts"}],"about":[{"href":"https:\/\/www.ifbaiano.edu.br\/unidades\/santaines\/wp-json\/wp\/v2\/types\/post"}],"author":[{"embeddable":true,"href":"https:\/\/www.ifbaiano.edu.br\/unidades\/santaines\/wp-json\/wp\/v2\/users\/86"}],"replies":[{"embeddable":true,"href":"https:\/\/www.ifbaiano.edu.br\/unidades\/santaines\/wp-json\/wp\/v2\/comments?post=26431"}],"version-history":[{"count":1,"href":"https:\/\/www.ifbaiano.edu.br\/unidades\/santaines\/wp-json\/wp\/v2\/posts\/26431\/revisions"}],"predecessor-version":[{"id":26459,"href":"https:\/\/www.ifbaiano.edu.br\/unidades\/santaines\/wp-json\/wp\/v2\/posts\/26431\/revisions\/26459"}],"wp:featuredmedia":[{"embeddable":true,"href":"https:\/\/www.ifbaiano.edu.br\/unidades\/santaines\/wp-json\/wp\/v2\/media\/26440"}],"wp:attachment":[{"href":"https:\/\/www.ifbaiano.edu.br\/unidades\/santaines\/wp-json\/wp\/v2\/media?parent=26431"}],"wp:term":[{"taxonomy":"category","embeddable":true,"href":"https:\/\/www.ifbaiano.edu.br\/unidades\/santaines\/wp-json\/wp\/v2\/categories?post=26431"},{"taxonomy":"post_tag","embeddable":true,"href":"https:\/\/www.ifbaiano.edu.br\/unidades\/santaines\/wp-json\/wp\/v2\/tags?post=26431"}],"curies":[{"name":"wp","href":"https:\/\/api.w.org\/{rel}","templated":true}]}}