{"id":26475,"date":"2025-12-03T15:37:12","date_gmt":"2025-12-03T18:37:12","guid":{"rendered":"https:\/\/www.ifbaiano.edu.br\/unidades\/santaines\/?p=26475"},"modified":"2025-12-05T11:31:28","modified_gmt":"2025-12-05T14:31:28","slug":"o-processo-seletivo-para-concessao-de-bolsas-de-monitoria-teve-seu-cronograma-estendido","status":"publish","type":"post","link":"https:\/\/www.ifbaiano.edu.br\/unidades\/santaines\/o-processo-seletivo-para-concessao-de-bolsas-de-monitoria-teve-seu-cronograma-estendido\/","title":{"rendered":"Processo seletivo para concess\u00e3o de bolsas de monitoria tem retifica\u00e7\u00f5es no edital"},"content":{"rendered":"\n<p>O Instituto Federal Baiano (IF Baiano), Campus Santa In\u00eas, publicou na \u00faltima quarta-feira (03) o\u00a0<strong><a href=\"https:\/\/www.ifbaiano.edu.br\/unidades\/santaines\/files\/2025\/12\/EDITAL-DE-RETIFICACAO-No-39_2025.pdf\">Edital de Retifica\u00e7\u00e3o n\u00ba 39\/2025<\/a><\/strong> e nesta sexta-feira, 05, o <a href=\"https:\/\/www.ifbaiano.edu.br\/unidades\/santaines\/files\/2025\/12\/EDITAL-DE-RETIFICACAO-No-40_2025-MONITORIA.pdf\">Edital de Retifica\u00e7\u00e3o n\u00ba 40\/2025<\/a>. O certame visa selecionar estudantes para 07 (sete) bolsas remuneradas e forma\u00e7\u00e3o de cadastro de reserva para monitoria volunt\u00e1ria, com vig\u00eancia prevista de fevereiro de 2025 a dezembro de 2026.<\/p>\n\n\n\n<p><strong>Altera\u00e7\u00e3o no Cronograma<\/strong><\/p>\n\n\n\n<p>A <strong>interposi\u00e7\u00e3o de recursos sobre a homologa\u00e7\u00e3o das inscri\u00e7\u00f5es<\/strong>&nbsp;foi estendida at\u00e9 o dia&nbsp;<strong>04 de dezembro de 2025<\/strong>. Confira como ficam as novas datas das pr\u00f3ximas etapas:<\/p>\n\n\n\n<ul>\n<li><strong>Per\u00edodo de Sele\u00e7\u00e3o: <\/strong>08 a 09\/12<\/li>\n\n\n\n<li><strong>Resultado Preliminar de Classifica\u00e7\u00e3o:<\/strong> 10\/12<\/li>\n\n\n\n<li><strong>Recursos sobre o Resultado Preliminar: <\/strong>11\/12<\/li>\n\n\n\n<li><strong>Resultado Final: <\/strong>12\/12<\/li>\n\n\n\n<li><strong>Assinatura do Termo de Compromisso: <\/strong>15\/12\/2025 a 02\/02\/2026<\/li>\n<\/ul>\n\n\n\n<p><strong>Mudan\u00e7a nos Requisitos (Item 9.3)<\/strong><\/p>\n\n\n\n<p>O novo documento tamb\u00e9m traz uma facilidade para os estudantes que precisam comprovar a aprova\u00e7\u00e3o no componente curricular que desejam monitorar: \u201cA comprova\u00e7\u00e3o de aprova\u00e7\u00e3o pr\u00e9via na disciplina poder\u00e1 ser realizada por declara\u00e7\u00e3o emitida pelo(a) professor(a) respons\u00e1vel pela disciplina\u201d.<\/p>\n\n\n\n<p>Para mais informa\u00e7\u00f5es e acesso aos formul\u00e1rios atualizados, os candidatos devem consultar as not\u00edcias publicadas na p\u00e1gina oficial do IF Baiano \u2013 Campus Santa In\u00eas.<\/p>\n\n\n\n<h4 class=\"wp-block-heading\">Mudan\u00e7a nas Disciplinas (Edital n\u00ba 40)<\/h4>\n\n\n\n<p>A altera\u00e7\u00e3o mais recente impacta diretamente os candidatos \u00e0s vagas de monitoria para os Cursos T\u00e9cnicos Integrados. O documento corrige a distribui\u00e7\u00e3o das disciplinas ofertadas.<\/p>\n\n\n\n<p>Anteriormente listadas para o 2\u00ba ano, as monitorias de&nbsp;<strong>Biologia<\/strong>&nbsp;e&nbsp;<strong>Matem\u00e1tica<\/strong>&nbsp;passam a ser destinadas aos conte\u00fados do&nbsp;<strong>1\u00ba ano<\/strong>&nbsp;do Ensino M\u00e9dio.<\/p>\n\n\n\n<p>Confira como ficou a distribui\u00e7\u00e3o das vagas para os Cursos T\u00e9cnicos Integrados (Agropecu\u00e1ria, Alimentos, Inform\u00e1tica e Zootecnia):<\/p>\n\n\n\n<ul>\n<li><strong>L\u00edngua Inglesa:<\/strong>&nbsp;2\u00ba ano (1 vaga)<\/li>\n\n\n\n<li><strong>Redes de Computadores:<\/strong>&nbsp;2\u00ba ano (1 vaga)<\/li>\n\n\n\n<li><strong>Biologia:<\/strong>&nbsp;1\u00ba ano (1 vaga) \u2013&nbsp;<em>Alterado<\/em><\/li>\n\n\n\n<li><strong>Matem\u00e1tica:<\/strong>&nbsp;1\u00ba ano (1 vaga) \u2013&nbsp;<em>Alterado<\/em><\/li>\n\n\n\n<li><strong>Filosofia:<\/strong>&nbsp;1 vaga para cada curso t\u00e9cnico (Alimentos, Inform\u00e1tica e Zootecnia).<\/li>\n<\/ul>\n\n\n\n<hr class=\"wp-block-separator has-alpha-channel-opacity\" \/>\n\n\n\n<p>Leia outras mat\u00e9rias sobre esse Processo Seleitvo:<\/p>\n\n\n\n<ul>\n<li><a href=\"https:\/\/www.ifbaiano.edu.br\/unidades\/santaines\/campus-santa-ines-abre-selecao-para-bolsas-de-monitoria-confira-quem-pode-participar-como-se-inscrever-e-quais-sao-as-vagas-disponiveis\/\">Campus Santa In\u00eas abre sele\u00e7\u00e3o para bolsas de monitoria: confira quem pode participar, como se inscrever e quais s\u00e3o as vagas dispon\u00edveis<\/a><\/li>\n\n\n\n<li><a href=\"https:\/\/www.ifbaiano.edu.br\/unidades\/santaines\/if-baiano-campus-santa-ines-divulga-lista-de-inscricoes-homologadas-para-selecao-de-monitoria\/\">IF Baiano \u2013 Campus Santa In\u00eas divulga lista de inscri\u00e7\u00f5es homologadas para sele\u00e7\u00e3o de monitoria<\/a><\/li>\n<\/ul>\n","protected":false},"excerpt":{"rendered":"<p>Al\u00e9m do cronograma estendido, o processo seletivo trouxe flexibilidade na documenta\u00e7\u00e3o exigida aos candidatos.<\/p>\n","protected":false},"author":86,"featured_media":26426,"comment_status":"closed","ping_status":"closed","sticky":false,"template":"","format":"standard","meta":[],"categories":[4,38,5,8,57],"tags":[],"_links":{"self":[{"href":"https:\/\/www.ifbaiano.edu.br\/unidades\/santaines\/wp-json\/wp\/v2\/posts\/26475"}],"collection":[{"href":"https:\/\/www.ifbaiano.edu.br\/unidades\/santaines\/wp-json\/wp\/v2\/posts"}],"about":[{"href":"https:\/\/www.ifbaiano.edu.br\/unidades\/santaines\/wp-json\/wp\/v2\/types\/post"}],"author":[{"embeddable":true,"href":"https:\/\/www.ifbaiano.edu.br\/unidades\/santaines\/wp-json\/wp\/v2\/users\/86"}],"replies":[{"embeddable":true,"href":"https:\/\/www.ifbaiano.edu.br\/unidades\/santaines\/wp-json\/wp\/v2\/comments?post=26475"}],"version-history":[{"count":2,"href":"https:\/\/www.ifbaiano.edu.br\/unidades\/santaines\/wp-json\/wp\/v2\/posts\/26475\/revisions"}],"predecessor-version":[{"id":26503,"href":"https:\/\/www.ifbaiano.edu.br\/unidades\/santaines\/wp-json\/wp\/v2\/posts\/26475\/revisions\/26503"}],"wp:featuredmedia":[{"embeddable":true,"href":"https:\/\/www.ifbaiano.edu.br\/unidades\/santaines\/wp-json\/wp\/v2\/media\/26426"}],"wp:attachment":[{"href":"https:\/\/www.ifbaiano.edu.br\/unidades\/santaines\/wp-json\/wp\/v2\/media?parent=26475"}],"wp:term":[{"taxonomy":"category","embeddable":true,"href":"https:\/\/www.ifbaiano.edu.br\/unidades\/santaines\/wp-json\/wp\/v2\/categories?post=26475"},{"taxonomy":"post_tag","embeddable":true,"href":"https:\/\/www.ifbaiano.edu.br\/unidades\/santaines\/wp-json\/wp\/v2\/tags?post=26475"}],"curies":[{"name":"wp","href":"https:\/\/api.w.org\/{rel}","templated":true}]}}