{"id":26478,"date":"2025-12-04T06:53:19","date_gmt":"2025-12-04T09:53:19","guid":{"rendered":"https:\/\/www.ifbaiano.edu.br\/unidades\/santaines\/?p=26478"},"modified":"2025-12-04T06:53:19","modified_gmt":"2025-12-04T09:53:19","slug":"jeif-2025-comeca-em-senhor-do-bonfim-com-celebracao-esporte-e-musica","status":"publish","type":"post","link":"https:\/\/www.ifbaiano.edu.br\/unidades\/santaines\/jeif-2025-comeca-em-senhor-do-bonfim-com-celebracao-esporte-e-musica\/","title":{"rendered":"JEIF 2025 come\u00e7a em Senhor do Bonfim com celebra\u00e7\u00e3o, esporte e m\u00fasica"},"content":{"rendered":"\n<p>Os Jogos Escolares do IF Baiano (JEIF) come\u00e7aram nessa segunda-feira (1\u00ba), no Campus Senhor do Bonfim, transformando a unidade em um grande espa\u00e7o de encontro, integra\u00e7\u00e3o e celebra\u00e7\u00e3o do esporte. A cerim\u00f4nia de abertura, realizada na quadra poliesportiva do bairro da P\u00eara, reuniu delega\u00e7\u00f5es dos 14 campi, servidores(as) e representantes da comunidade, al\u00e9m de gestores(as) da institui\u00e7\u00e3o e autoridades do munic\u00edpio.<\/p>\n\n\n\n<figure class=\"wp-block-image\"><img decoding=\"async\" src=\"https:\/\/ifbaiano.edu.br\/portal\/wp-content\/uploads\/2025\/12\/8816-IMG_20251201_2129103-1024x455.webp\" alt=\"\" class=\"wp-image-37403\" \/><\/figure>\n\n\n\n<p>Estiveram presentes o reitor do IF Baiano, professor A\u00e9cio Jos\u00e9 Ara\u00fajo Passos Duarte, o prefeito de Senhor do Bonfim, La\u00e9rcio Muniz de Azevedo Junior, e o diretor-geral do campus anfitri\u00e3o, Jo\u00e3o Lu\u00eds Almeida Feitosa, junto a diretores(as)-gerais, pr\u00f3-reitores(as), diretores(as) sist\u00eamicos e coordenadores(as). A programa\u00e7\u00e3o foi marcada por apresenta\u00e7\u00f5es culturais e por s\u00edmbolos tradicionais do JEIF, como o desfile das delega\u00e7\u00f5es, juramentos do(a) atleta e do(a) \u00e1rbitro(a), a corrida com a tocha e o acendimento da pira.<\/p>\n\n\n\n<figure class=\"wp-block-gallery has-nested-images columns-default is-cropped wp-block-gallery-1 is-layout-flex\">\n<figure class=\"wp-block-image\"><img decoding=\"async\" data-id=\"37406\"  src=\"https:\/\/ifbaiano.edu.br\/portal\/wp-content\/uploads\/2025\/12\/9942-pira6-1024x576.webp\" alt=\"\" class=\"wp-image-37406\" \/><\/figure>\n\n\n\n<figure class=\"wp-block-image size-large\"><a href=\"https:\/\/www.ifbaiano.edu.br\/unidades\/santaines\/files\/2025\/12\/1232-1-jeif-1.webp\"><img decoding=\"async\" loading=\"lazy\" width=\"1024\" height=\"576\" data-id=\"26479\"  src=\"https:\/\/www.ifbaiano.edu.br\/unidades\/santaines\/files\/2025\/12\/1232-1-jeif-1-1024x576.webp\" alt=\"\" class=\"wp-image-26479\" srcset=\"https:\/\/www.ifbaiano.edu.br\/unidades\/santaines\/files\/2025\/12\/1232-1-jeif-1-1024x576.webp 1024w, https:\/\/www.ifbaiano.edu.br\/unidades\/santaines\/files\/2025\/12\/1232-1-jeif-1-300x169.webp 300w, https:\/\/www.ifbaiano.edu.br\/unidades\/santaines\/files\/2025\/12\/1232-1-jeif-1-768x432.webp 768w, https:\/\/www.ifbaiano.edu.br\/unidades\/santaines\/files\/2025\/12\/1232-1-jeif-1-100x56.webp 100w, https:\/\/www.ifbaiano.edu.br\/unidades\/santaines\/files\/2025\/12\/1232-1-jeif-1.webp 1536w\" sizes=\"(max-width: 1024px) 100vw, 1024px\" \/><\/a><\/figure>\n\n\n\n<figure class=\"wp-block-image size-large\"><a href=\"https:\/\/www.ifbaiano.edu.br\/unidades\/santaines\/files\/2025\/12\/1232-2-jeif-2.webp\"><img decoding=\"async\" loading=\"lazy\" width=\"1024\" height=\"576\" data-id=\"26483\"  src=\"https:\/\/www.ifbaiano.edu.br\/unidades\/santaines\/files\/2025\/12\/1232-2-jeif-2-1024x576.webp\" alt=\"\" class=\"wp-image-26483\" srcset=\"https:\/\/www.ifbaiano.edu.br\/unidades\/santaines\/files\/2025\/12\/1232-2-jeif-2-1024x576.webp 1024w, https:\/\/www.ifbaiano.edu.br\/unidades\/santaines\/files\/2025\/12\/1232-2-jeif-2-300x169.webp 300w, https:\/\/www.ifbaiano.edu.br\/unidades\/santaines\/files\/2025\/12\/1232-2-jeif-2-768x432.webp 768w, https:\/\/www.ifbaiano.edu.br\/unidades\/santaines\/files\/2025\/12\/1232-2-jeif-2-100x56.webp 100w, https:\/\/www.ifbaiano.edu.br\/unidades\/santaines\/files\/2025\/12\/1232-2-jeif-2.webp 1536w\" sizes=\"(max-width: 1024px) 100vw, 1024px\" \/><\/a><\/figure>\n<\/figure>\n\n\n\n<p>Na solenidade, o presidente da comiss\u00e3o organizadora, professor Nilton Santos, ressaltou o compromisso do IF Baiano com a forma\u00e7\u00e3o integral dos jovens e o papel do esporte como ferramenta educativa. \u201cA diversidade de modalidades demonstra o compromisso do IF Baiano com o desenvolvimento dos estudantes e a valoriza\u00e7\u00e3o do esporte como ferramenta de forma\u00e7\u00e3o\u201d, afirmou.<\/p>\n\n\n\n<p>O diretor do campus anfitri\u00e3o, Jo\u00e3o Lu\u00eds Feitosa, destacou o acolhimento do campus \u00e0s delega\u00e7\u00f5es e o papel do JEIF na conviv\u00eancia entre estudantes. \u201c\u00c9 uma alegria receber os 14 campi aqui em Senhor do Bonfim. O JEIF fortalece la\u00e7os, incentiva a disciplina e mostra, na pr\u00e1tica, como o esporte tamb\u00e9m educa. Nossa equipe se dedicou para que cada delega\u00e7\u00e3o se sentisse em casa\u201d.<\/p>\n\n\n\n<figure class=\"wp-block-gallery has-nested-images columns-default is-cropped wp-block-gallery-3 is-layout-flex\">\n<figure class=\"wp-block-image size-large\"><a href=\"https:\/\/www.ifbaiano.edu.br\/unidades\/santaines\/files\/2025\/12\/1232-4-jeif-4.webp\"><img decoding=\"async\" loading=\"lazy\" width=\"1024\" height=\"768\" data-id=\"26484\"  src=\"https:\/\/www.ifbaiano.edu.br\/unidades\/santaines\/files\/2025\/12\/1232-4-jeif-4-1024x768.webp\" alt=\"\" class=\"wp-image-26484\" srcset=\"https:\/\/www.ifbaiano.edu.br\/unidades\/santaines\/files\/2025\/12\/1232-4-jeif-4-1024x768.webp 1024w, https:\/\/www.ifbaiano.edu.br\/unidades\/santaines\/files\/2025\/12\/1232-4-jeif-4-300x225.webp 300w, https:\/\/www.ifbaiano.edu.br\/unidades\/santaines\/files\/2025\/12\/1232-4-jeif-4-768x576.webp 768w, https:\/\/www.ifbaiano.edu.br\/unidades\/santaines\/files\/2025\/12\/1232-4-jeif-4-100x75.webp 100w, https:\/\/www.ifbaiano.edu.br\/unidades\/santaines\/files\/2025\/12\/1232-4-jeif-4.webp 1440w\" sizes=\"(max-width: 1024px) 100vw, 1024px\" \/><\/a><\/figure>\n\n\n\n<figure class=\"wp-block-image size-large\"><a href=\"https:\/\/www.ifbaiano.edu.br\/unidades\/santaines\/files\/2025\/12\/1232-3-jeif-3.webp\"><img decoding=\"async\" loading=\"lazy\" width=\"1024\" height=\"768\" data-id=\"26482\"  src=\"https:\/\/www.ifbaiano.edu.br\/unidades\/santaines\/files\/2025\/12\/1232-3-jeif-3-1024x768.webp\" alt=\"\" class=\"wp-image-26482\" srcset=\"https:\/\/www.ifbaiano.edu.br\/unidades\/santaines\/files\/2025\/12\/1232-3-jeif-3-1024x768.webp 1024w, https:\/\/www.ifbaiano.edu.br\/unidades\/santaines\/files\/2025\/12\/1232-3-jeif-3-300x225.webp 300w, https:\/\/www.ifbaiano.edu.br\/unidades\/santaines\/files\/2025\/12\/1232-3-jeif-3-768x576.webp 768w, https:\/\/www.ifbaiano.edu.br\/unidades\/santaines\/files\/2025\/12\/1232-3-jeif-3-100x75.webp 100w, https:\/\/www.ifbaiano.edu.br\/unidades\/santaines\/files\/2025\/12\/1232-3-jeif-3.webp 1440w\" sizes=\"(max-width: 1024px) 100vw, 1024px\" \/><\/a><\/figure>\n\n\n\n<figure class=\"wp-block-image size-large\"><a href=\"https:\/\/www.ifbaiano.edu.br\/unidades\/santaines\/files\/2025\/12\/1607-jeif-img.webp\"><img decoding=\"async\" loading=\"lazy\" width=\"1024\" height=\"664\" data-id=\"26486\"  src=\"https:\/\/www.ifbaiano.edu.br\/unidades\/santaines\/files\/2025\/12\/1607-jeif-img.webp\" alt=\"\" class=\"wp-image-26486\" srcset=\"https:\/\/www.ifbaiano.edu.br\/unidades\/santaines\/files\/2025\/12\/1607-jeif-img.webp 1024w, https:\/\/www.ifbaiano.edu.br\/unidades\/santaines\/files\/2025\/12\/1607-jeif-img-300x195.webp 300w, https:\/\/www.ifbaiano.edu.br\/unidades\/santaines\/files\/2025\/12\/1607-jeif-img-768x498.webp 768w, https:\/\/www.ifbaiano.edu.br\/unidades\/santaines\/files\/2025\/12\/1607-jeif-img-100x65.webp 100w\" sizes=\"(max-width: 1024px) 100vw, 1024px\" \/><\/a><\/figure>\n<\/figure>\n\n\n\n<p>O prefeito La\u00e9rcio Muniz de Azevedo Junior ressaltou a import\u00e2ncia do evento para a cidade e deu boas-vindas aos participantes. \u201cSenhor do Bonfim se orgulha de sediar um evento dessa dimens\u00e3o. Al\u00e9m de movimentar a cidade, o JEIF celebra a juventude, a educa\u00e7\u00e3o e o respeito entre as pessoas. Sejam todos bem-vindos\u201d, disse.<\/p>\n\n\n\n<p>J\u00e1 o reitor A\u00e9cio Jos\u00e9 Ara\u00fajo Passos Duarte agradeceu o esfor\u00e7o coletivo que tornou poss\u00edvel a realiza\u00e7\u00e3o dos jogos e refor\u00e7ou a import\u00e2ncia do evento para a viv\u00eancia estudantil. \u201cQuero agradecer, de forma muito especial, a cada servidor(a), estudante, comiss\u00e3o, volunt\u00e1rios(as) e equipes dos campi que trabalharam para que o JEIF acontecesse. Este evento \u00e9 muito mais do que competi\u00e7\u00e3o: \u00e9 integra\u00e7\u00e3o, pertencimento e forma\u00e7\u00e3o. Aqui, nossos estudantes aprendem valores como disciplina, respeito e trabalho em equipe, levando essas experi\u00eancias para a vida e para a comunidade\u201d, declarou o reitor.<\/p>\n\n\n\n<figure class=\"wp-block-gallery has-nested-images columns-default is-cropped wp-block-gallery-5 is-layout-flex\">\n<figure class=\"wp-block-image size-large\"><a href=\"https:\/\/www.ifbaiano.edu.br\/unidades\/santaines\/files\/2025\/12\/1718-jeif-j.webp\"><img decoding=\"async\" loading=\"lazy\" width=\"1024\" height=\"576\" data-id=\"26487\"  src=\"https:\/\/www.ifbaiano.edu.br\/unidades\/santaines\/files\/2025\/12\/1718-jeif-j.webp\" alt=\"\" class=\"wp-image-26487\" srcset=\"https:\/\/www.ifbaiano.edu.br\/unidades\/santaines\/files\/2025\/12\/1718-jeif-j.webp 1024w, https:\/\/www.ifbaiano.edu.br\/unidades\/santaines\/files\/2025\/12\/1718-jeif-j-300x169.webp 300w, https:\/\/www.ifbaiano.edu.br\/unidades\/santaines\/files\/2025\/12\/1718-jeif-j-768x432.webp 768w, https:\/\/www.ifbaiano.edu.br\/unidades\/santaines\/files\/2025\/12\/1718-jeif-j-100x56.webp 100w\" sizes=\"(max-width: 1024px) 100vw, 1024px\" \/><\/a><\/figure>\n\n\n\n<figure class=\"wp-block-image size-large\"><a href=\"https:\/\/www.ifbaiano.edu.br\/unidades\/santaines\/files\/2025\/12\/1232-5-jeif-5.webp\"><img decoding=\"async\" loading=\"lazy\" width=\"1024\" height=\"576\" data-id=\"26480\"  src=\"https:\/\/www.ifbaiano.edu.br\/unidades\/santaines\/files\/2025\/12\/1232-5-jeif-5-1024x576.webp\" alt=\"\" class=\"wp-image-26480\" srcset=\"https:\/\/www.ifbaiano.edu.br\/unidades\/santaines\/files\/2025\/12\/1232-5-jeif-5-1024x576.webp 1024w, https:\/\/www.ifbaiano.edu.br\/unidades\/santaines\/files\/2025\/12\/1232-5-jeif-5-300x169.webp 300w, https:\/\/www.ifbaiano.edu.br\/unidades\/santaines\/files\/2025\/12\/1232-5-jeif-5-768x432.webp 768w, https:\/\/www.ifbaiano.edu.br\/unidades\/santaines\/files\/2025\/12\/1232-5-jeif-5-100x56.webp 100w, https:\/\/www.ifbaiano.edu.br\/unidades\/santaines\/files\/2025\/12\/1232-5-jeif-5.webp 1536w\" sizes=\"(max-width: 1024px) 100vw, 1024px\" \/><\/a><\/figure>\n<\/figure>\n\n\n\n<p>A abertura tamb\u00e9m teve forte presen\u00e7a cultural. Houve apresenta\u00e7\u00e3o do professor de m\u00fasica de Senhor do Bonfim e de um estudante, al\u00e9m da participa\u00e7\u00e3o da fanfarra do Campus Catu, sob reg\u00eancia do professor Fernando Martins de Oliveira Neto. O m\u00fasico Josen\u00e1rio Sales executou o Hino Nacional na sanfona, em um momento de emo\u00e7\u00e3o para o p\u00fablico. A programa\u00e7\u00e3o foi encerrada com uma apresenta\u00e7\u00e3o de forr\u00f3, refor\u00e7ando a identidade cultural do territ\u00f3rio e o clima festivo do encontro entre as delega\u00e7\u00f5es.<\/p>\n\n\n\n<p>As competi\u00e7\u00f5es come\u00e7aram ainda pela manh\u00e3, com partidas de futsal e voleibol, nas categorias feminina e masculina, distribu\u00eddas ao longo do dia nos turnos da manh\u00e3 e da tarde. No segundo dia de provas, nesta ter\u00e7a-feira (2), j\u00e1 sa\u00edram as primeiras medalhas do JEIF. No xadrez, o Campus Teixeira de Freitas conquistou medalha de ouro no feminino, enquanto o Campus Governador Mangabeira ficou com o ouro no masculino, marcando o in\u00edcio das premia\u00e7\u00f5es da edi\u00e7\u00e3o 2025.<\/p>\n\n\n\n<figure class=\"wp-block-gallery has-nested-images columns-default is-cropped wp-block-gallery-7 is-layout-flex\">\n<figure class=\"wp-block-image\"><img decoding=\"async\" data-id=\"37412\"  src=\"https:\/\/ifbaiano.edu.br\/portal\/wp-content\/uploads\/2025\/12\/0128-1-1024x624.webp\" alt=\"\" class=\"wp-image-37412\" \/><\/figure>\n\n\n\n<figure class=\"wp-block-image size-large\"><a href=\"https:\/\/www.ifbaiano.edu.br\/unidades\/santaines\/files\/2025\/12\/1232-6-jeif-6.webp\"><img decoding=\"async\" loading=\"lazy\" width=\"1024\" height=\"624\" data-id=\"26481\"  src=\"https:\/\/www.ifbaiano.edu.br\/unidades\/santaines\/files\/2025\/12\/1232-6-jeif-6-1024x624.webp\" alt=\"\" class=\"wp-image-26481\" srcset=\"https:\/\/www.ifbaiano.edu.br\/unidades\/santaines\/files\/2025\/12\/1232-6-jeif-6-1024x624.webp 1024w, https:\/\/www.ifbaiano.edu.br\/unidades\/santaines\/files\/2025\/12\/1232-6-jeif-6-300x183.webp 300w, https:\/\/www.ifbaiano.edu.br\/unidades\/santaines\/files\/2025\/12\/1232-6-jeif-6-768x468.webp 768w, https:\/\/www.ifbaiano.edu.br\/unidades\/santaines\/files\/2025\/12\/1232-6-jeif-6-100x61.webp 100w, https:\/\/www.ifbaiano.edu.br\/unidades\/santaines\/files\/2025\/12\/1232-6-jeif-6.webp 1280w\" sizes=\"(max-width: 1024px) 100vw, 1024px\" \/><\/a><\/figure>\n<\/figure>\n\n\n\n<p>Ao longo de seis dias, o JEIF re\u00fane quase 600 atletas em modalidades como futsal, futebol 7, voleibol, v\u00f4lei de praia, handebol, basquete, atletismo, nata\u00e7\u00e3o, t\u00eanis de mesa e xadrez, sempre nas categorias feminina e masculina. Al\u00e9m de fortalecer a integra\u00e7\u00e3o entre os campi, os jogos tamb\u00e9m t\u00eam papel decisivo na trajet\u00f3ria esportiva dos estudantes: \u00e9 a partir do JEIF que ser\u00e3o escolhidos(as) os(as) representantes do IF Baiano para o JIF 2026. Os resultados completos, tabelas e atualiza\u00e7\u00e3o da programa\u00e7\u00e3o podem ser acompanhados no\u00a0<a rel=\"noreferrer noopener\" href=\"https:\/\/eventos.ifbaiano.edu.br\/portal\/jogos-estudantis-2025\/\" target=\"_blank\">site oficial dos Jogos<\/a>.<\/p>\n\n\n\n<hr class=\"wp-block-separator has-alpha-channel-opacity\" \/>\n","protected":false},"excerpt":{"rendered":"<p>Os Jogos Escolares do IF Baiano (JEIF) come\u00e7aram nessa segunda-feira (1\u00ba), no Campus Senhor do Bonfim, transformando a unidade em um grande espa\u00e7o de encontro, integra\u00e7\u00e3o e celebra\u00e7\u00e3o do esporte. A cerim\u00f4nia de abertura, realizada na quadra poliesportiva do bairro da P\u00eara, reuniu delega\u00e7\u00f5es dos 14 campi, servidores(as) e representantes da comunidade, al\u00e9m de gestores(as) [&hellip;]<\/p>\n","protected":false},"author":86,"featured_media":26485,"comment_status":"closed","ping_status":"closed","sticky":false,"template":"","format":"standard","meta":[],"categories":[4,37,57],"tags":[],"_links":{"self":[{"href":"https:\/\/www.ifbaiano.edu.br\/unidades\/santaines\/wp-json\/wp\/v2\/posts\/26478"}],"collection":[{"href":"https:\/\/www.ifbaiano.edu.br\/unidades\/santaines\/wp-json\/wp\/v2\/posts"}],"about":[{"href":"https:\/\/www.ifbaiano.edu.br\/unidades\/santaines\/wp-json\/wp\/v2\/types\/post"}],"author":[{"embeddable":true,"href":"https:\/\/www.ifbaiano.edu.br\/unidades\/santaines\/wp-json\/wp\/v2\/users\/86"}],"replies":[{"embeddable":true,"href":"https:\/\/www.ifbaiano.edu.br\/unidades\/santaines\/wp-json\/wp\/v2\/comments?post=26478"}],"version-history":[{"count":1,"href":"https:\/\/www.ifbaiano.edu.br\/unidades\/santaines\/wp-json\/wp\/v2\/posts\/26478\/revisions"}],"predecessor-version":[{"id":26489,"href":"https:\/\/www.ifbaiano.edu.br\/unidades\/santaines\/wp-json\/wp\/v2\/posts\/26478\/revisions\/26489"}],"wp:featuredmedia":[{"embeddable":true,"href":"https:\/\/www.ifbaiano.edu.br\/unidades\/santaines\/wp-json\/wp\/v2\/media\/26485"}],"wp:attachment":[{"href":"https:\/\/www.ifbaiano.edu.br\/unidades\/santaines\/wp-json\/wp\/v2\/media?parent=26478"}],"wp:term":[{"taxonomy":"category","embeddable":true,"href":"https:\/\/www.ifbaiano.edu.br\/unidades\/santaines\/wp-json\/wp\/v2\/categories?post=26478"},{"taxonomy":"post_tag","embeddable":true,"href":"https:\/\/www.ifbaiano.edu.br\/unidades\/santaines\/wp-json\/wp\/v2\/tags?post=26478"}],"curies":[{"name":"wp","href":"https:\/\/api.w.org\/{rel}","templated":true}]}}