{"id":26500,"date":"2025-12-08T10:45:58","date_gmt":"2025-12-08T13:45:58","guid":{"rendered":"https:\/\/www.ifbaiano.edu.br\/unidades\/santaines\/?p=26500"},"modified":"2025-12-08T12:46:04","modified_gmt":"2025-12-08T15:46:04","slug":"if-baiano-campus-santa-ines-publica-novos-documentos-da-selecao-de-monitoria","status":"publish","type":"post","link":"https:\/\/www.ifbaiano.edu.br\/unidades\/santaines\/if-baiano-campus-santa-ines-publica-novos-documentos-da-selecao-de-monitoria\/","title":{"rendered":"IF Baiano Campus Santa In\u00eas publica novos documentos da sele\u00e7\u00e3o de Monitoria"},"content":{"rendered":"\n<p>O Instituto Federal Baiano (IF Baiano), Campus Santa In\u00eas, atualizou novamente as diretrizes do Processo Seletivo para Concess\u00e3o de Bolsas de Monitoria (Edital n\u00ba 35\/2025). Ap\u00f3s a publica\u00e7\u00e3o da retifica\u00e7\u00e3o n\u00ba 39, o campus divulgou na \u00faltima quinta-feira (04) o&nbsp;<strong>Edital de Retifica\u00e7\u00e3o n\u00ba 40\/2025<\/strong>, trazendo corre\u00e7\u00f5es espec\u00edficas no quadro de vagas para os Cursos T\u00e9cnicos Integrados.<\/p>\n\n\n\n<p>O processo seletivo oferta 07 (sete) bolsas remuneradas no valor de R$ 300,00, al\u00e9m de cadastro de reserva, com vig\u00eancia prevista de fevereiro de 2025 a dezembro de 2026.<\/p>\n\n\n\n<h4 class=\"wp-block-heading\">Mudan\u00e7a nas Disciplinas (Edital n\u00ba 40)<\/h4>\n\n\n\n<p>A altera\u00e7\u00e3o mais recente impacta diretamente os candidatos \u00e0s vagas de monitoria para os Cursos T\u00e9cnicos Integrados. O documento corrige a distribui\u00e7\u00e3o das disciplinas ofertadas.<\/p>\n\n\n\n<p>Anteriormente listadas para o 2\u00ba ano, as monitorias de&nbsp;<strong>Biologia<\/strong>&nbsp;e&nbsp;<strong>Matem\u00e1tica<\/strong>&nbsp;passam a ser destinadas aos conte\u00fados do&nbsp;<strong>1\u00ba ano<\/strong>&nbsp;do Ensino M\u00e9dio.<\/p>\n\n\n\n<p>Confira como ficou a distribui\u00e7\u00e3o das vagas para os Cursos T\u00e9cnicos Integrados (Agropecu\u00e1ria, Alimentos, Inform\u00e1tica e Zootecnia):<\/p>\n\n\n\n<ul>\n<li><strong>L\u00edngua Inglesa:<\/strong>&nbsp;2\u00ba ano (1 vaga)<\/li>\n\n\n\n<li><strong>Redes de Computadores:<\/strong>&nbsp;2\u00ba ano (1 vaga)<\/li>\n\n\n\n<li><strong>Biologia:<\/strong>&nbsp;1\u00ba ano (1 vaga) \u2013&nbsp;<em>Alterado<\/em><\/li>\n\n\n\n<li><strong>Matem\u00e1tica:<\/strong>&nbsp;1\u00ba ano (1 vaga) \u2013&nbsp;<em>Alterado<\/em><\/li>\n\n\n\n<li><strong>Filosofia:<\/strong>&nbsp;1 vaga para cada curso t\u00e9cnico (Alimentos, Inform\u00e1tica e Zootecnia).<\/li>\n<\/ul>\n\n\n\n<p>As vagas para o Ensino Superior (Zootecnia, Biologia e Geografia) permanecem inalteradas conforme o edital anterior.<\/p>\n\n\n\n<h4 class=\"wp-block-heading\">Flexibilidade na Documenta\u00e7\u00e3o e Prazos (Edital n\u00ba 39)<\/h4>\n\n\n\n<p>Vale lembrar que o certame j\u00e1 havia passado por ajustes importantes no dia 03 de dezembro. O Edital n\u00ba 39 flexibilizou a comprova\u00e7\u00e3o de requisitos: agora, a&nbsp;<strong>aprova\u00e7\u00e3o pr\u00e9via na disciplina<\/strong>&nbsp;pretendida pode ser comprovada mediante&nbsp;<strong>declara\u00e7\u00e3o emitida pelo(a) professor(a)<\/strong>&nbsp;respons\u00e1vel, facilitando a inscri\u00e7\u00e3o de estudantes que ainda n\u00e3o possuem a nota lan\u00e7ada no hist\u00f3rico.<\/p>\n\n\n\n<p>O cronograma tamb\u00e9m foi estendido. O prazo para recursos sobre a homologa\u00e7\u00e3o das inscri\u00e7\u00f5es encerrou-se ontem (04). As pr\u00f3ximas etapas seguem as novas datas:<\/p>\n\n\n\n<ul>\n<li><strong>Resultado dos Recursos:<\/strong>&nbsp;05 de dezembro de 2025 (hoje).<\/li>\n\n\n\n<li><strong>Per\u00edodo de Sele\u00e7\u00e3o:<\/strong>&nbsp;08 e 09 de dezembro de 2025.<\/li>\n\n\n\n<li><strong>Resultado Preliminar de Classifica\u00e7\u00e3o:<\/strong>&nbsp;10 de dezembro de 2025.<\/li>\n\n\n\n<li><strong>Resultado Final:<\/strong>&nbsp;12 de dezembro de 2025.<\/li>\n<\/ul>\n\n\n\n<h4 class=\"wp-block-heading\">Homologa\u00e7\u00e3o das Inscri\u00e7\u00f5es <\/h4>\n\n\n\n<p>Clique para ter cesso ao\u00a0resultado da <a href=\"https:\/\/www.ifbaiano.edu.br\/unidades\/santaines\/files\/2025\/12\/Inscricoes_Homologadas_pos_recurso.pdf\">Homologa\u00e7\u00e3o de inscri\u00e7\u00f5es<\/a> (p\u00f3s-recursos) \u00e0 monitorias de disciplinas nos cursos do Campus.<\/p>\n\n\n\n<hr class=\"wp-block-separator has-alpha-channel-opacity\" \/>\n","protected":false},"excerpt":{"rendered":"<p>Al\u00e9m do ajuste no cronograma e na documenta\u00e7\u00e3o, nova retifica\u00e7\u00e3o corrige o ano letivo das disciplinas de Biologia e Matem\u00e1tica para os cursos t\u00e9cnicos.<\/p>\n","protected":false},"author":86,"featured_media":0,"comment_status":"closed","ping_status":"closed","sticky":false,"template":"","format":"standard","meta":[],"categories":[1],"tags":[],"_links":{"self":[{"href":"https:\/\/www.ifbaiano.edu.br\/unidades\/santaines\/wp-json\/wp\/v2\/posts\/26500"}],"collection":[{"href":"https:\/\/www.ifbaiano.edu.br\/unidades\/santaines\/wp-json\/wp\/v2\/posts"}],"about":[{"href":"https:\/\/www.ifbaiano.edu.br\/unidades\/santaines\/wp-json\/wp\/v2\/types\/post"}],"author":[{"embeddable":true,"href":"https:\/\/www.ifbaiano.edu.br\/unidades\/santaines\/wp-json\/wp\/v2\/users\/86"}],"replies":[{"embeddable":true,"href":"https:\/\/www.ifbaiano.edu.br\/unidades\/santaines\/wp-json\/wp\/v2\/comments?post=26500"}],"version-history":[{"count":2,"href":"https:\/\/www.ifbaiano.edu.br\/unidades\/santaines\/wp-json\/wp\/v2\/posts\/26500\/revisions"}],"predecessor-version":[{"id":26542,"href":"https:\/\/www.ifbaiano.edu.br\/unidades\/santaines\/wp-json\/wp\/v2\/posts\/26500\/revisions\/26542"}],"wp:attachment":[{"href":"https:\/\/www.ifbaiano.edu.br\/unidades\/santaines\/wp-json\/wp\/v2\/media?parent=26500"}],"wp:term":[{"taxonomy":"category","embeddable":true,"href":"https:\/\/www.ifbaiano.edu.br\/unidades\/santaines\/wp-json\/wp\/v2\/categories?post=26500"},{"taxonomy":"post_tag","embeddable":true,"href":"https:\/\/www.ifbaiano.edu.br\/unidades\/santaines\/wp-json\/wp\/v2\/tags?post=26500"}],"curies":[{"name":"wp","href":"https:\/\/api.w.org\/{rel}","templated":true}]}}