{"id":26504,"date":"2025-12-05T13:22:43","date_gmt":"2025-12-05T16:22:43","guid":{"rendered":"https:\/\/www.ifbaiano.edu.br\/unidades\/santaines\/?p=26504"},"modified":"2025-12-05T13:22:44","modified_gmt":"2025-12-05T16:22:44","slug":"confira-o-resultado-final-do-prosel-2026-no-campus-santa-ines-e-saiba-como-garantir-sua-vaga","status":"publish","type":"post","link":"https:\/\/www.ifbaiano.edu.br\/unidades\/santaines\/confira-o-resultado-final-do-prosel-2026-no-campus-santa-ines-e-saiba-como-garantir-sua-vaga\/","title":{"rendered":"Confira o resultado final do PROSEL 2026 no Campus Santa In\u00eas e saiba como garantir sua vaga"},"content":{"rendered":"\n<p>O IF Baiano &#8211; Campus Santa In\u00eas publicou o\u00a0<strong><a href=\"https:\/\/ingresso.ifbaiano.edu.br\/wp-content\/uploads\/2025\/08\/RESULTADO-FINAL.pdf\">Resultado Final<\/a><\/strong>\u00a0do processo seletivo para os cursos t\u00e9cnicos integrados (aqueles em que voc\u00ea faz o Ensino M\u00e9dio junto com o t\u00e9cnico). Se voc\u00ea se inscreveu para os cursos t\u00e9cnicos em\u00a0<strong>Agropecu\u00e1ria, Alimentos, Inform\u00e1tica ou Zootecnia<\/strong>, j\u00e1 pode correr para o site oficial e ver a lista.<\/p>\n\n\n\n<p>Para facilitar sua vida, explicamos abaixo tudo o que voc\u00ea precisa fazer agora:<\/p>\n\n\n\n<h3 class=\"wp-block-heading\"><strong>PASSEI! O QUE EU FA\u00c7O AGORA? (<a href=\"https:\/\/ingresso.ifbaiano.edu.br\/wp-content\/uploads\/2025\/08\/CONVOCACAO-1a-CHAMADA-PARA-MATRICULA.pdf\">1\u00aa Chamada<\/a>)<\/strong><\/h3>\n\n\n\n<p>Parab\u00e9ns! Agora voc\u00ea precisa fazer sua\u00a0<strong>matr\u00edcula<\/strong>, presencialmente, no IF Baiano (Secretaria de Registros Acad\u00eamicos &#8211; SRA), na Rodovia BR 420, km 2,5 de\u00a0<strong>08 a 17 de dezembro de 2025<\/strong> (dias \u00fateis), das 08h \u00e0s 16h para garantir a vaga. Se n\u00e3o fizer a matr\u00edcula no prazo, voc\u00ea perde o lugar para o pr\u00f3ximo da fila. <a href=\"https:\/\/ingresso.ifbaiano.edu.br\/wp-content\/uploads\/2025\/08\/EDITAL-No-41_2025-Edital-de-Matriculas-PROSEL-2026.pdf\">VEJA O EDITAL de matr\u00edcula.<\/a><\/p>\n\n\n\n<p><strong>Importante:<\/strong>\u00a0Se voc\u00ea \u00e9 menor de 18 anos (e provavelmente \u00e9), voc\u00ea\u00a0<strong>n\u00e3o pode ir sozinho<\/strong>. Seu pai, m\u00e3e ou respons\u00e1vel legal precisa ir com voc\u00ea para assinar os documentos.<\/p>\n\n\n\n<h3 class=\"wp-block-heading\"><strong>CHECKLIST: O QUE LEVAR NA MOCHILA?<\/strong><\/h3>\n\n\n\n<p>Voc\u00ea precisa levar <strong>os\u00a0ORIGINAIS e as C\u00d3PIAS (xerox)<\/strong>\u00a0dos seguintes documentos. J\u00e1 deixe tudo separado em uma pastinha:<\/p>\n\n\n\n<ol>\n<li><strong>Hist\u00f3rico Escolar do Ensino Fundamental<\/strong>&nbsp;(frente e verso) ou um Atestado de Conclus\u00e3o (v\u00e1lido por 60 dias).&nbsp;<em>Tem que provar que voc\u00ea terminou o 9\u00ba ano!<\/em><\/li>\n\n\n\n<li><strong>Carteira de Identidade (RG)<\/strong>.<\/li>\n\n\n\n<li><strong>CPF<\/strong>.<\/li>\n\n\n\n<li><strong>Certid\u00e3o de Nascimento<\/strong>&nbsp;ou Casamento.<\/li>\n\n\n\n<li><strong>Comprovante de Resid\u00eancia<\/strong>&nbsp;atualizado (conta de luz, \u00e1gua, etc.).<\/li>\n\n\n\n<li><strong>2 fotos 3&#215;4<\/strong>&nbsp;(aquelas fotos pequenas de rosto, iguais e recentes).<\/li>\n\n\n\n<li><strong>Cart\u00e3o de Vacina<\/strong>&nbsp;(precisa estar em dia, principalmente a antitet\u00e2nica).<\/li>\n\n\n\n<li><strong>Cart\u00e3o do SUS<\/strong>.<\/li>\n\n\n\n<li><strong>RG do seu respons\u00e1vel<\/strong>&nbsp;(pai, m\u00e3e ou quem for assinar sua matr\u00edcula).<\/li>\n\n\n\n<li><strong>Para quem tem mais de 18 anos:<\/strong>&nbsp;Comprovante de vota\u00e7\u00e3o (Justi\u00e7a Eleitoral) e Certificado de Reservista (para homens).<\/li>\n<\/ol>\n\n\n\n<p><strong>Para quem passou pelas COTAS:<\/strong><br>Se voc\u00ea entrou pelas vagas reservadas (renda, escola p\u00fablica, pretos, pardos, ind\u00edgenas ou pessoas com defici\u00eancia), precisar\u00e1 levar documentos extras que comprovem essa condi\u00e7\u00e3o (como laudos m\u00e9dicos ou documentos de renda).\u00a0<em>D\u00ea uma olhada no item 2.2 do <a href=\"https:\/\/ingresso.ifbaiano.edu.br\/wp-content\/uploads\/2025\/08\/EDITAL-No-41_2025-Edital-de-Matriculas-PROSEL-2026.pdf\">Edital de Matr\u00edcula<\/a> para n\u00e3o esquecer nada!<\/em><\/p>\n\n\n\n<h3 class=\"wp-block-heading\"><strong>MEU NOME EST\u00c1 &#8220;EM ESPERA&#8221;. E AGORA?<\/strong><\/h3>\n\n\n\n<p>Calma, o jogo n\u00e3o acabou! \u00c9 muito comum que alguns candidatos aprovados n\u00e3o fa\u00e7am a matr\u00edcula ou desistam. Quando isso acontece, o IF Baiano &#8211; Campus Santa In\u00eas chama os candidatos da <a href=\"https:\/\/ingresso.ifbaiano.edu.br\/wp-content\/uploads\/2025\/08\/PUBLICACAO-DA-LISTA-DE-ESPERA.pdf\">Lista de Espera<\/a>.<\/p>\n\n\n\n<p><strong>Fique ligado nestas datas importantes:<\/strong><\/p>\n\n\n\n<ul>\n<li><strong>2\u00aa Chamada:<\/strong>\u00a0No dia\u00a0<strong>22 de dezembro de 2025<\/strong>, o IF Baiano vai divulgar uma nova lista convocando o pessoal da espera para preencher as vagas que sobraram.<\/li>\n\n\n\n<li><strong>Chamada P\u00fablica (A \u00daltima Chance):<\/strong>\u00a0Se ainda sobrarem vagas depois da 2\u00aa chamada, vai acontecer uma reuni\u00e3o presencial no dia\u00a0<strong>26 de janeiro de 2026, \u00e0s 09h30<\/strong>.\n<ul>\n<li><em>Como funciona?<\/em>\u00a0Voc\u00ea vai at\u00e9 o audit\u00f3rio do IF Baiano nesse dia e hora. Eles v\u00e3o chamar os nomes da lista de espera l\u00e1 na hora. Quem estiver presente, consegue a vaga! Quem n\u00e3o for, perde a vez.<\/li>\n<\/ul>\n<\/li>\n<\/ul>\n\n\n\n<p><strong>Dica de ouro:<\/strong>&nbsp;Acompanhe o site do IF Baiano ou o portal de ingresso todos os dias. N\u00e3o confie apenas no que os amigos dizem, v\u00e1 direto \u00e0 fonte oficial!<\/p>\n\n\n\n<p><strong>D\u00favidas?<\/strong><br>Voc\u00ea pode ligar ou mandar mensagem WhatsApp para:\u00a0<strong>(73) 98180-1269<\/strong>\u00a0ou enviar e-mail para\u00a0<em><a rel=\"noreferrer noopener\" href=\"https:\/\/www.google.com\/url?sa=E&amp;q=mailto%3Aprosel%40si.ifbaiano.edu.br\" target=\"_blank\">prosel@si.ifbaiano.edu.br<\/a><\/em>.<\/p>\n\n\n\n<p>Boa sorte e bem-vindos ao IF Baiano! <\/p>\n\n\n\n<hr class=\"wp-block-separator has-alpha-channel-opacity\" \/>\n","protected":false},"excerpt":{"rendered":"<p>Aten\u00e7\u00e3o, futuros federais! A lista com os aprovados para estudar em 2026 j\u00e1 est\u00e1 dispon\u00edvel. Se seu nome est\u00e1 l\u00e1, hora de correr para a matr\u00edcula. Se ficou na espera, n\u00e3o desanime: ainda tem chance!<\/p>\n","protected":false},"author":86,"featured_media":26086,"comment_status":"closed","ping_status":"closed","sticky":false,"template":"","format":"standard","meta":[],"categories":[13,5,8,57],"tags":[],"_links":{"self":[{"href":"https:\/\/www.ifbaiano.edu.br\/unidades\/santaines\/wp-json\/wp\/v2\/posts\/26504"}],"collection":[{"href":"https:\/\/www.ifbaiano.edu.br\/unidades\/santaines\/wp-json\/wp\/v2\/posts"}],"about":[{"href":"https:\/\/www.ifbaiano.edu.br\/unidades\/santaines\/wp-json\/wp\/v2\/types\/post"}],"author":[{"embeddable":true,"href":"https:\/\/www.ifbaiano.edu.br\/unidades\/santaines\/wp-json\/wp\/v2\/users\/86"}],"replies":[{"embeddable":true,"href":"https:\/\/www.ifbaiano.edu.br\/unidades\/santaines\/wp-json\/wp\/v2\/comments?post=26504"}],"version-history":[{"count":1,"href":"https:\/\/www.ifbaiano.edu.br\/unidades\/santaines\/wp-json\/wp\/v2\/posts\/26504\/revisions"}],"predecessor-version":[{"id":26505,"href":"https:\/\/www.ifbaiano.edu.br\/unidades\/santaines\/wp-json\/wp\/v2\/posts\/26504\/revisions\/26505"}],"wp:featuredmedia":[{"embeddable":true,"href":"https:\/\/www.ifbaiano.edu.br\/unidades\/santaines\/wp-json\/wp\/v2\/media\/26086"}],"wp:attachment":[{"href":"https:\/\/www.ifbaiano.edu.br\/unidades\/santaines\/wp-json\/wp\/v2\/media?parent=26504"}],"wp:term":[{"taxonomy":"category","embeddable":true,"href":"https:\/\/www.ifbaiano.edu.br\/unidades\/santaines\/wp-json\/wp\/v2\/categories?post=26504"},{"taxonomy":"post_tag","embeddable":true,"href":"https:\/\/www.ifbaiano.edu.br\/unidades\/santaines\/wp-json\/wp\/v2\/tags?post=26504"}],"curies":[{"name":"wp","href":"https:\/\/api.w.org\/{rel}","templated":true}]}}