{"id":26506,"date":"2025-12-08T08:23:50","date_gmt":"2025-12-08T11:23:50","guid":{"rendered":"https:\/\/www.ifbaiano.edu.br\/unidades\/santaines\/?p=26506"},"modified":"2025-12-08T08:23:50","modified_gmt":"2025-12-08T11:23:50","slug":"if-baiano-divulga-links-de-votacao-para-eleicao-para-reitoria-e-direcoes-gerais","status":"publish","type":"post","link":"https:\/\/www.ifbaiano.edu.br\/unidades\/santaines\/if-baiano-divulga-links-de-votacao-para-eleicao-para-reitoria-e-direcoes-gerais\/","title":{"rendered":"IF Baiano divulga links de vota\u00e7\u00e3o para elei\u00e7\u00e3o para reitoria e dire\u00e7\u00f5es-gerais"},"content":{"rendered":"\n<p>O Instituto Federal de Educa\u00e7\u00e3o, Ci\u00eancia e Tecnologia Baiano (IF Baiano) refor\u00e7a que a vota\u00e7\u00e3o para a escolha da Reitora e de Diretores(as)-Gerais dos campi ocorrer\u00e1 de forma online, pelo Sistema Helios Voting, no dia 09 de dezembro de 2025. Os links de acesso \u00e0s urnas est\u00e3o dispon\u00edveis&nbsp;<a href=\"https:\/\/concurso.ifbaiano.edu.br\/portal\/eleicoes2025\/\" target=\"_blank\" rel=\"noreferrer noopener\">na p\u00e1gina oficial das elei\u00e7\u00f5es, no site institucional do IF Baiano<\/a>.<\/p>\n\n\n\n<p>Ao todo, s\u00e3o 44 urnas (links): 2 urnas da Reitoria e 3 urnas por campus, organizadas por segmento (docente, t\u00e9cnico-administrativo e discente). Cada eleitor(a) deve acessar a urna correspondente ao seu campus (ou Reitoria) e ao seu segmento.<\/p>\n\n\n\n<p>O presidente da Comiss\u00e3o Eleitoral Central (CEC), Guilherme Mota, destaca que, at\u00e9 o momento, o processo tem ocorrido de forma tranquila e respeitosa, com foco na apresenta\u00e7\u00e3o de propostas. \u201cTem sido um processo marcado pela seriedade e comprometimento de todos os envolvidos. Estamos muito satisfeitos com a condu\u00e7\u00e3o do processo at\u00e9 agora, com o respeito \u00e0s normas eleitorais e a valoriza\u00e7\u00e3o das propostas para o futuro do IF Baiano\u201d, afirmou. Ele tamb\u00e9m refor\u00e7ou a import\u00e2ncia da participa\u00e7\u00e3o da comunidade: \u201cEste \u00e9 um momento importante para valorizarmos o processo democr\u00e1tico. Cada eleitor tem a responsabilidade de avaliar de forma livre e respons\u00e1vel qual proposta considera ser a melhor para o seu campus e para a gest\u00e3o da Reitoria do IF Baiano.\u201d<\/p>\n\n\n\n<p>O representante discente da Comiss\u00e3o Eleitoral Central, Lucas Nunes, estudante do Campus Governador Mangabeira, refor\u00e7a o papel dos estudantes na elei\u00e7\u00e3o. \u201cA participa\u00e7\u00e3o estudantil \u00e9 essencial para que o processo eleitoral reflita as necessidades da comunidade acad\u00eamica. Como estudantes, temos o dever de votar de forma consciente, buscando candidatos que realmente entendam as quest\u00f5es do nosso dia a dia\u201d, destacou. Lucas tamb\u00e9m estimula os colegas a participarem: \u201cA nossa voz \u00e9 importante, e ao votar, estamos moldando o futuro da nossa institui\u00e7\u00e3o e garantindo que ela continue sendo um espa\u00e7o de qualidade educacional e inclus\u00e3o para todos.\u201d<\/p>\n\n\n\n<p>As candidatas ao cargo de reitora do IF Baiano s\u00e3o: Luciana Mazzutti (n\u00ba 1), Camila Santana (n\u00ba 2), Ozenice Silva (n\u00ba 3) e Hildonice Batista (n\u00ba 4). A lista de candidatas ao cargo de reitora do IF Baiano est\u00e1 apresentada de acordo com a numera\u00e7\u00e3o definida em sorteio realizado no \u00e2mbito do processo eleitoral.&nbsp;<\/p>\n\n\n\n<h2 class=\"wp-block-heading\">FAQ \u2013 Elei\u00e7\u00f5es para Reitor(a) e Diretores(as) Gerais do IF Baiano<\/h2>\n\n\n\n<p><strong>1. Quando ocorrer\u00e1 o dia da vota\u00e7\u00e3o?<\/strong><strong><br><\/strong>O dia da vota\u00e7\u00e3o ser\u00e1 em 09 de dezembro de 2025, das 8h00 \u00e0s 23h59.<\/p>\n\n\n\n<p><strong>2. Quem pode votar?<\/strong><br>Podem votar servidores ativos (docentes e t\u00e9cnicos administrativos) e discentes regularmente matriculados no IF Baiano, conforme o C\u00f3digo Eleitoral e listas de eleitores previamente divulgadas.<\/p>\n\n\n\n<p><strong>3. Como ser\u00e1 realizada a vota\u00e7\u00e3o?<\/strong><strong><br><\/strong>A vota\u00e7\u00e3o ser\u00e1 online, por meio do Sistema Helios Voting, acess\u00edvel por dispositivos conectados \u00e0 internet.<\/p>\n\n\n\n<p><strong>4. Como ter acesso ao link de vota\u00e7\u00e3o?<\/strong><strong><br><\/strong>O link para vota\u00e7\u00e3o est\u00e1 dispon\u00edvel na p\u00e1gina oficial da elei\u00e7\u00e3o do IF Baiano.<br>Cada segmento (docente, t\u00e9cnico-administrativo ou discente) tem uma espec\u00edfica, organizada por campus e Reitoria (total de 44 urnas\/links).<\/p>\n\n\n\n<p><strong>5. Quais cargos est\u00e3o sendo disputados?<\/strong><br>Est\u00e3o sendo disputados os cargos de Reitora e Diretores(as)-Gerais dos campi do IF Baiano.<\/p>\n\n\n\n<p><strong>6. Quais credenciais s\u00e3o necess\u00e1rias para acessar o sistema?<\/strong><br>Para acessar o Helios Voting, os(as) eleitores(as) devem utilizar:<\/p>\n\n\n\n<ul>\n<li>Login:\n<ul>\n<li>Estudantes: n\u00famero de matr\u00edcula<\/li>\n\n\n\n<li>Servidores: login institucional<\/li>\n<\/ul>\n<\/li>\n\n\n\n<li>Senha: a mesma utilizada para acessar os servi\u00e7os institucionais.<br>Recomenda-se verificar se as credenciais est\u00e3o ativas e atualizadas antes do dia da vota\u00e7\u00e3o.<\/li>\n<\/ul>\n\n\n\n<p><strong>7. Quais s\u00e3o as restri\u00e7\u00f5es no dia da vota\u00e7\u00e3o?<\/strong><strong><br><\/strong>No dia da vota\u00e7\u00e3o, \u00e9 permitida apenas manifesta\u00e7\u00e3o individual e silenciosa (ex.: uso de adesivos). \u00c9 proibida qualquer forma de campanha eleitoral.<\/p>\n\n\n\n<p><strong>8. Como esclarecer d\u00favidas durante a vota\u00e7\u00e3o?<\/strong><strong><br><\/strong>Em caso de dificuldades no acesso ou no processo de vota\u00e7\u00e3o, contate a Comiss\u00e3o Eleitoral Central pelo e-mail: comissao.central@reitoria.ifbaiano.edu.br.<\/p>\n\n\n\n<p><strong>9. Qual a import\u00e2ncia da minha participa\u00e7\u00e3o?<\/strong><br>A participa\u00e7\u00e3o \u00e9 essencial para o fortalecimento da democracia institucional e para a escolha das lideran\u00e7as que ir\u00e3o conduzir o IF Baiano. Avalie as propostas com liberdade e responsabilidade.<\/p>\n\n\n\n<hr class=\"wp-block-separator has-alpha-channel-opacity\" \/>\n","protected":false},"excerpt":{"rendered":"<p>O Instituto Federal de Educa\u00e7\u00e3o, Ci\u00eancia e Tecnologia Baiano (IF Baiano) refor\u00e7a que a vota\u00e7\u00e3o para a escolha da Reitora e de Diretores(as)-Gerais dos campi ocorrer\u00e1 de forma online, pelo Sistema Helios Voting, no dia 09 de dezembro de 2025. Os links de acesso \u00e0s urnas est\u00e3o dispon\u00edveis&nbsp;na p\u00e1gina oficial das elei\u00e7\u00f5es, no site institucional [&hellip;]<\/p>\n","protected":false},"author":86,"featured_media":26507,"comment_status":"closed","ping_status":"closed","sticky":false,"template":"","format":"standard","meta":[],"categories":[4,5,57],"tags":[],"_links":{"self":[{"href":"https:\/\/www.ifbaiano.edu.br\/unidades\/santaines\/wp-json\/wp\/v2\/posts\/26506"}],"collection":[{"href":"https:\/\/www.ifbaiano.edu.br\/unidades\/santaines\/wp-json\/wp\/v2\/posts"}],"about":[{"href":"https:\/\/www.ifbaiano.edu.br\/unidades\/santaines\/wp-json\/wp\/v2\/types\/post"}],"author":[{"embeddable":true,"href":"https:\/\/www.ifbaiano.edu.br\/unidades\/santaines\/wp-json\/wp\/v2\/users\/86"}],"replies":[{"embeddable":true,"href":"https:\/\/www.ifbaiano.edu.br\/unidades\/santaines\/wp-json\/wp\/v2\/comments?post=26506"}],"version-history":[{"count":1,"href":"https:\/\/www.ifbaiano.edu.br\/unidades\/santaines\/wp-json\/wp\/v2\/posts\/26506\/revisions"}],"predecessor-version":[{"id":26508,"href":"https:\/\/www.ifbaiano.edu.br\/unidades\/santaines\/wp-json\/wp\/v2\/posts\/26506\/revisions\/26508"}],"wp:featuredmedia":[{"embeddable":true,"href":"https:\/\/www.ifbaiano.edu.br\/unidades\/santaines\/wp-json\/wp\/v2\/media\/26507"}],"wp:attachment":[{"href":"https:\/\/www.ifbaiano.edu.br\/unidades\/santaines\/wp-json\/wp\/v2\/media?parent=26506"}],"wp:term":[{"taxonomy":"category","embeddable":true,"href":"https:\/\/www.ifbaiano.edu.br\/unidades\/santaines\/wp-json\/wp\/v2\/categories?post=26506"},{"taxonomy":"post_tag","embeddable":true,"href":"https:\/\/www.ifbaiano.edu.br\/unidades\/santaines\/wp-json\/wp\/v2\/tags?post=26506"}],"curies":[{"name":"wp","href":"https:\/\/api.w.org\/{rel}","templated":true}]}}