{"id":26547,"date":"2025-12-11T16:05:47","date_gmt":"2025-12-11T19:05:47","guid":{"rendered":"https:\/\/www.ifbaiano.edu.br\/unidades\/santaines\/?p=26547"},"modified":"2025-12-11T16:05:48","modified_gmt":"2025-12-11T19:05:48","slug":"campus-santa-ines-abre-processo-seletivo-para-residencia-estudantil-em-2026","status":"publish","type":"post","link":"https:\/\/www.ifbaiano.edu.br\/unidades\/santaines\/campus-santa-ines-abre-processo-seletivo-para-residencia-estudantil-em-2026\/","title":{"rendered":"Campus Santa In\u00eas abre processo seletivo para Resid\u00eancia Estudantil em 2026"},"content":{"rendered":"\n<p>Para estudantes que sonham em cursar um dos Cursos T\u00e9cnicos integrados no IF Baiano \u2013 Campus Santa In\u00eas, mas moram em outra cidade ou em uma zona rural de dif\u00edcil acesso, essa \u00e9 uma not\u00edcia muito importante! O IF Baiano \u2013 Campus Santa In\u00eas lan\u00e7ou o <a href=\"https:\/\/www.ifbaiano.edu.br\/unidades\/santaines\/files\/2025\/12\/EDITAL-DE-PROCESSO-SELETIVO-PARA-RESIDENCIA-ESTUDANTIL-2026.pdf\">Edital n\u00ba 42\/2025<\/a> para selecionar novos moradores para a Resid\u00eancia Estudantil no ano letivo de 2026, <strong>agora com informa\u00e7\u00f5es atualizadas pela <a href=\"https:\/\/www.ifbaiano.edu.br\/unidades\/santaines\/files\/2025\/12\/EDITAL-DE-PROCESSO-SELETIVO-PARA-RESIDENCIA-ESTUDANTIL-2026-1.pdf\">Retifica\u00e7\u00e3o n\u00ba 47\/2025<\/a><\/strong>.<\/p>\n\n\n\n<p>A Resid\u00eancia \u00e9 um lugar dentro do pr\u00f3prio campus onde o estudante vive durante a semana para conseguir focar nos estudos, sem se preocupar com o deslocamento di\u00e1rio.<\/p>\n\n\n\n<h3 class=\"wp-block-heading\"><strong>O que a Resid\u00eancia oferece?<\/strong><\/h3>\n\n\n\n<p>Al\u00e9m da hospedagem, quem conquista a vaga tem direito a tr\u00eas refei\u00e7\u00f5es di\u00e1rias gratuitas: caf\u00e9 da manh\u00e3, almo\u00e7o e jantar. O objetivo \u00e9 garantir que o aluno tenha toda a estrutura necess\u00e1ria para permanecer na escola e concluir o curso com tranquilidade.<\/p>\n\n\n\n<h3 class=\"wp-block-heading\"><strong>Quem pode participar?<\/strong><\/h3>\n\n\n\n<p>Para concorrer a uma vaga, o estudante precisa atender a alguns requisitos principais:<\/p>\n\n\n\n<ul>\n<li>Estar regularmente matriculado em um Curso T\u00e9cnico Integrado ofertado pelo campus;<\/li>\n\n\n\n<li>Morar em outro estado ou munic\u00edpio que n\u00e3o tenha transporte escolar para o IF Baiano \u2013 Campus Santa In\u00eas;<\/li>\n\n\n\n<li>Ou morar na zona rural de Santa In\u00eas, em local sem transporte escolar regular.<\/li>\n<\/ul>\n\n\n\n<p>Ao todo, s\u00e3o ofertadas <strong>74 vagas<\/strong>, divididas da seguinte forma:<\/p>\n\n\n\n<ul>\n<li><strong>46 vagas para a Resid\u00eancia Feminina;<\/strong><\/li>\n\n\n\n<li><strong>28 vagas para a Resid\u00eancia Masculina.<\/strong><\/li>\n<\/ul>\n\n\n\n<p>A sele\u00e7\u00e3o dar\u00e1 prioridade a estudantes com menor renda (vulnerabilidade socioecon\u00f4mica), conforme as regras do edital.<br><strong>Com a retifica\u00e7\u00e3o, a sele\u00e7\u00e3o passa a ser realizada por meio de entrevista social presencial, na resid\u00eancia do estudante<\/strong>, seguindo cronograma que ser\u00e1 divulgado ap\u00f3s o resultado final das inscri\u00e7\u00f5es.<\/p>\n\n\n\n<h2 class=\"wp-block-heading\"><strong>Como fazer a inscri\u00e7\u00e3o?<\/strong><\/h2>\n\n\n\n<p>As inscri\u00e7\u00f5es s\u00e3o gratuitas e devem ser feitas exclusivamente por e-mail.<br><strong>Com a retifica\u00e7\u00e3o, o per\u00edodo de inscri\u00e7\u00e3o \u00e9 de 26 de dezembro de 2025 a 26 de janeiro de 2026.<\/strong><br>O estudante (ou seu respons\u00e1vel) deve enviar os documentos digitalizados em formato PDF para o endere\u00e7o: <strong><a>clae@si.ifbaiano.edu.br<\/a><\/strong>.<\/p>\n\n\n\n<h3 class=\"wp-block-heading\"><strong>Documentos necess\u00e1rios (Check-list):<\/strong><\/h3>\n\n\n\n<ul>\n<li>RG e CPF;<\/li>\n\n\n\n<li>Comprovante de matr\u00edcula no curso;<\/li>\n\n\n\n<li>Comprovante de resid\u00eancia atualizado (em nome do respons\u00e1vel);<\/li>\n\n\n\n<li>Espelho do CAD \u00danico (se tiver, serve para crit\u00e9rio de desempate);<\/li>\n\n\n\n<li><a href=\"https:\/\/www.ifbaiano.edu.br\/unidades\/santaines\/files\/2025\/12\/FICHA-DE-INSCRICAO-Residencia-Estudantil.pdf\">Ficha de Inscri\u00e7\u00e3o<\/a> preenchida e assinada.<\/li>\n<\/ul>\n\n\n\n<h2 class=\"wp-block-heading\"><strong>Fique atento \u00e0s novas datas (retificadas)!<\/strong><\/h2>\n\n\n\n<ul>\n<li><strong>Per\u00edodo de Inscri\u00e7\u00e3o:<\/strong> 26\/12\/2025 a 26\/01\/2026 (at\u00e9 meia-noite)<\/li>\n\n\n\n<li><strong>Resultado Preliminar das Inscri\u00e7\u00f5es:<\/strong> 27\/01\/2026<\/li>\n\n\n\n<li><strong>Interposi\u00e7\u00e3o de Recursos:<\/strong> 29\/01\/2026<\/li>\n\n\n\n<li><strong>Resultado da An\u00e1lise dos Recursos:<\/strong> 30\/01\/2026<\/li>\n\n\n\n<li><strong>Resultado Final das Inscri\u00e7\u00f5es + Divulga\u00e7\u00e3o do Cronograma de Visitas Domiciliares:<\/strong> 02\/02\/2026<\/li>\n\n\n\n<li><strong>Visitas domiciliares (entrevista social):<\/strong> 03 a 13\/02\/2026<\/li>\n\n\n\n<li><strong>Resultado Final da Sele\u00e7\u00e3o:<\/strong> 20\/02\/2026<\/li>\n<\/ul>\n\n\n\n<p>Em caso de d\u00favidas, voc\u00ea pode entrar em contato pelo WhatsApp da Coordena\u00e7\u00e3o de Assuntos Estudantis: <strong>(73) 98144-6257<\/strong>.<\/p>\n\n\n\n<hr class=\"wp-block-separator has-alpha-channel-opacity\" \/>\n","protected":false},"excerpt":{"rendered":"<p>Sele\u00e7\u00e3o oferta 74 vagas de moradia com alimenta\u00e7\u00e3o inclusa para estudantes que vivem em outras cidades ou na zona rural.<\/p>\n","protected":false},"author":86,"featured_media":26556,"comment_status":"closed","ping_status":"closed","sticky":false,"template":"","format":"standard","meta":[],"categories":[4,5,8,57],"tags":[],"_links":{"self":[{"href":"https:\/\/www.ifbaiano.edu.br\/unidades\/santaines\/wp-json\/wp\/v2\/posts\/26547"}],"collection":[{"href":"https:\/\/www.ifbaiano.edu.br\/unidades\/santaines\/wp-json\/wp\/v2\/posts"}],"about":[{"href":"https:\/\/www.ifbaiano.edu.br\/unidades\/santaines\/wp-json\/wp\/v2\/types\/post"}],"author":[{"embeddable":true,"href":"https:\/\/www.ifbaiano.edu.br\/unidades\/santaines\/wp-json\/wp\/v2\/users\/86"}],"replies":[{"embeddable":true,"href":"https:\/\/www.ifbaiano.edu.br\/unidades\/santaines\/wp-json\/wp\/v2\/comments?post=26547"}],"version-history":[{"count":4,"href":"https:\/\/www.ifbaiano.edu.br\/unidades\/santaines\/wp-json\/wp\/v2\/posts\/26547\/revisions"}],"predecessor-version":[{"id":26575,"href":"https:\/\/www.ifbaiano.edu.br\/unidades\/santaines\/wp-json\/wp\/v2\/posts\/26547\/revisions\/26575"}],"wp:featuredmedia":[{"embeddable":true,"href":"https:\/\/www.ifbaiano.edu.br\/unidades\/santaines\/wp-json\/wp\/v2\/media\/26556"}],"wp:attachment":[{"href":"https:\/\/www.ifbaiano.edu.br\/unidades\/santaines\/wp-json\/wp\/v2\/media?parent=26547"}],"wp:term":[{"taxonomy":"category","embeddable":true,"href":"https:\/\/www.ifbaiano.edu.br\/unidades\/santaines\/wp-json\/wp\/v2\/categories?post=26547"},{"taxonomy":"post_tag","embeddable":true,"href":"https:\/\/www.ifbaiano.edu.br\/unidades\/santaines\/wp-json\/wp\/v2\/tags?post=26547"}],"curies":[{"name":"wp","href":"https:\/\/api.w.org\/{rel}","templated":true}]}}