{"id":26557,"date":"2025-12-10T13:15:42","date_gmt":"2025-12-10T16:15:42","guid":{"rendered":"https:\/\/www.ifbaiano.edu.br\/unidades\/santaines\/?p=26557"},"modified":"2025-12-10T13:15:43","modified_gmt":"2025-12-10T16:15:43","slug":"if-baiano-campus-santa-ines-divulga-resultado-preliminar-de-classificacao-da-chamada-publica-para-bolsas-de-monitoria","status":"publish","type":"post","link":"https:\/\/www.ifbaiano.edu.br\/unidades\/santaines\/if-baiano-campus-santa-ines-divulga-resultado-preliminar-de-classificacao-da-chamada-publica-para-bolsas-de-monitoria\/","title":{"rendered":"IF Baiano \u2013 Campus Santa In\u00eas divulga resultado preliminar de classifica\u00e7\u00e3o da Chamada P\u00fablica para bolsas de monitoria"},"content":{"rendered":"\n<p>O Instituto Federal Baiano (IF Baiano) \u2013 Campus Santa In\u00eas tornou p\u00fablico, nesta quarta-feira (10), o <strong><a href=\"https:\/\/www.ifbaiano.edu.br\/unidades\/santaines\/files\/2025\/12\/Resultado_preliminar.pdf\">Resultado Preliminar de Classifica\u00e7\u00e3o<\/a><\/strong> referente \u00e0 <strong>Chamada P\u00fablica\/Edital n\u00ba 35\/2025<\/strong>, que seleciona estudantes para o Programa de Monitoria. O processo oferta <strong>07 (sete) bolsas remuneradas<\/strong>, al\u00e9m da forma\u00e7\u00e3o de <strong>cadastro de reserva<\/strong> para monitoria volunt\u00e1ria, com vig\u00eancia prevista de <strong>fevereiro de 2025 a dezembro de 2026<\/strong>.<\/p>\n\n\n\n<p>O resultado foi organizado em <strong>ordem decrescente de pontua\u00e7\u00e3o<\/strong>, conforme os crit\u00e9rios definidos no edital, e apresenta tamb\u00e9m a <strong>modalidade das bolsas<\/strong> atribu\u00eddas a cada estudante classificado(a).<\/p>\n\n\n\n<h2 class=\"wp-block-heading\">Distribui\u00e7\u00e3o das bolsas por modalidade<\/h2>\n\n\n\n<p>Conforme o edital, as bolsas foram distribu\u00eddas entre tr\u00eas n\u00edveis de cursos:<\/p>\n\n\n\n<h3 class=\"wp-block-heading\"><strong>Bacharelado em Zootecnia<\/strong><\/h3>\n\n\n\n<p>Foram classificados(as) candidatos(as) para vagas remuneradas e para o cadastro de reserva, de acordo com a an\u00e1lise dos itens previstos nos crit\u00e9rios de avalia\u00e7\u00e3o acad\u00eamica, rendimento escolar e nota na disciplina para a qual o estudante se candidatou.<\/p>\n\n\n\n<h3 class=\"wp-block-heading\"><strong>Licenciatura em Ci\u00eancias Biol\u00f3gicas<\/strong><\/h3>\n\n\n\n<p>A modalidade conta com uma bolsa remunerada e candidatos(as) classificados(as) para o cadastro de reserva, conforme desempenho acad\u00eamico.<\/p>\n\n\n\n<h3 class=\"wp-block-heading\"><strong>Ensino T\u00e9cnico Integrado ao Ensino M\u00e9dio<\/strong><\/h3>\n\n\n\n<p>Tr\u00eas bolsas remuneradas foram atribu\u00eddas a estudantes desta modalidade, sendo o restante dos(as) candidatos(as) inclu\u00eddo no cadastro de reserva, de acordo com a avalia\u00e7\u00e3o acad\u00eamica e nota na disciplina indicada pelo(a) estudante.<\/p>\n\n\n\n<h2 class=\"wp-block-heading\">Recursos<\/h2>\n\n\n\n<p>Conforme orienta\u00e7\u00f5es previstas no Edital n\u00ba 35\/2025, os(as) candidatos(as) que desejarem contestar o resultado poder\u00e3o <strong>interpor recurso dentro do prazo estipulado<\/strong> pela Chamada P\u00fablica. O recurso deve ser apresentado conforme instru\u00e7\u00f5es do edital, anexando documenta\u00e7\u00e3o comprobat\u00f3ria quando necess\u00e1rio.<\/p>\n\n\n\n<h2 class=\"wp-block-heading\">Pr\u00f3ximas etapas<\/h2>\n\n\n\n<p>Ap\u00f3s a an\u00e1lise dos recursos, ser\u00e1 publicado o <strong>resultado final de classifica\u00e7\u00e3o<\/strong>, que definir\u00e1 os(as) estudantes contemplados(as) com as bolsas e o cadastro de reserva. Em seguida, o campus iniciar\u00e1 os procedimentos administrativos para assinatura dos termos de compromisso e in\u00edcio das atividades de monitoria.<\/p>\n\n\n\n<hr class=\"wp-block-separator has-alpha-channel-opacity\" \/>\n\n\n\n<p>Leia outras mat\u00e9rias sobre esse Processo Seleitvo:<\/p>\n\n\n\n<ul>\n<li><a href=\"https:\/\/www.ifbaiano.edu.br\/unidades\/santaines\/campus-santa-ines-abre-selecao-para-bolsas-de-monitoria-confira-quem-pode-participar-como-se-inscrever-e-quais-sao-as-vagas-disponiveis\/\">Campus Santa In\u00eas abre sele\u00e7\u00e3o para bolsas de monitoria: confira quem pode participar, como se inscrever e quais s\u00e3o as vagas dispon\u00edveis<\/a><\/li>\n\n\n\n<li><a href=\"https:\/\/www.ifbaiano.edu.br\/unidades\/santaines\/if-baiano-campus-santa-ines-divulga-lista-de-inscricoes-homologadas-para-selecao-de-monitoria\/\">IF Baiano \u2013 Campus Santa In\u00eas divulga lista de inscri\u00e7\u00f5es homologadas para sele\u00e7\u00e3o de monitoria<\/a><\/li>\n\n\n\n<li><a href=\"https:\/\/www.ifbaiano.edu.br\/unidades\/santaines\/o-processo-seletivo-para-concessao-de-bolsas-de-monitoria-teve-seu-cronograma-estendido\/\">Processo seletivo para concess\u00e3o de bolsas de monitoria tem retifica\u00e7\u00f5es no edital<\/a><\/li>\n<\/ul>\n","protected":false},"excerpt":{"rendered":"<p>O Instituto Federal Baiano (IF Baiano) \u2013 Campus Santa In\u00eas tornou p\u00fablico, nesta quarta-feira (10), o Resultado Preliminar de Classifica\u00e7\u00e3o referente \u00e0 Chamada P\u00fablica\/Edital n\u00ba 35\/2025, que seleciona estudantes para o Programa de Monitoria. O processo oferta 07 (sete) bolsas remuneradas, al\u00e9m da forma\u00e7\u00e3o de cadastro de reserva para monitoria volunt\u00e1ria, com vig\u00eancia prevista de [&hellip;]<\/p>\n","protected":false},"author":86,"featured_media":26426,"comment_status":"closed","ping_status":"closed","sticky":false,"template":"","format":"standard","meta":[],"categories":[4,38,5,8,57],"tags":[],"_links":{"self":[{"href":"https:\/\/www.ifbaiano.edu.br\/unidades\/santaines\/wp-json\/wp\/v2\/posts\/26557"}],"collection":[{"href":"https:\/\/www.ifbaiano.edu.br\/unidades\/santaines\/wp-json\/wp\/v2\/posts"}],"about":[{"href":"https:\/\/www.ifbaiano.edu.br\/unidades\/santaines\/wp-json\/wp\/v2\/types\/post"}],"author":[{"embeddable":true,"href":"https:\/\/www.ifbaiano.edu.br\/unidades\/santaines\/wp-json\/wp\/v2\/users\/86"}],"replies":[{"embeddable":true,"href":"https:\/\/www.ifbaiano.edu.br\/unidades\/santaines\/wp-json\/wp\/v2\/comments?post=26557"}],"version-history":[{"count":1,"href":"https:\/\/www.ifbaiano.edu.br\/unidades\/santaines\/wp-json\/wp\/v2\/posts\/26557\/revisions"}],"predecessor-version":[{"id":26559,"href":"https:\/\/www.ifbaiano.edu.br\/unidades\/santaines\/wp-json\/wp\/v2\/posts\/26557\/revisions\/26559"}],"wp:featuredmedia":[{"embeddable":true,"href":"https:\/\/www.ifbaiano.edu.br\/unidades\/santaines\/wp-json\/wp\/v2\/media\/26426"}],"wp:attachment":[{"href":"https:\/\/www.ifbaiano.edu.br\/unidades\/santaines\/wp-json\/wp\/v2\/media?parent=26557"}],"wp:term":[{"taxonomy":"category","embeddable":true,"href":"https:\/\/www.ifbaiano.edu.br\/unidades\/santaines\/wp-json\/wp\/v2\/categories?post=26557"},{"taxonomy":"post_tag","embeddable":true,"href":"https:\/\/www.ifbaiano.edu.br\/unidades\/santaines\/wp-json\/wp\/v2\/tags?post=26557"}],"curies":[{"name":"wp","href":"https:\/\/api.w.org\/{rel}","templated":true}]}}