{"id":26560,"date":"2025-12-16T14:29:50","date_gmt":"2025-12-16T17:29:50","guid":{"rendered":"https:\/\/www.ifbaiano.edu.br\/unidades\/santaines\/?p=26560"},"modified":"2025-12-16T14:32:40","modified_gmt":"2025-12-16T17:32:40","slug":"if-baiano-campus-santa-ines-convoca-aprovados-para-matricula-nos-cursos-tecnicos-integrados-ingresso-2026","status":"publish","type":"post","link":"https:\/\/www.ifbaiano.edu.br\/unidades\/santaines\/if-baiano-campus-santa-ines-convoca-aprovados-para-matricula-nos-cursos-tecnicos-integrados-ingresso-2026\/","title":{"rendered":"Matr\u00edcula de candidatos aprovados nos Cursos T\u00e9cnicos Integrados (1\u00aa chamada) encerra dia 19"},"content":{"rendered":"\n<p>O Instituto Federal Baiano (IF Baiano) \u2013 Campus Santa In\u00eas publicou o <a href=\"https:\/\/www.ifbaiano.edu.br\/unidades\/santaines\/confira-o-resultado-final-do-prosel-2026-no-campus-santa-ines-e-saiba-como-garantir-sua-vaga\/\">edital de convoca\u00e7\u00e3o para a matr\u00edcula<\/a> dos candidatos aprovados no Processo Seletivo para ingresso no ano letivo de 2026. As vagas s\u00e3o destinadas aos cursos da Educa\u00e7\u00e3o Profissional T\u00e9cnica de N\u00edvel M\u00e9dio na modalidade Integrada (Ensino M\u00e9dio + T\u00e9cnico) em&nbsp;<strong>Agropecu\u00e1ria, Alimentos, Inform\u00e1tica e Zootecnia<\/strong>.<\/p>\n\n\n\n<p>Os candidatos e seus respons\u00e1veis devem ficar atentos, pois houve uma&nbsp;<strong>retifica\u00e7\u00e3o no cronograma<\/strong>.<\/p>\n\n\n\n<p><strong>Como e quando realizar a matr\u00edcula<\/strong><\/p>\n\n\n\n<p>Confira as datas e hor\u00e1rios da&nbsp;<strong>1\u00aa Chamada<\/strong>:<\/p>\n\n\n\n<ul>\n<li><strong>Per\u00edodo:<\/strong> A partir de 08 at\u00e9 19 de dezembro de 2025&nbsp;(dias \u00fateis)<\/li>\n\n\n\n<li><strong>Hor\u00e1rio:<\/strong>&nbsp;Das 08h \u00e0s 16h.<\/li>\n\n\n\n<li><strong>Local:<\/strong>&nbsp;Secretaria de Registros Acad\u00eamicos (SRA) do IF Baiano &#8211; Campus Santa In\u00eas (Rodovia BR 420 \u2013 KM 2,5, Santa In\u00eas\/Uba\u00edra \u2013 Bahia).<\/li>\n<\/ul>\n\n\n\n<p><strong>Quem deve comparecer?<\/strong><\/p>\n\n\n\n<p>O candidato se for maior de 18 anos ou respons\u00e1vel legal quando o candidato for menor de 18 anos ou, ainda, o procurador legalmente constitu\u00eddo.<\/p>\n\n\n\n<p><strong>Documenta\u00e7\u00e3o Necess\u00e1ria<\/strong><\/p>\n\n\n\n<p>Para efetivar a matr\u00edcula, \u00e9 necess\u00e1rio apresentar&nbsp;<strong>c\u00f3pias e originais<\/strong>&nbsp;de uma s\u00e9rie de documentos listados no item 2.2.1 do edital. Entre os principais est\u00e3o:<\/p>\n\n\n\n<ul>\n<li>Ficha de Matr\u00edcula devidamente preenchida (documento dispon\u00edvel no local de matr\u00edcula);<\/li>\n\n\n\n<li>Documento de Identifica\u00e7\u00e3o oficial com foto;<\/li>\n\n\n\n<li>CPF;<\/li>\n\n\n\n<li>Certid\u00e3o de nascimento ou casamento;<\/li>\n\n\n\n<li>Hist\u00f3rico Escolar e Certificado de Conclus\u00e3o do Ensino Fundamental; <\/li>\n\n\n\n<li>Comprovante de resid\u00eancia atualizado;<\/li>\n\n\n\n<li>RG e CPF do(a) respons\u00e1vel se o(a) candidato(a) for menor de 18 anos;<\/li>\n\n\n\n<li>02 fotos 3&#215;4 (iguais e recentes);<\/li>\n\n\n\n<li>Grupo sangu\u00edneo do sistema ABO e fator RH;<\/li>\n\n\n\n<li>Cart\u00e3o de vacina\u00e7\u00e3o constando vacina contra t\u00e9tano nos \u00faltimos dez anos, devidamente assinada pelo agente de sa\u00fade;<\/li>\n\n\n\n<li>Cart\u00e3o do SUS.<\/li>\n<\/ul>\n\n\n\n<p><strong>Aten\u00e7\u00e3o \u00e0s Cotas:<\/strong> Candidatos classificados no regime de cotas precisam apresentar, tamb\u00e9m, documenta\u00e7\u00e3o espec\u00edfica. Verificar essa documenta\u00e7\u00e3o no edital<\/p>\n\n\n\n<p><strong>Pr\u00f3ximas Chamadas<\/strong><\/p>\n\n\n\n<p>Caso as vagas n\u00e3o sejam preenchidas na primeira etapa, o campus realizar\u00e1 novas convoca\u00e7\u00f5es:<\/p>\n\n\n\n<ul>\n<li><strong>2\u00aa Chamada:<\/strong>&nbsp;Divulga\u00e7\u00e3o da lista em 22\/12\/2025, com matr\u00edculas entre 05 e 09 de janeiro de 2026.<\/li>\n\n\n\n<li><strong>Chamada P\u00fablica:<\/strong>&nbsp;Divulga\u00e7\u00e3o das vagas remanescentes em 14\/01\/2026 e reuni\u00e3o presencial para matr\u00edcula no dia 26\/01\/2026.<\/li>\n<\/ul>\n\n\n\n<p>Recomendamos fortemente a leitura completa do&nbsp;<strong><a href=\"https:\/\/ingresso.ifbaiano.edu.br\/wp-content\/uploads\/2025\/08\/EDITAL-No-41_2025-Edital-de-Matriculas-PROSEL-2026.pdf\">Edital n\u00ba 41\/2025<\/a><\/strong>&nbsp;e do&nbsp;<strong><a href=\"https:\/\/ingresso.ifbaiano.edu.br\/wp-content\/uploads\/2025\/08\/EDITAL-DE-RETIFICACAO-No-46-Matricula-Cursos-Tecnicos-Integrados.pdf\">Edital de Retifica\u00e7\u00e3o n\u00ba 46\/2025<\/a><\/strong>&nbsp;para conferir a lista completa de documentos e regras. <\/p>\n\n\n\n<p>Em caso de d\u00favidas, envie e-mail para&nbsp;<em><a rel=\"noreferrer noopener\" href=\"https:\/\/www.google.com\/url?sa=E&amp;q=mailto%3Asecretaria%40si.ifbaiano.edu.br\" target=\"_blank\">secretaria@si.ifbaiano.edu.br<\/a><\/em>.<\/p>\n\n\n\n<hr class=\"wp-block-separator has-alpha-channel-opacity\" \/>\n","protected":false},"excerpt":{"rendered":"<p>Candidatos aprovados no Processo Seletivo devem atentar-se ao novo cronograma e \u00e0 documenta\u00e7\u00e3o exigida.<\/p>\n","protected":false},"author":86,"featured_media":26086,"comment_status":"closed","ping_status":"closed","sticky":false,"template":"","format":"standard","meta":[],"categories":[4,13,5,8,57],"tags":[],"_links":{"self":[{"href":"https:\/\/www.ifbaiano.edu.br\/unidades\/santaines\/wp-json\/wp\/v2\/posts\/26560"}],"collection":[{"href":"https:\/\/www.ifbaiano.edu.br\/unidades\/santaines\/wp-json\/wp\/v2\/posts"}],"about":[{"href":"https:\/\/www.ifbaiano.edu.br\/unidades\/santaines\/wp-json\/wp\/v2\/types\/post"}],"author":[{"embeddable":true,"href":"https:\/\/www.ifbaiano.edu.br\/unidades\/santaines\/wp-json\/wp\/v2\/users\/86"}],"replies":[{"embeddable":true,"href":"https:\/\/www.ifbaiano.edu.br\/unidades\/santaines\/wp-json\/wp\/v2\/comments?post=26560"}],"version-history":[{"count":9,"href":"https:\/\/www.ifbaiano.edu.br\/unidades\/santaines\/wp-json\/wp\/v2\/posts\/26560\/revisions"}],"predecessor-version":[{"id":26662,"href":"https:\/\/www.ifbaiano.edu.br\/unidades\/santaines\/wp-json\/wp\/v2\/posts\/26560\/revisions\/26662"}],"wp:featuredmedia":[{"embeddable":true,"href":"https:\/\/www.ifbaiano.edu.br\/unidades\/santaines\/wp-json\/wp\/v2\/media\/26086"}],"wp:attachment":[{"href":"https:\/\/www.ifbaiano.edu.br\/unidades\/santaines\/wp-json\/wp\/v2\/media?parent=26560"}],"wp:term":[{"taxonomy":"category","embeddable":true,"href":"https:\/\/www.ifbaiano.edu.br\/unidades\/santaines\/wp-json\/wp\/v2\/categories?post=26560"},{"taxonomy":"post_tag","embeddable":true,"href":"https:\/\/www.ifbaiano.edu.br\/unidades\/santaines\/wp-json\/wp\/v2\/tags?post=26560"}],"curies":[{"name":"wp","href":"https:\/\/api.w.org\/{rel}","templated":true}]}}