{"id":26578,"date":"2025-12-11T16:15:00","date_gmt":"2025-12-11T19:15:00","guid":{"rendered":"https:\/\/www.ifbaiano.edu.br\/unidades\/santaines\/?p=26578"},"modified":"2025-12-11T16:15:01","modified_gmt":"2025-12-11T19:15:01","slug":"jaif-2025-comeca-nesta-quinta-11-em-ribeira-do-pombal","status":"publish","type":"post","link":"https:\/\/www.ifbaiano.edu.br\/unidades\/santaines\/jaif-2025-comeca-nesta-quinta-11-em-ribeira-do-pombal\/","title":{"rendered":"JAIF 2025 come\u00e7a nesta quinta (11) em Ribeira do Pombal"},"content":{"rendered":"\n<figure class=\"wp-block-image\"><img decoding=\"async\" src=\"https:\/\/ifbaiano.edu.br\/portal\/wp-content\/uploads\/2025\/12\/8099-jaif.webp\" alt=\"\" class=\"wp-image-37527\" \/><\/figure>\n\n\n\n<p>O IF Baiano realiza, a partir desta quinta-feira, 11, a primeira edi\u00e7\u00e3o dos Jogos Acad\u00eamicos do IF Baiano (JAIF\/2025), em Ribeira do Pombal. A cerim\u00f4nia de abertura est\u00e1 marcada para as 19h, na Pra\u00e7a da Juventude, e as competi\u00e7\u00f5es acontecem na sexta-feira (12) e no s\u00e1bado (13), reunindo estudantes dos cursos superiores e subsequentes.<\/p>\n\n\n\n<p>Realizado pela primeira vez, o JAIF nasce com o objetivo de passar a integrar, de forma permanente, o calend\u00e1rio esportivo institucional, ampliando o espa\u00e7o de conviv\u00eancia, integra\u00e7\u00e3o e protagonismo estudantil tamb\u00e9m para as turmas dos cursos subsequentes e das gradua\u00e7\u00f5es.<\/p>\n\n\n\n<p><strong>Modalidades e locais de competi\u00e7\u00e3o (Ribeira do Pombal)<\/strong><\/p>\n\n\n\n<ul>\n<li>Futsal masculino: CETEP<\/li>\n\n\n\n<li>Futsal feminino: Quadra do Alto do Santo Ant\u00f4nio<\/li>\n\n\n\n<li>Futv\u00f4lei: Pra\u00e7a da Juventude<\/li>\n\n\n\n<li>Voleibol (misto): Pra\u00e7a da Juventude<\/li>\n\n\n\n<li>V\u00f4lei de praia (masculino): Pra\u00e7a da Juventude<\/li>\n\n\n\n<li>Baleado: Quadra do Pescador<\/li>\n\n\n\n<li>Xadrez e domin\u00f3: Secretaria de Educa\u00e7\u00e3o (sorteio na hora da competi\u00e7\u00e3o)<\/li>\n<\/ul>\n\n\n\n<p>A programa\u00e7\u00e3o completa, com hor\u00e1rios e confrontos, est\u00e1 dispon\u00edvel\u00a0<a rel=\"noreferrer noopener\" href=\"https:\/\/eventos.ifbaiano.edu.br\/portal\/jogos-academicos-do-if-baiano-2025\/\" target=\"_blank\">no site do JAIF 2025<\/a>.<\/p>\n\n\n\n<hr class=\"wp-block-separator has-alpha-channel-opacity\" \/>\n","protected":false},"excerpt":{"rendered":"<p>O IF Baiano realiza, a partir desta quinta-feira, 11, a primeira edi\u00e7\u00e3o dos Jogos Acad\u00eamicos do IF Baiano (JAIF\/2025), em Ribeira do Pombal. A cerim\u00f4nia de abertura est\u00e1 marcada para as 19h, na Pra\u00e7a da Juventude, e as competi\u00e7\u00f5es acontecem na sexta-feira (12) e no s\u00e1bado (13), reunindo estudantes dos cursos superiores e subsequentes. Realizado [&hellip;]<\/p>\n","protected":false},"author":86,"featured_media":26579,"comment_status":"closed","ping_status":"closed","sticky":false,"template":"","format":"standard","meta":[],"categories":[4,5,57],"tags":[],"_links":{"self":[{"href":"https:\/\/www.ifbaiano.edu.br\/unidades\/santaines\/wp-json\/wp\/v2\/posts\/26578"}],"collection":[{"href":"https:\/\/www.ifbaiano.edu.br\/unidades\/santaines\/wp-json\/wp\/v2\/posts"}],"about":[{"href":"https:\/\/www.ifbaiano.edu.br\/unidades\/santaines\/wp-json\/wp\/v2\/types\/post"}],"author":[{"embeddable":true,"href":"https:\/\/www.ifbaiano.edu.br\/unidades\/santaines\/wp-json\/wp\/v2\/users\/86"}],"replies":[{"embeddable":true,"href":"https:\/\/www.ifbaiano.edu.br\/unidades\/santaines\/wp-json\/wp\/v2\/comments?post=26578"}],"version-history":[{"count":1,"href":"https:\/\/www.ifbaiano.edu.br\/unidades\/santaines\/wp-json\/wp\/v2\/posts\/26578\/revisions"}],"predecessor-version":[{"id":26580,"href":"https:\/\/www.ifbaiano.edu.br\/unidades\/santaines\/wp-json\/wp\/v2\/posts\/26578\/revisions\/26580"}],"wp:featuredmedia":[{"embeddable":true,"href":"https:\/\/www.ifbaiano.edu.br\/unidades\/santaines\/wp-json\/wp\/v2\/media\/26579"}],"wp:attachment":[{"href":"https:\/\/www.ifbaiano.edu.br\/unidades\/santaines\/wp-json\/wp\/v2\/media?parent=26578"}],"wp:term":[{"taxonomy":"category","embeddable":true,"href":"https:\/\/www.ifbaiano.edu.br\/unidades\/santaines\/wp-json\/wp\/v2\/categories?post=26578"},{"taxonomy":"post_tag","embeddable":true,"href":"https:\/\/www.ifbaiano.edu.br\/unidades\/santaines\/wp-json\/wp\/v2\/tags?post=26578"}],"curies":[{"name":"wp","href":"https:\/\/api.w.org\/{rel}","templated":true}]}}