{"id":26581,"date":"2025-12-11T16:17:53","date_gmt":"2025-12-11T19:17:53","guid":{"rendered":"https:\/\/www.ifbaiano.edu.br\/unidades\/santaines\/?p=26581"},"modified":"2025-12-11T16:17:54","modified_gmt":"2025-12-11T19:17:54","slug":"if-baiano-manifesta-preocupacao-com-proposta-de-rsc-para-taes-no-pl-no-6-170-2025","status":"publish","type":"post","link":"https:\/\/www.ifbaiano.edu.br\/unidades\/santaines\/if-baiano-manifesta-preocupacao-com-proposta-de-rsc-para-taes-no-pl-no-6-170-2025\/","title":{"rendered":"IF Baiano manifesta preocupa\u00e7\u00e3o com proposta de RSC para TAEs no PL n\u00ba 6.170\/2025"},"content":{"rendered":"\n<p>O Instituto Federal de Educa\u00e7\u00e3o, Ci\u00eancia e Tecnologia Baiano (IF Baiano), integrante da Rede Federal de Educa\u00e7\u00e3o Profissional, Cient\u00edfica e Tecnol\u00f3gica, reafirma que a valoriza\u00e7\u00e3o das servidoras e dos servidores, com carreira e remunera\u00e7\u00e3o justas, \u00e9 condi\u00e7\u00e3o essencial para o fortalecimento da educa\u00e7\u00e3o p\u00fablica.<\/p>\n\n\n\n<p>No contexto desse compromisso, o IF Baiano acompanha com preocupa\u00e7\u00e3o o Projeto de Lei n.\u00ba 6.170\/2025, em especial o dispositivo que trata da implementa\u00e7\u00e3o do Reconhecimento de Saberes e Compet\u00eancias (RSC) para os T\u00e9cnico-Administrativos em Educa\u00e7\u00e3o (TAEs), manifestando discord\u00e2ncia em rela\u00e7\u00e3o \u00e0 forma como o tema foi ali tratado.<\/p>\n\n\n\n<p>Na reda\u00e7\u00e3o apresentada, a proposta legislativa n\u00e3o considera aspectos fundamentais do Termo de Acordo n\u00ba 11\/2024, firmado entre o Governo Federal e as entidades sindicais ap\u00f3s o movimento de greve de 2024.<\/p>\n\n\n\n<p>O texto tamb\u00e9m desconsidera o trabalho constru\u00eddo de forma coletiva, transparente e democr\u00e1tica pelo Grupo de Trabalho da Comiss\u00e3o Nacional de Supervis\u00e3o da Carreira dos Cargos T\u00e9cnico-Administrativos em Educa\u00e7\u00e3o (CNS), institu\u00eddo pelo Minist\u00e9rio da Educa\u00e7\u00e3o (MEC) em conjunto com entidades sindicais.<\/p>\n\n\n\n<p>Diante do exposto, o IF Baiano defende a retomada do di\u00e1logo e a revis\u00e3o do Projeto de Lei n.\u00ba 6.170\/2025, de modo que o trecho referente ao RSC recupere a reda\u00e7\u00e3o originalmente constru\u00edda pela CNS.<\/p>\n\n\n\n<p>O IF Baiano reafirma, por fim, seu compromisso com a valoriza\u00e7\u00e3o das servidoras e dos servidores e com processos de constru\u00e7\u00e3o coletiva, transparente e democr\u00e1tica.<\/p>\n\n\n\n<hr class=\"wp-block-separator has-alpha-channel-opacity\" \/>\n","protected":false},"excerpt":{"rendered":"<p>O Instituto Federal de Educa\u00e7\u00e3o, Ci\u00eancia e Tecnologia Baiano (IF Baiano), integrante da Rede Federal de Educa\u00e7\u00e3o Profissional, Cient\u00edfica e Tecnol\u00f3gica, reafirma que a valoriza\u00e7\u00e3o das servidoras e dos servidores, com carreira e remunera\u00e7\u00e3o justas, \u00e9 condi\u00e7\u00e3o essencial para o fortalecimento da educa\u00e7\u00e3o p\u00fablica. No contexto desse compromisso, o IF Baiano acompanha com preocupa\u00e7\u00e3o o [&hellip;]<\/p>\n","protected":false},"author":86,"featured_media":26582,"comment_status":"closed","ping_status":"closed","sticky":false,"template":"","format":"standard","meta":[],"categories":[4,5,57],"tags":[],"_links":{"self":[{"href":"https:\/\/www.ifbaiano.edu.br\/unidades\/santaines\/wp-json\/wp\/v2\/posts\/26581"}],"collection":[{"href":"https:\/\/www.ifbaiano.edu.br\/unidades\/santaines\/wp-json\/wp\/v2\/posts"}],"about":[{"href":"https:\/\/www.ifbaiano.edu.br\/unidades\/santaines\/wp-json\/wp\/v2\/types\/post"}],"author":[{"embeddable":true,"href":"https:\/\/www.ifbaiano.edu.br\/unidades\/santaines\/wp-json\/wp\/v2\/users\/86"}],"replies":[{"embeddable":true,"href":"https:\/\/www.ifbaiano.edu.br\/unidades\/santaines\/wp-json\/wp\/v2\/comments?post=26581"}],"version-history":[{"count":1,"href":"https:\/\/www.ifbaiano.edu.br\/unidades\/santaines\/wp-json\/wp\/v2\/posts\/26581\/revisions"}],"predecessor-version":[{"id":26583,"href":"https:\/\/www.ifbaiano.edu.br\/unidades\/santaines\/wp-json\/wp\/v2\/posts\/26581\/revisions\/26583"}],"wp:featuredmedia":[{"embeddable":true,"href":"https:\/\/www.ifbaiano.edu.br\/unidades\/santaines\/wp-json\/wp\/v2\/media\/26582"}],"wp:attachment":[{"href":"https:\/\/www.ifbaiano.edu.br\/unidades\/santaines\/wp-json\/wp\/v2\/media?parent=26581"}],"wp:term":[{"taxonomy":"category","embeddable":true,"href":"https:\/\/www.ifbaiano.edu.br\/unidades\/santaines\/wp-json\/wp\/v2\/categories?post=26581"},{"taxonomy":"post_tag","embeddable":true,"href":"https:\/\/www.ifbaiano.edu.br\/unidades\/santaines\/wp-json\/wp\/v2\/tags?post=26581"}],"curies":[{"name":"wp","href":"https:\/\/api.w.org\/{rel}","templated":true}]}}