{"id":26584,"date":"2025-12-12T12:16:20","date_gmt":"2025-12-12T15:16:20","guid":{"rendered":"https:\/\/www.ifbaiano.edu.br\/unidades\/santaines\/?p=26584"},"modified":"2025-12-12T12:19:01","modified_gmt":"2025-12-12T15:19:01","slug":"if-baiano-campus-santa-ines-divulga-resultado-final-da-selecao-de-monitorias-academicas","status":"publish","type":"post","link":"https:\/\/www.ifbaiano.edu.br\/unidades\/santaines\/if-baiano-campus-santa-ines-divulga-resultado-final-da-selecao-de-monitorias-academicas\/","title":{"rendered":"IF Baiano \u2013 Campus Santa In\u00eas divulga resultado final da sele\u00e7\u00e3o de monitorias acad\u00eamicas"},"content":{"rendered":"\n<p>O IF Baiano \u2013 Campus Santa In\u00eas publicou o <a href=\"https:\/\/www.ifbaiano.edu.br\/unidades\/santaines\/files\/2025\/12\/Resultado_Final_Monitoria.pdf\">resultado final<\/a> da classifica\u00e7\u00e3o dos candidatos \u00e0s monitorias de disciplinas, conforme o\u00a0<strong><a href=\"https:\/\/www.ifbaiano.edu.br\/unidades\/santaines\/files\/2025\/11\/EDITAL-PROCESSO-SELETIVO-PARA-CONCESSAO-DE-BOLSAS-DE-MONITORIA.pdf\">Edital n\u00ba 35\/2025<\/a><\/strong>, de 24 de novembro de 2025. A lista definitiva, gerada pelo Sistema Unificado de Administra\u00e7\u00e3o P\u00fablica (SUAP), apresenta os estudantes classificados em ordem decrescente de pontua\u00e7\u00e3o, indicando tamb\u00e9m os contemplados com bolsas e aqueles que integrar\u00e3o o cadastro para monitoria volunt\u00e1ria.<\/p>\n\n\n\n<p>A sele\u00e7\u00e3o abrangeu cursos do Bacharelado em Zootecnia, da Licenciatura em Ci\u00eancias Biol\u00f3gicas e dos Cursos T\u00e9cnicos Integrados ao Ensino M\u00e9dio. A avalia\u00e7\u00e3o considerou crit\u00e9rios como \u00edndice de rendimento acad\u00eamico, nota na disciplina relacionada \u00e0 monitoria e pontua\u00e7\u00f5es definidas pelo edital.<\/p>\n\n\n\n<p>Os candidatos classificados com bolsa foram distribu\u00eddos de acordo com as modalidades previstas, enquanto os demais comp\u00f5em o cadastro de reserva para atua\u00e7\u00e3o volunt\u00e1ria, caso haja necessidade.<\/p>\n\n\n\n<p>A Comiss\u00e3o Organizadora refor\u00e7a que o documento final, emitido pelo SUAP, cont\u00e9m todas as informa\u00e7\u00f5es oficiais e pode ser consultado no arquivo disponibilizado junto a esta publica\u00e7\u00e3o.<\/p>\n\n\n\n<p>Em caso de d\u00favidas, os estudantes podem entrar em contato com a Coordena\u00e7\u00e3o respons\u00e1vel pelo processo seletivo.<\/p>\n\n\n\n<hr class=\"wp-block-separator has-alpha-channel-opacity\" \/>\n\n\n\n<p>Leia outras mat\u00e9rias sobre esse Processo Seleitvo:<\/p>\n\n\n\n<ul>\n<li><a href=\"https:\/\/www.ifbaiano.edu.br\/unidades\/santaines\/campus-santa-ines-abre-selecao-para-bolsas-de-monitoria-confira-quem-pode-participar-como-se-inscrever-e-quais-sao-as-vagas-disponiveis\/\">Campus Santa In\u00eas abre sele\u00e7\u00e3o para bolsas de monitoria: confira quem pode participar, como se inscrever e quais s\u00e3o as vagas dispon\u00edveis<\/a><\/li>\n\n\n\n<li><a href=\"https:\/\/www.ifbaiano.edu.br\/unidades\/santaines\/if-baiano-campus-santa-ines-divulga-lista-de-inscricoes-homologadas-para-selecao-de-monitoria\/\">IF Baiano \u2013 Campus Santa In\u00eas divulga lista de inscri\u00e7\u00f5es homologadas para sele\u00e7\u00e3o de monitoria<\/a><\/li>\n\n\n\n<li><a href=\"https:\/\/www.ifbaiano.edu.br\/unidades\/santaines\/o-processo-seletivo-para-concessao-de-bolsas-de-monitoria-teve-seu-cronograma-estendido\/\">Processo seletivo para concess\u00e3o de bolsas de monitoria tem retifica\u00e7\u00f5es no edital<\/a><\/li>\n\n\n\n<li><a href=\"https:\/\/www.ifbaiano.edu.br\/unidades\/santaines\/if-baiano-campus-santa-ines-divulga-resultado-preliminar-de-classificacao-da-chamada-publica-para-bolsas-de-monitoria\/\">IF Baiano \u2013 Campus Santa In\u00eas divulga resultado preliminar de classifica\u00e7\u00e3o da Chamada P\u00fablica para bolsas de monitoria<\/a><\/li>\n<\/ul>\n","protected":false},"excerpt":{"rendered":"<p>O IF Baiano \u2013 Campus Santa In\u00eas publicou o resultado final da classifica\u00e7\u00e3o dos candidatos \u00e0s monitorias de disciplinas, conforme o\u00a0Edital n\u00ba 35\/2025, de 24 de novembro de 2025. A lista definitiva, gerada pelo Sistema Unificado de Administra\u00e7\u00e3o P\u00fablica (SUAP), apresenta os estudantes classificados em ordem decrescente de pontua\u00e7\u00e3o, indicando tamb\u00e9m os contemplados com bolsas [&hellip;]<\/p>\n","protected":false},"author":86,"featured_media":26426,"comment_status":"closed","ping_status":"closed","sticky":false,"template":"","format":"standard","meta":[],"categories":[4,38,5,8,57],"tags":[],"_links":{"self":[{"href":"https:\/\/www.ifbaiano.edu.br\/unidades\/santaines\/wp-json\/wp\/v2\/posts\/26584"}],"collection":[{"href":"https:\/\/www.ifbaiano.edu.br\/unidades\/santaines\/wp-json\/wp\/v2\/posts"}],"about":[{"href":"https:\/\/www.ifbaiano.edu.br\/unidades\/santaines\/wp-json\/wp\/v2\/types\/post"}],"author":[{"embeddable":true,"href":"https:\/\/www.ifbaiano.edu.br\/unidades\/santaines\/wp-json\/wp\/v2\/users\/86"}],"replies":[{"embeddable":true,"href":"https:\/\/www.ifbaiano.edu.br\/unidades\/santaines\/wp-json\/wp\/v2\/comments?post=26584"}],"version-history":[{"count":2,"href":"https:\/\/www.ifbaiano.edu.br\/unidades\/santaines\/wp-json\/wp\/v2\/posts\/26584\/revisions"}],"predecessor-version":[{"id":26591,"href":"https:\/\/www.ifbaiano.edu.br\/unidades\/santaines\/wp-json\/wp\/v2\/posts\/26584\/revisions\/26591"}],"wp:featuredmedia":[{"embeddable":true,"href":"https:\/\/www.ifbaiano.edu.br\/unidades\/santaines\/wp-json\/wp\/v2\/media\/26426"}],"wp:attachment":[{"href":"https:\/\/www.ifbaiano.edu.br\/unidades\/santaines\/wp-json\/wp\/v2\/media?parent=26584"}],"wp:term":[{"taxonomy":"category","embeddable":true,"href":"https:\/\/www.ifbaiano.edu.br\/unidades\/santaines\/wp-json\/wp\/v2\/categories?post=26584"},{"taxonomy":"post_tag","embeddable":true,"href":"https:\/\/www.ifbaiano.edu.br\/unidades\/santaines\/wp-json\/wp\/v2\/tags?post=26584"}],"curies":[{"name":"wp","href":"https:\/\/api.w.org\/{rel}","templated":true}]}}