{"id":26710,"date":"2025-12-22T06:57:16","date_gmt":"2025-12-22T09:57:16","guid":{"rendered":"https:\/\/www.ifbaiano.edu.br\/unidades\/santaines\/?p=26710"},"modified":"2025-12-22T06:57:17","modified_gmt":"2025-12-22T09:57:17","slug":"campus-santa-ines-publicou-resultado-final-do-processo-seletivo-cursos-tecnicos-subsequentes-ead","status":"publish","type":"post","link":"https:\/\/www.ifbaiano.edu.br\/unidades\/santaines\/campus-santa-ines-publicou-resultado-final-do-processo-seletivo-cursos-tecnicos-subsequentes-ead\/","title":{"rendered":"Campus Santa In\u00eas publicou resultado final do processo seletivo &#8211; Cursos T\u00e9cnicos Subsequentes &#8211; EAD"},"content":{"rendered":"\n<p>O Instituto Federal de Educa\u00e7\u00e3o, Ci\u00eancia e Tecnologia Baiano (IF Baiano) \u2013 Campus Santa In\u00eas publicou, na \u00faltima quinta-feira (18), as listas de <a href=\"https:\/\/ingresso.ifbaiano.edu.br\/concursos\/subsequente-ead-santa-ines-2026\/\">resultado final do Processo Seletivo<\/a> para ingresso nos cursos t\u00e9cnicos subsequentes ao Ensino M\u00e9dio, na modalidade de Educa\u00e7\u00e3o a Dist\u00e2ncia (EAD).<\/p>\n\n\n\n<p>As listagens contemplam os candidatos convocados para matr\u00edcula e aqueles que ficaram na lista de espera para os cursos de\u00a0<strong>Secretaria Escolar<\/strong>, <strong>Multimeios Did\u00e1ticos<\/strong> e <strong>Vendas<\/strong>, nos polos <strong><a href=\"https:\/\/ingresso.ifbaiano.edu.br\/wp-content\/uploads\/2025\/10\/Resultado-Final-PROSEL-Santa-Ines.pdf\">Santa In\u00eas<\/a><\/strong>\u00a0e\u00a0<strong><a href=\"https:\/\/ingresso.ifbaiano.edu.br\/wp-content\/uploads\/2025\/10\/Resultado-Final-PROSEL-Maracas.pdf\">Marac\u00e1s<\/a><\/strong>.<\/p>\n\n\n\n<h3 class=\"wp-block-heading\"><strong>Fui aprovado, e agora?<\/strong><\/h3>\n\n\n\n<p>O candidato que consta na lista com o resultado\u00a0<strong>&#8220;APROVADO&#8221;<\/strong> j\u00e1 pode providenciar a documenta\u00e7\u00e3o exigida para matr\u00edcula <a href=\"https:\/\/ingresso.ifbaiano.edu.br\/wp-content\/uploads\/2025\/10\/EditalNo-31-2025-DE-21-DE-OUTUBRO-DE-2025.pdf\">que consta no item 9.7 do edital<\/a>, que inclui, al\u00e9m de documentos adicionais para candidatos aprovados em vagas espec\u00edficas:<\/p>\n\n\n\n<ul>\n<li>Documento de identifica\u00e7\u00e3o com foto e CPF;<\/li>\n\n\n\n<li>Hist\u00f3rico Escolar e Certificado de Conclus\u00e3o do Ensino M\u00e9dio;<\/li>\n\n\n\n<li>Certid\u00e3o de nascimento<\/li>\n\n\n\n<li>T\u00edtulo de eleitor e comprovante de quita\u00e7\u00e3o eleitoral;<\/li>\n\n\n\n<li>Comprovante de resid\u00eancia<\/li>\n\n\n\n<li>Fotos 3&#215;4<\/li>\n\n\n\n<li>RG e CPF do(a) respons\u00e1vel (se o(a) candidato(a) for menor de 18 anos)<\/li>\n<\/ul>\n\n\n\n<p>O Edital de matr\u00edculas ser\u00e1 publicado em breve. Nele est\u00e3o descritos todos os procedimentos a seguir para a efetiva\u00e7\u00e3o da matr\u00edcula.<\/p>\n\n\n\n<h3 class=\"wp-block-heading\"><strong>Candidatos em lista de espera<\/strong><\/h3>\n\n\n\n<p>Para os candidatos em <strong>&#8220;EM ESPERA&#8221;<\/strong>, a orienta\u00e7\u00e3o \u00e9 acompanhar atentamente as publica\u00e7\u00f5es no site oficial do Campus. Caso as vagas dos candidatos aprovados n\u00e3o sejam preenchidas, o IF Baiano poder\u00e1 realizar uma segunda chamada seguindo rigorosamente a ordem de classifica\u00e7\u00e3o.<\/p>\n\n\n\n<h3 class=\"wp-block-heading\"><strong>D\u00favidas?<\/strong><\/h3>\n\n\n\n<p>O candidato deve acessar a <a href=\"https:\/\/ingresso.ifbaiano.edu.br\/concursos\/subsequente-ead-santa-ines-2026\/\">P\u00e1gina de Ingresso<\/a> para consultar documentos do Processo Seletivo e, em caso de d\u00favidas, encaminhar e-mail para <strong><a rel=\"noreferrer noopener\" href=\"https:\/\/www.google.com\/url?sa=E&amp;q=mailto%3Aprosel%40si.ifbaiano.edu.br\" target=\"_blank\">prosel@si.ifbaiano.edu.br<\/a><\/strong>.<\/p>\n\n\n\n<hr class=\"wp-block-separator has-alpha-channel-opacity\" \/>\n","protected":false},"excerpt":{"rendered":"<p>O Instituto Federal de Educa\u00e7\u00e3o, Ci\u00eancia e Tecnologia Baiano (IF Baiano) \u2013 Campus Santa In\u00eas publicou, na \u00faltima quinta-feira (18), as listas de resultado final do Processo Seletivo para ingresso nos cursos t\u00e9cnicos subsequentes ao Ensino M\u00e9dio, na modalidade de Educa\u00e7\u00e3o a Dist\u00e2ncia (EAD). As listagens contemplam os candidatos convocados para matr\u00edcula e aqueles que [&hellip;]<\/p>\n","protected":false},"author":86,"featured_media":26055,"comment_status":"closed","ping_status":"closed","sticky":false,"template":"","format":"standard","meta":[],"categories":[4,5,8,57],"tags":[],"_links":{"self":[{"href":"https:\/\/www.ifbaiano.edu.br\/unidades\/santaines\/wp-json\/wp\/v2\/posts\/26710"}],"collection":[{"href":"https:\/\/www.ifbaiano.edu.br\/unidades\/santaines\/wp-json\/wp\/v2\/posts"}],"about":[{"href":"https:\/\/www.ifbaiano.edu.br\/unidades\/santaines\/wp-json\/wp\/v2\/types\/post"}],"author":[{"embeddable":true,"href":"https:\/\/www.ifbaiano.edu.br\/unidades\/santaines\/wp-json\/wp\/v2\/users\/86"}],"replies":[{"embeddable":true,"href":"https:\/\/www.ifbaiano.edu.br\/unidades\/santaines\/wp-json\/wp\/v2\/comments?post=26710"}],"version-history":[{"count":1,"href":"https:\/\/www.ifbaiano.edu.br\/unidades\/santaines\/wp-json\/wp\/v2\/posts\/26710\/revisions"}],"predecessor-version":[{"id":26711,"href":"https:\/\/www.ifbaiano.edu.br\/unidades\/santaines\/wp-json\/wp\/v2\/posts\/26710\/revisions\/26711"}],"wp:featuredmedia":[{"embeddable":true,"href":"https:\/\/www.ifbaiano.edu.br\/unidades\/santaines\/wp-json\/wp\/v2\/media\/26055"}],"wp:attachment":[{"href":"https:\/\/www.ifbaiano.edu.br\/unidades\/santaines\/wp-json\/wp\/v2\/media?parent=26710"}],"wp:term":[{"taxonomy":"category","embeddable":true,"href":"https:\/\/www.ifbaiano.edu.br\/unidades\/santaines\/wp-json\/wp\/v2\/categories?post=26710"},{"taxonomy":"post_tag","embeddable":true,"href":"https:\/\/www.ifbaiano.edu.br\/unidades\/santaines\/wp-json\/wp\/v2\/tags?post=26710"}],"curies":[{"name":"wp","href":"https:\/\/api.w.org\/{rel}","templated":true}]}}