{"id":26712,"date":"2025-12-22T07:38:57","date_gmt":"2025-12-22T10:38:57","guid":{"rendered":"https:\/\/www.ifbaiano.edu.br\/unidades\/santaines\/?p=26712"},"modified":"2025-12-22T07:38:58","modified_gmt":"2025-12-22T10:38:58","slug":"if-baiano-campus-santa-ines-convoca-candidatos-para-matricula-nos-cursos-tecnicos-integrados-2a-chamada","status":"publish","type":"post","link":"https:\/\/www.ifbaiano.edu.br\/unidades\/santaines\/if-baiano-campus-santa-ines-convoca-candidatos-para-matricula-nos-cursos-tecnicos-integrados-2a-chamada\/","title":{"rendered":"IF Baiano &#8211; Campus Santa In\u00eas convoca candidatos para matr\u00edcula nos Cursos T\u00e9cnicos Integrados &#8211; 2\u00aa chamada"},"content":{"rendered":"\n<p>O Instituto Federal de Educa\u00e7\u00e3o, Ci\u00eancia e Tecnologia Baiano (IF Baiano) \u2013 Campus Santa In\u00eas publicou a convoca\u00e7\u00e3o da <strong><a href=\"https:\/\/ingresso.ifbaiano.edu.br\/wp-content\/uploads\/2025\/08\/CONVOCACAO-2a-CHAMADA-PARA-MATRICULA-PROSEL-2026.pdf\">segunda chamada<\/a><\/strong> para matr\u00edcula dos candidatos aprovados via lista de espera no Processo Seletivo para os Cursos T\u00e9cnicos Integrados ao Ensino M\u00e9dio (<a href=\"https:\/\/ingresso.ifbaiano.edu.br\/wp-content\/uploads\/2025\/08\/Edital-no-26-Cursos-Tecnicos-Integrados-Santa-Ines.pdf\">Edital n\u00ba 26\/2025<\/a>).<\/p>\n\n\n\n<p>A convoca\u00e7\u00e3o contempla novos estudantes para os cursos  t\u00e9cnicos integrados em <strong>Agropecu\u00e1ria<\/strong>, <strong>Alimentos<\/strong>,<strong>  Inform\u00e1tica <\/strong>e <strong>Zootecnia<\/strong>. Os candidatos que aparecem com o status &#8220;APROVADO&#8221; na lista atualizada j\u00e1 est\u00e3o aptos a garantir sua vaga.<\/p>\n\n\n\n<h3 class=\"wp-block-heading\"><strong>Datas e Hor\u00e1rios<\/strong><\/h3>\n\n\n\n<p>As matr\u00edculas dever\u00e3o ser realizadas presencialmente no Campus Santa In\u00eas no per\u00edodo de 05 a 09 de janeiro de 2026, das 08h \u00e0s 13h.<\/p>\n\n\n\n<h3 class=\"wp-block-heading\"><strong>Documenta\u00e7\u00e3o Necess\u00e1ria<\/strong><\/h3>\n\n\n\n<p>Para efetivar a matr\u00edcula, o candidato (ou seu respons\u00e1vel legal, no caso de menores de 18 anos) deve apresentar a documenta\u00e7\u00e3o completa descrita no <a href=\"https:\/\/ingresso.ifbaiano.edu.br\/wp-content\/uploads\/2025\/08\/EDITAL-No-41_2025-Edital-de-Matriculas-PROSEL-2026.pdf\">Edital de matr\u00edcula<\/a>. Entre os itens obrigat\u00f3rios, destacam-se:<\/p>\n\n\n\n<ul>\n<li>Documento de identifica\u00e7\u00e3o oficial com foto e CPF;<\/li>\n\n\n\n<li>Hist\u00f3rico Escolar de conclus\u00e3o do Ensino Fundamental (original e c\u00f3pia);<\/li>\n\n\n\n<li>Comprovante de resid\u00eancia atualizado;<\/li>\n\n\n\n<li>Fotos 3&#215;4 recentes;<\/li>\n\n\n\n<li>Documentos espec\u00edficos para candidatos convocados pelas cotas (reserva de vagas).<\/li>\n<\/ul>\n\n\n\n<h3 class=\"wp-block-heading\"><strong>D\u00favidas e Canais de Atendimento<\/strong><\/h3>\n\n\n\n<p>A comiss\u00e3o organizadora refor\u00e7a que \u00e9 responsabilidade do candidato o acompanhamento dos prazos. Em caso de d\u00favidas sobre a documenta\u00e7\u00e3o ou o procedimento, os interessados podem entrar em contato pelos canais oficiais:<\/p>\n\n\n\n<ul>\n<li><strong>Telefone\/WhatsApp:<\/strong>(73) 98180-1269<\/li>\n\n\n\n<li><strong>E-mail:<\/strong>\u00a0<a rel=\"noreferrer noopener\" href=\"https:\/\/www.google.com\/url?sa=E&amp;q=mailto%3Aprosel%40si.ifbaiano.edu.br\" target=\"_blank\">prosel@si.ifbaiano.edu.br<\/a><\/li>\n<\/ul>\n\n\n\n<hr class=\"wp-block-separator has-alpha-channel-opacity\" \/>\n\n\n\n<p><\/p>\n","protected":false},"excerpt":{"rendered":"<p>Candidatos em lista de espera para os cursos t\u00e9cnicos em Agropecu\u00e1ria, Alimentos, Inform\u00e1tica e Zootecnia devem realizar matr\u00edcula entre os dias 5 e 9 de janeiro de 2026.<\/p>\n","protected":false},"author":86,"featured_media":26086,"comment_status":"closed","ping_status":"closed","sticky":false,"template":"","format":"standard","meta":[],"categories":[4,5,8,57],"tags":[],"_links":{"self":[{"href":"https:\/\/www.ifbaiano.edu.br\/unidades\/santaines\/wp-json\/wp\/v2\/posts\/26712"}],"collection":[{"href":"https:\/\/www.ifbaiano.edu.br\/unidades\/santaines\/wp-json\/wp\/v2\/posts"}],"about":[{"href":"https:\/\/www.ifbaiano.edu.br\/unidades\/santaines\/wp-json\/wp\/v2\/types\/post"}],"author":[{"embeddable":true,"href":"https:\/\/www.ifbaiano.edu.br\/unidades\/santaines\/wp-json\/wp\/v2\/users\/86"}],"replies":[{"embeddable":true,"href":"https:\/\/www.ifbaiano.edu.br\/unidades\/santaines\/wp-json\/wp\/v2\/comments?post=26712"}],"version-history":[{"count":1,"href":"https:\/\/www.ifbaiano.edu.br\/unidades\/santaines\/wp-json\/wp\/v2\/posts\/26712\/revisions"}],"predecessor-version":[{"id":26713,"href":"https:\/\/www.ifbaiano.edu.br\/unidades\/santaines\/wp-json\/wp\/v2\/posts\/26712\/revisions\/26713"}],"wp:featuredmedia":[{"embeddable":true,"href":"https:\/\/www.ifbaiano.edu.br\/unidades\/santaines\/wp-json\/wp\/v2\/media\/26086"}],"wp:attachment":[{"href":"https:\/\/www.ifbaiano.edu.br\/unidades\/santaines\/wp-json\/wp\/v2\/media?parent=26712"}],"wp:term":[{"taxonomy":"category","embeddable":true,"href":"https:\/\/www.ifbaiano.edu.br\/unidades\/santaines\/wp-json\/wp\/v2\/categories?post=26712"},{"taxonomy":"post_tag","embeddable":true,"href":"https:\/\/www.ifbaiano.edu.br\/unidades\/santaines\/wp-json\/wp\/v2\/tags?post=26712"}],"curies":[{"name":"wp","href":"https:\/\/api.w.org\/{rel}","templated":true}]}}