{"id":26719,"date":"2026-01-05T18:41:07","date_gmt":"2026-01-05T21:41:07","guid":{"rendered":"https:\/\/www.ifbaiano.edu.br\/unidades\/santaines\/?p=26719"},"modified":"2026-01-05T18:41:07","modified_gmt":"2026-01-05T21:41:07","slug":"campus-santa-ines-inicia-matriculas-de-candidatos-classificados-nos-cursos-ead-para-o-ano-letivo-de-2026","status":"publish","type":"post","link":"https:\/\/www.ifbaiano.edu.br\/unidades\/santaines\/campus-santa-ines-inicia-matriculas-de-candidatos-classificados-nos-cursos-ead-para-o-ano-letivo-de-2026\/","title":{"rendered":"Campus Santa In\u00eas inicia matr\u00edculas de candidatos classificados nos cursos EaD para o ano letivo de 2026"},"content":{"rendered":"\n<p>O Instituto Federal Baiano (IF Baiano) \u2013 Campus Santa In\u00eas\u00a0publicou <a href=\"https:\/\/ingresso.ifbaiano.edu.br\/wp-content\/uploads\/2025\/10\/edital_matricula.pdf\">edital<\/a> com procedimentos para matr\u00edcula de candidatos classificados para os cursos t\u00e9cnicos a dist\u00e2ncia (Secretaria Escolar, Multimeios Did\u00e1ticos e Vendas). A matr\u00edcula ser\u00e1 realizada pela Internet no per\u00edodo de 12 a 14 de janeiro de 2026 atrav\u00e9s do <a href=\"https:\/\/balcaodigital.ifrn.edu.br\/\">balc\u00e3o digital<\/a>.<\/p>\n\n\n\n<p>Os candidatos precisam ficar atentos aos procedimentos e prazos especificados no <a href=\"https:\/\/ingresso.ifbaiano.edu.br\/wp-content\/uploads\/2025\/10\/edital_matricula.pdf\">edital<\/a>.<\/p>\n\n\n\n<ul>\n<li><strong>Per\u00edodo de Matr\u00edcula: <\/strong>De 12 a 14 de janeiro de 2026.<\/li>\n\n\n\n<li><strong>\u00daltimo dia para envio dos documentos pendentes:<\/strong> 15 de janeiro.<\/li>\n\n\n\n<li><strong>Resultado final das matr\u00edculas: <\/strong>19 de janeiro<\/li>\n<\/ul>\n\n\n\n<p>Para realizar a matr\u00edcula o candidato deve entrar no site <a href=\"https:\/\/balcaodigital.ifrn.edu.br\/\">balc\u00e3o digital<\/a>, fazer o login no gov.br\/login, escolher a institui\u00e7\u00e3o:<strong> &#8220;IF BAIANO &#8211; Instituto Federal Baiano&#8221;<\/strong> preencher todas as informa\u00e7\u00f5es e enviar.<\/p>\n\n\n\n<p>Caso o candidato n\u00e3o tenha acesso \u00e0 internet, pode ir presencialmente ao Campus Santa In\u00eas (na Secretaria de Registros Acad\u00eamicos &#8211; SRA) para fazer o procedimento nos mesmos dias.<\/p>\n\n\n\n<p><strong>Documentos<\/strong><\/p>\n\n\n\n<p>O Candidato precisar\u00e1 digitalizar (pode ser foto bem n\u00edtida ou scanner) os seguintes documentos que devem estar leg\u00edveis:<\/p>\n\n\n\n<p><strong>Para TODOS os candidatos (Ampla Concorr\u00eancia e Cotas):<\/strong><\/p>\n\n\n\n<ul>\n<li><strong>Documento de Identidade (RG)<\/strong><\/li>\n\n\n\n<li><strong>Certid\u00e3o de Nascimento <\/strong>ou Casamento<\/li>\n\n\n\n<li><strong>Hist\u00f3rico Escolar <\/strong>e <strong>Certificado de Conclus\u00e3o <\/strong>do Ensino M\u00e9dio<\/li>\n\n\n\n<li><strong>RG e CPF<\/strong> do(a) respons\u00e1vel (se o(a) candidato(a) for menor de 18 anos);<\/li>\n\n\n\n<li><strong>foto 3&#215;4<\/strong>&nbsp;recente (pode ser uma selfie de rosto, com fundo neutro, estilo 3&#215;4).<\/li>\n\n\n\n<li><strong>Certid\u00e3o de Quita\u00e7\u00e3o Eleitoral:<\/strong>&nbsp;Para maiores de 18 anos (baixe no <a href=\"https:\/\/www.tse.jus.br\/servicos-eleitorais\/autoatendimento-eleitoral#\/?id=1765984639016\">site do TSE<\/a>).<\/li>\n\n\n\n<li><strong>Certificado Militar:<\/strong>&nbsp;Apenas para homens maiores de 18 anos.<\/li>\n\n\n\n<li><strong>Comprovante de Resid\u00eancia<\/strong>&nbsp;(n\u00e3o obrigat\u00f3rio, mas recomendado ter em m\u00e3os).<\/li>\n<\/ul>\n\n\n\n<p><strong>Aten\u00e7\u00e3o para as COTAS<\/strong><\/p>\n\n\n\n<p>O candidato que tenha realizado a inscri\u00e7\u00e3o por cotas (escola p\u00fablica, renda, pretos, pardos, ind\u00edgenas ou pessoas com defici\u00eancia), precisar\u00e1 enviar documentos extras, como autodeclara\u00e7\u00f5es e comprovantes de renda.<\/p>\n\n\n\n<p><em>Aten\u00e7\u00e3o! O candidato deve consultar os anexos do <a href=\"https:\/\/ingresso.ifbaiano.edu.br\/wp-content\/uploads\/2025\/10\/edital_matricula.pdf\">Edital<\/a><\/em> <em>para ver os formul\u00e1rios espec\u00edficos (Anexos I, II e III).<\/em><\/p>\n\n\n\n<p><strong>E depois de enviar?<\/strong><\/p>\n\n\n\n<p>O candidato deve acompanhar os tr\u00e2mites seguintes. N\u00e3o basta s\u00f3 enviar e esquecer. \u00c9 necess\u00e1rio entrar no sistema novamente nos dias seguintes. Se estiver tudo certo, aparecer\u00e1 como&nbsp;<strong>&#8220;ATENDIDO&#8221;<\/strong>. Se houver <strong>VERMELHO<\/strong>&nbsp;o candidato receber\u00e1 um aviso. Neste caso, ter\u00e1 que entrar no sistema e corrigir o documento <strong>at\u00e9 o dia&nbsp;15 de janeiro<\/strong>.<\/p>\n\n\n\n<p><strong>Candidatos em lista de espera<\/strong><\/p>\n\n\n\n<p>Os candidatos que ficaram na lista <strong>&#8220;Em Espera&#8221;<\/strong>&nbsp;devem ficar atentos \u00e0s pr\u00f3ximas chamadas:<\/p>\n\n\n\n<ul>\n<li><strong>2\u00aa Chamada:<\/strong>&nbsp;Ser\u00e1 divulgada no dia&nbsp;<strong>19 de janeiro de 2026<\/strong>.<\/li>\n\n\n\n<li><strong>3\u00aa Chamada:<\/strong>&nbsp;Ser\u00e1 divulgada no dia&nbsp;<strong>03 de fevereiro de 2026<\/strong>.<\/li>\n<\/ul>\n\n\n\n<p><strong>D\u00favidas?<\/strong><\/p>\n\n\n\n<p>Em caso de d\u00favidas o candidato deve entrar em contato atrav\u00e9s do e-mail da SRA <a href=\"mailto:secretaria@si.ifbaiano.edu.br\">secretaria@si.ifbaiano.edu.br<\/a> ou, caso tenha problemas com o sistema, procurar ajuda presencialmente na SRA do campus que fica situado na BR 420, km 2,5 (Santa In\u00eas &#8211; Uba\u00edra).<\/p>\n\n\n\n<hr class=\"wp-block-separator has-alpha-channel-opacity\" \/>\n","protected":false},"excerpt":{"rendered":"<p>O Instituto Federal Baiano (IF Baiano) \u2013 Campus Santa In\u00eas\u00a0publicou edital com procedimentos para matr\u00edcula de candidatos classificados para os cursos t\u00e9cnicos a dist\u00e2ncia (Secretaria Escolar, Multimeios Did\u00e1ticos e Vendas). A matr\u00edcula ser\u00e1 realizada pela Internet no per\u00edodo de 12 a 14 de janeiro de 2026 atrav\u00e9s do balc\u00e3o digital. Os candidatos precisam ficar atentos [&hellip;]<\/p>\n","protected":false},"author":86,"featured_media":26723,"comment_status":"closed","ping_status":"closed","sticky":false,"template":"","format":"standard","meta":[],"categories":[4,5,57],"tags":[],"_links":{"self":[{"href":"https:\/\/www.ifbaiano.edu.br\/unidades\/santaines\/wp-json\/wp\/v2\/posts\/26719"}],"collection":[{"href":"https:\/\/www.ifbaiano.edu.br\/unidades\/santaines\/wp-json\/wp\/v2\/posts"}],"about":[{"href":"https:\/\/www.ifbaiano.edu.br\/unidades\/santaines\/wp-json\/wp\/v2\/types\/post"}],"author":[{"embeddable":true,"href":"https:\/\/www.ifbaiano.edu.br\/unidades\/santaines\/wp-json\/wp\/v2\/users\/86"}],"replies":[{"embeddable":true,"href":"https:\/\/www.ifbaiano.edu.br\/unidades\/santaines\/wp-json\/wp\/v2\/comments?post=26719"}],"version-history":[{"count":2,"href":"https:\/\/www.ifbaiano.edu.br\/unidades\/santaines\/wp-json\/wp\/v2\/posts\/26719\/revisions"}],"predecessor-version":[{"id":26724,"href":"https:\/\/www.ifbaiano.edu.br\/unidades\/santaines\/wp-json\/wp\/v2\/posts\/26719\/revisions\/26724"}],"wp:featuredmedia":[{"embeddable":true,"href":"https:\/\/www.ifbaiano.edu.br\/unidades\/santaines\/wp-json\/wp\/v2\/media\/26723"}],"wp:attachment":[{"href":"https:\/\/www.ifbaiano.edu.br\/unidades\/santaines\/wp-json\/wp\/v2\/media?parent=26719"}],"wp:term":[{"taxonomy":"category","embeddable":true,"href":"https:\/\/www.ifbaiano.edu.br\/unidades\/santaines\/wp-json\/wp\/v2\/categories?post=26719"},{"taxonomy":"post_tag","embeddable":true,"href":"https:\/\/www.ifbaiano.edu.br\/unidades\/santaines\/wp-json\/wp\/v2\/tags?post=26719"}],"curies":[{"name":"wp","href":"https:\/\/api.w.org\/{rel}","templated":true}]}}