{"id":26728,"date":"2026-01-14T14:51:07","date_gmt":"2026-01-14T17:51:07","guid":{"rendered":"https:\/\/www.ifbaiano.edu.br\/unidades\/santaines\/?p=26728"},"modified":"2026-01-14T14:51:08","modified_gmt":"2026-01-14T17:51:08","slug":"if-baiano-campus-santa-ines-convoca-candidatos-para-chamada-publica-do-processo-seletivo-2025","status":"publish","type":"post","link":"https:\/\/www.ifbaiano.edu.br\/unidades\/santaines\/if-baiano-campus-santa-ines-convoca-candidatos-para-chamada-publica-do-processo-seletivo-2025\/","title":{"rendered":"IF Baiano Campus Santa In\u00eas convoca candidatos para Chamada P\u00fablica do Processo Seletivo 2025"},"content":{"rendered":"\n<p>O Instituto Federal Baiano (IF Baiano) \u2013 Campus Santa In\u00eas tornou p\u00fablica, nesta quarta-feira (14), a lista de candidatos convocados para a\u00a0<strong><a href=\"https:\/\/ingresso.ifbaiano.edu.br\/wp-content\/uploads\/2025\/08\/Convocacao-para-Chamada-Publica.pdf\">Chamada P\u00fablica<\/a><\/strong>\u00a0referente ao Edital n\u00ba 26\/2025, que rege o processo seletivo para ingresso de estudantes nos Cursos T\u00e9cnicos Integrados ao Ensino M\u00e9dio.<\/p>\n\n\n\n<p>A Chamada P\u00fablica ser\u00e1 realizada conforme <a href=\"https:\/\/ingresso.ifbaiano.edu.br\/wp-content\/uploads\/2025\/08\/EDITAL-No-41_2025-Edital-de-Matriculas-PROSEL-2026.pdf\">Edital de Matr\u00edcula<\/a> publicado no Site do Processo Seletivo do  IF Baiano. Nesta etapa, o campus convoca candidatos classificados para o preenchimento de vagas, especificamente para o curso de\u00a0<strong>Zootecnia<\/strong>, conforme a <a href=\"https:\/\/ingresso.ifbaiano.edu.br\/wp-content\/uploads\/2025\/08\/Convocacao-para-Chamada-Publica.pdf\">lista de habilita\u00e7\u00e3o<\/a> divulgada. <\/p>\n\n\n\n<h3 class=\"wp-block-heading\">Data, Hor\u00e1rio e Local<\/h3>\n\n\n\n<p>A reuni\u00e3o ser\u00e1 realizada de forma presencial no dia&nbsp;<strong>26 de janeiro de 2026 (segunda-feira)<\/strong>.<\/p>\n\n\n\n<ul>\n<li><strong>Hor\u00e1rio:<\/strong>\u00a009h30 (hor\u00e1rio oficial).<\/li>\n\n\n\n<li><strong>Local:<\/strong>&nbsp;Audit\u00f3rio do Campus Santa In\u00eas, localizado na Rodovia BR 420 \u2013 KM 2,5 \u2013 Santa In\u00eas\/Uba\u00edra \u2013 Bahia.<\/li>\n<\/ul>\n\n\n\n<h3 class=\"wp-block-heading\">Aten\u00e7\u00e3o \u00e0 Pontualidade<\/h3>\n\n\n\n<p>De acordo com as orienta\u00e7\u00f5es do edital, os candidatos convocados devem comparecer impreterivelmente at\u00e9 o hor\u00e1rio marcado (09h30).&nbsp;<strong>Ap\u00f3s este hor\u00e1rio, o candidato que n\u00e3o estiver presente perder\u00e1 o direito de pleitear a vaga<\/strong>, que ser\u00e1 ofertada ao pr\u00f3ximo candidato da lista de classifica\u00e7\u00e3o presente na sess\u00e3o.<\/p>\n\n\n\n<h3 class=\"wp-block-heading\">Matr\u00edcula e Documenta\u00e7\u00e3o<\/h3>\n\n\n\n<p>A Chamada P\u00fablica seguir\u00e1 as normas do Edital de Matr\u00edcula publicado no site oficial do processo seletivo. \u00c9 fundamental que o candidato (ou seu respons\u00e1vel legal, em caso de menores de 18 anos) esteja de posse de toda a documenta\u00e7\u00e3o exigida para a efetiva\u00e7\u00e3o da matr\u00edcula, caso seja selecionado durante a sess\u00e3o.<\/p>\n\n\n\n<h3 class=\"wp-block-heading\">D\u00favidas e Informa\u00e7\u00f5es<\/h3>\n\n\n\n<p>O IF Baiano disponibiliza canais de atendimento para sanar d\u00favidas dos candidatos:<\/p>\n\n\n\n<ul>\n<li><strong>Telefone\/WhatsApp:<\/strong>&nbsp;(73) 98180-1269<\/li>\n\n\n\n<li><strong>E-mail:<\/strong>&nbsp;<a target=\"_blank\" href=\"https:\/\/www.google.com\/url?sa=E&amp;q=mailto%3Aprosel%40si.ifbaiano.edu.br\" rel=\"noreferrer noopener\">prosel@si.ifbaiano.edu.br<\/a><\/li>\n<\/ul>\n\n\n\n<p>A lista completa com os nomes dos convocados e a ordem de classifica\u00e7\u00e3o (AC, LI_EP e LB_EP) pode ser consultada no <a href=\"https:\/\/ingresso.ifbaiano.edu.br\/concursos\/integrado-santa-ines-2026\/\">portal de ingresso do IF Baiano<\/a>.<\/p>\n\n\n\n<hr class=\"wp-block-separator has-alpha-channel-opacity\" \/>\n","protected":false},"excerpt":{"rendered":"<p>A reuni\u00e3o presencial ocorrer\u00e1 no dia 26 de janeiro de 2026, \u00e0s 09h30; pontualidade \u00e9 requisito obrigat\u00f3rio para garantir o direito \u00e0 vaga.<\/p>\n","protected":false},"author":86,"featured_media":26086,"comment_status":"closed","ping_status":"closed","sticky":false,"template":"","format":"standard","meta":[],"categories":[4,13,5,8,57],"tags":[],"_links":{"self":[{"href":"https:\/\/www.ifbaiano.edu.br\/unidades\/santaines\/wp-json\/wp\/v2\/posts\/26728"}],"collection":[{"href":"https:\/\/www.ifbaiano.edu.br\/unidades\/santaines\/wp-json\/wp\/v2\/posts"}],"about":[{"href":"https:\/\/www.ifbaiano.edu.br\/unidades\/santaines\/wp-json\/wp\/v2\/types\/post"}],"author":[{"embeddable":true,"href":"https:\/\/www.ifbaiano.edu.br\/unidades\/santaines\/wp-json\/wp\/v2\/users\/86"}],"replies":[{"embeddable":true,"href":"https:\/\/www.ifbaiano.edu.br\/unidades\/santaines\/wp-json\/wp\/v2\/comments?post=26728"}],"version-history":[{"count":1,"href":"https:\/\/www.ifbaiano.edu.br\/unidades\/santaines\/wp-json\/wp\/v2\/posts\/26728\/revisions"}],"predecessor-version":[{"id":26729,"href":"https:\/\/www.ifbaiano.edu.br\/unidades\/santaines\/wp-json\/wp\/v2\/posts\/26728\/revisions\/26729"}],"wp:featuredmedia":[{"embeddable":true,"href":"https:\/\/www.ifbaiano.edu.br\/unidades\/santaines\/wp-json\/wp\/v2\/media\/26086"}],"wp:attachment":[{"href":"https:\/\/www.ifbaiano.edu.br\/unidades\/santaines\/wp-json\/wp\/v2\/media?parent=26728"}],"wp:term":[{"taxonomy":"category","embeddable":true,"href":"https:\/\/www.ifbaiano.edu.br\/unidades\/santaines\/wp-json\/wp\/v2\/categories?post=26728"},{"taxonomy":"post_tag","embeddable":true,"href":"https:\/\/www.ifbaiano.edu.br\/unidades\/santaines\/wp-json\/wp\/v2\/tags?post=26728"}],"curies":[{"name":"wp","href":"https:\/\/api.w.org\/{rel}","templated":true}]}}